{"id":9994,"date":"2021-12-02T11:05:17","date_gmt":"2021-12-02T10:05:17","guid":{"rendered":"https:\/\/planet-randy.com\/blog\/?p=9994"},"modified":"2021-12-04T11:07:04","modified_gmt":"2021-12-04T10:07:04","slug":"nach-der-wahl-wird-deutschland-queerfreundlicher","status":"publish","type":"post","link":"https:\/\/planet-randy.com\/blog\/nach-der-wahl-wird-deutschland-queerfreundlicher\/","title":{"rendered":"Nach der Wahl: wird Deutschland queerfreundlicher?"},"content":{"rendered":"<h2>Wird Deutschland jetzt Nach der Wahl eigentlich auch\u00a0queerfreundlicher?<\/h2>\n<p>Zumindest jede\/r, der\/ die sich auch nur ein wenig f\u00fcr Politik interessiert, d\u00fcrfte sich direkt nach der Wahl (oder vielleicht auch schon fr\u00fcher) gefragt haben, was sich nun im Land \u00e4ndern wird. Vor allem die Queer Community, die schon seit Jahrzehnten f\u00fcr mehr Gleichberechtigung k\u00e4mpft, aber auch schon den ein oder anderen R\u00fcckschlag in Kauf nehmen musste, d\u00fcrfte gespannt sein, was die Ampel Koalition in Bezug auf LGBTQI+ Themen plant.<\/p>\n<p>Nun, da der Koalitionsvertrag quasi druckfisch fertig ist, k\u00f6nnen viele Fragen hierzu beantwortet werden. Positiv wurde schon bemerkt, dass das Thema \u201e<em>Queerness<\/em>\u201c eine wichtige Rolle zu spielen scheint. Gleichwohl sind jedoch auch viele Mitglieder der Meinung, dass an der ein oder anderen Stelle durchaus noch \u201e<em>Luft nach oben<\/em>\u201c ist.<\/p>\n<p>Die folgenden Abschnitte geben einen kleinen \u00dcberblick dar\u00fcber, welche Lichtblicke und welche m\u00f6glichen \u201e<em>Baustellen<\/em>\u201c der neue Koalitionsvertrag bietet.<\/p>\n<p><img fetchpriority=\"high\" decoding=\"async\" class=\"alignnone size-full wp-image-9995\" src=\"https:\/\/planet-randy.com\/blog\/wp-content\/uploads\/2021\/12\/deutschland-lgbtqi-reiseziel-100__v-img__16__9__l_-1dc0e8f74459dd04c91a0d45af4972b9069f1135.png\" alt=\"Nach der Wahl: wird Deutschland queerfreundlicher?\" width=\"606\" height=\"341\" srcset=\"https:\/\/planet-randy.com\/blog\/wp-content\/uploads\/2021\/12\/deutschland-lgbtqi-reiseziel-100__v-img__16__9__l_-1dc0e8f74459dd04c91a0d45af4972b9069f1135.png 606w, https:\/\/planet-randy.com\/blog\/wp-content\/uploads\/2021\/12\/deutschland-lgbtqi-reiseziel-100__v-img__16__9__l_-1dc0e8f74459dd04c91a0d45af4972b9069f1135-200x113.png 200w\" sizes=\"(max-width: 606px) 100vw, 606px\" \/><\/p>\n<h3>Punkt Nr. 1: Ein Verbot von Diskriminierung<\/h3>\n<p>Festgelegt wurde unter anderem, dass der Gleichbehandlungsartikel im Grundgesetz angepasst werden soll. Hier soll explizit eingef\u00fchrt werden, dass es verboten ist, Menschen wegen ihrer sexuellen Identit\u00e4t zu diskriminieren. Weiterhin soll der Begriff \u201e<em>Rasse<\/em>\u201c ersetzt werden.<\/p>\n<p>Einige Aktivisten und Organisationen hatten gefordert, im Rahmen des Gleichbehandlungsartikels solle zuk\u00fcnftig von der \u201e<em>sexuellen und geschlechtlichen Identit\u00e4t<\/em>\u201c Identit\u00e4t gesprochen werden. Die Formulierung w\u00e4re so noch umfangreicher und detailreicher geworden. Daher ist davon auszugehen, dass die Neuerung einigen Mitgliedern der Community nicht weit genug gehen wird.<\/p>\n<h4><strong>Punkt Nr. 2: Ein Aktionsplan<\/strong><\/h4>\n<p>Frei nach dem Motto: \u201e<em>Auf Worte sollten auf Taten folgen!<\/em>\u201c, wurde im Koalitionsplan ebenfalls festgehalten, dass ein nationaler Aktionsplan ins Leben gerufen werden soll. Dieser soll sich f\u00fcr die Akzeptanz und den Schutz von sexueller und geschlechtlicher Vielfalt einsetzen. Wichtige Punkte beziehen sich in diesem Zusammenhang unter anderem auf den Bereich der Aufkl\u00e4rung und die Kommunikation mit Jugendlichen, zum Beispiel in Schulen. Zudem soll mit Hilfe des Aktionsplans bewirkt werden, dass sich die Situation f\u00fcr queere Arbeitnehmer in Unternehmen verbessert. Statistiken und Umfragen aus der Vergangenheit haben immer wieder gezeigt, dass sich viele Menschen in ihrem beruflichen Umfeld nicht sicher (oder zumindest nicht wohl) f\u00fchlen.<\/p>\n<p>Allein die genannten Beispiele zeigen, dass sich der Aktionsplan auf die unterschiedlichsten Bereiche bezieht und versucht, viele Probleme im Kern \u2013 wie zum Beispiel durch Aufkl\u00e4rungsarbeit \u2013 anzugehen.<\/p>\n<p>Besonders interessant ist in diesem Zusammenhang auch, dass die meisten Bundesl\u00e4nder bereits \u00fcber einen solchen Plan verfolgen. Dass das Ganze jedoch nun auch zus\u00e4tzlich auf Bundesebene in Angriff genommen wird, zeigt jetzt aber, dass sich offenbar gerade noch ein wenig mehr in die richtige Richtung bewegt.<\/p>\n<p>Ein weiterer, wichtiger Bestandteil des Aktionsplanes sind es \u00fcbrigens auch, die Antidiskriminierungsstelle zu st\u00e4rken.<\/p>\n<h5><strong>Punkt Nr. 3: Die Rechte von Regenbogenfamilien<\/strong><\/h5>\n<p>Hierbei handelt es sich um eine Frage, die nicht nur in Deutschland, sondern unter anderem auch aktuell in der Schweiz gestellt wird: Wie k\u00f6nnen die Rechte von Regenbogenfamilien weiter gest\u00e4rkt werden?<\/p>\n<p>Laut Koalitionsvertrag soll der Fokus in der n\u00e4heren Zukunft unter anderem auf dem Kampf gegen die Diskriminierung von Familien mit gleichgeschlechtlichen Eltern und einer Optimierung des Abstammungsrechts liegen. Von Letzterem w\u00e4ren dann haupts\u00e4chlich Frauen betroffen. Das Ziel: Wird ein Kind in eine Frau-Frau Ehe geboren, sind \u2013 wenn nichts anderes vereinbart wurde &#8211; vor dem Gesetz beide die rechtlichen M\u00fctter.<\/p>\n<h6><strong>Punkt Nr. 4: Mehr Angebote f\u00fcr \u00e4ltere Mitglieder der LGBTQI+ Community<\/strong><\/h6>\n<p>Zu guter Letzt sollen laut Koalitionsvertrag auch die Rechte von \u00e4lteren Mitgliedern der Community gest\u00e4rkt werden. In der Vergangenheit gab es immer wieder Diskussionen dar\u00fcber, dass diese Personengruppe beim Kampf um mehr Gleichberechtigung und weiterf\u00fchrende Angebote zu Hilfen und Co. ein wenig in Vergessenheit ger\u00e4t.<\/p>\n<p>&nbsp;<\/p>\n<p>Hier findest du alles <a href=\"https:\/\/planet-randy.com\/blog\/zum-tod-von-stephen-sondheim\/\">zum Tod von Stephen Sondheim<\/a><\/p>\n","protected":false},"excerpt":{"rendered":"<p>Wird Deutschland jetzt Nach der Wahl eigentlich auch\u00a0queerfreundlicher? Zumindest jede\/r, der\/ die sich auch nur ein wenig f\u00fcr Politik interessiert, d\u00fcrfte sich direkt nach der Wahl (oder vielleicht auch schon fr\u00fcher) gefragt haben, was sich nun im Land \u00e4ndern wird. Vor allem die Queer Community, die schon seit Jahrzehnten f\u00fcr mehr Gleichberechtigung k\u00e4mpft, aber auch [&hellip;]<\/p>\n","protected":false},"author":2,"featured_media":9995,"comment_status":"open","ping_status":"open","sticky":false,"template":"","format":"standard","meta":{"footnotes":""},"categories":[4],"tags":[],"class_list":["post-9994","post","type-post","status-publish","format-standard","has-post-thumbnail","hentry","category-news-aus-der-community","wp-sticky"],"_links":{"self":[{"href":"https:\/\/planet-randy.com\/blog\/wp-json\/wp\/v2\/posts\/9994","targetHints":{"allow":["GET"]}}],"collection":[{"href":"https:\/\/planet-randy.com\/blog\/wp-json\/wp\/v2\/posts"}],"about":[{"href":"https:\/\/planet-randy.com\/blog\/wp-json\/wp\/v2\/types\/post"}],"author":[{"embeddable":true,"href":"https:\/\/planet-randy.com\/blog\/wp-json\/wp\/v2\/users\/2"}],"replies":[{"embeddable":true,"href":"https:\/\/planet-randy.com\/blog\/wp-json\/wp\/v2\/comments?post=9994"}],"version-history":[{"count":1,"href":"https:\/\/planet-randy.com\/blog\/wp-json\/wp\/v2\/posts\/9994\/revisions"}],"predecessor-version":[{"id":9996,"href":"https:\/\/planet-randy.com\/blog\/wp-json\/wp\/v2\/posts\/9994\/revisions\/9996"}],"wp:featuredmedia":[{"embeddable":true,"href":"https:\/\/planet-randy.com\/blog\/wp-json\/wp\/v2\/media\/9995"}],"wp:attachment":[{"href":"https:\/\/planet-randy.com\/blog\/wp-json\/wp\/v2\/media?parent=9994"}],"wp:term":[{"taxonomy":"category","embeddable":true,"href":"https:\/\/planet-randy.com\/blog\/wp-json\/wp\/v2\/categories?post=9994"},{"taxonomy":"post_tag","embeddable":true,"href":"https:\/\/planet-randy.com\/blog\/wp-json\/wp\/v2\/tags?post=9994"}],"curies":[{"name":"wp","href":"https:\/\/api.w.org\/{rel}","templated":true}]}}