{"id":8992,"date":"2021-10-16T12:42:56","date_gmt":"2021-10-16T10:42:56","guid":{"rendered":"https:\/\/planet-randy.com\/blog\/?p=8992"},"modified":"2021-10-31T11:00:41","modified_gmt":"2021-10-31T10:00:41","slug":"nikkie-de-jager-erhaelt-einen-tv-preis","status":"publish","type":"post","link":"https:\/\/planet-randy.com\/blog\/nikkie-de-jager-erhaelt-einen-tv-preis\/","title":{"rendered":"Nikkie de Jager erh\u00e4lt einen TV-Preis"},"content":{"rendered":"<h3>Nikkie de Jager erh\u00e4lt niederl\u00e4ndischen TV-Preis<\/h3>\n<p>Trans-Vloggerin Nikkie de Jager wurde mit einer besonderen Anerkennung bedacht. Im Rahmen der Gouden Televizier-Ring Gala wurde sie mit dem niederl\u00e4ndischen Fernsehpreis ausgezeichnet. Die Preise werden jedes Jahr vergeben und erzeugen in der Regel ein gro\u00dfes Medien-Echo. So auch dieses Mal.<\/p>\n<p>Im Alter von nur 27 Jahren konnte Nikkie de Jager die begehrte Auszeichnung f\u00fcr sich verbuchen. Die Verleihung fand in Amsterdam statt und wurde \u00fcber TV \u00fcbertragen.<\/p>\n<p><img fetchpriority=\"high\" decoding=\"async\" class=\"alignnone size-full wp-image-8993\" src=\"https:\/\/planet-randy.com\/blog\/wp-content\/uploads\/2021\/10\/fcgvhbjn.jpg\" alt=\"Nikkie de Jager erh\u00e4lt einen TV-Preis \" width=\"1251\" height=\"701\" srcset=\"https:\/\/planet-randy.com\/blog\/wp-content\/uploads\/2021\/10\/fcgvhbjn.jpg 1251w, https:\/\/planet-randy.com\/blog\/wp-content\/uploads\/2021\/10\/fcgvhbjn-200x112.jpg 200w, https:\/\/planet-randy.com\/blog\/wp-content\/uploads\/2021\/10\/fcgvhbjn-1200x672.jpg 1200w, https:\/\/planet-randy.com\/blog\/wp-content\/uploads\/2021\/10\/fcgvhbjn-768x430.jpg 768w\" sizes=\"(max-width: 1251px) 100vw, 1251px\" \/><\/p>\n<h3>Wer ist Nikkie de Jager eigentlich?<\/h3>\n<p>Nikkie de Jager geh\u00f6rt zu den bekanntesten queeren Vloggern \u00fcberhaupt. Vor etwa 13 Jahren startete sie ihre YouTube Karriere. Zu ihrem Hauptcontent geh\u00f6rten Schminktipps und Beauty-Videos. Sie schaffte es vergleichsweise schnell, sich eine gr\u00f6\u00dfere Fangemeinde aufzubauen \u2013 unter anderem deswegen, weil sie es immer mehr schaffte, in der Welt der \u201e<em>Sch\u00f6nen und Reichen<\/em>\u201c Fu\u00df zu fassen.<\/p>\n<p>Im Laufe der Zeit schminkte sie viele ber\u00fchmte Pers\u00f6nlichkeiten, unter anderem sogar Lady Gaga. Ihr Stil? Ein Mix aus Eleganz und Glamour. Weder zu schlicht, noch zu auff\u00e4llig, schaffte sie es immer wieder, ihren Wiedererkennungswert zu behaupten und dabei authentisch und sympathisch aufzutreten.<\/p>\n<p>Ihre Fans lieben sie. Unter anderem auch deswegen, weil sie es geschafft hat, zu sich selbst zu stehen und eine gro\u00dfe Portion \u201e<em>Positivity<\/em>\u201c in die Welt zu senden \u2013 und das nicht nur als Moderatorin des ESC.<\/p>\n<h4><strong>Nikkie de Jagers Outing<\/strong><\/h4>\n<p>Es ist noch nicht allzu lange her, dass sich Nikkie de Jager als trans geoutet hat. Damals, im Jahre 2020, erkl\u00e4rte sie, sie habe schon immer gewusst, dass sie eigentlich ein M\u00e4dchen sei. Ihre Entscheidung zu sich selbst zu stehen, hat ihr in keinster Weise geschadet. Im Gegenteil!<\/p>\n<p>Sp\u00e4testens jetzt wuchs auch ihre Fanbase innerhalb der queeren Community stark an. Ihre Follower lobten sie f\u00fcr ihren Mut und genau das schien de Jager letztendlich auch weiter zu befl\u00fcgeln. Einer der bisherigen H\u00f6hepunkte ihrer Karriere war das Moderationsangebot des ESC. Hier verzauberte sie die Welt mit ihrer unverwechselbaren Art und sendete gleichzeitig ein wichtiges Zeichen. In einem sp\u00e4teren Interview erkl\u00e4rte sie sinngem\u00e4\u00df, dass sie hoffe, mit ihrer Moderation auch die Community stolz gemacht zu haben.<\/p>\n<p>Spannenderweise gewann in diesem Jahr auch eine Band, die sich mittlerweile ebenfalls innerhalb der LGBTQI+ Szene einen Namen gemacht hat: M\u00e5neskin. Die Gruppe trat f\u00fcr Italien mit einem Mix aus Metal und Rock an und legte einen Senkrechtstart hin, der seinesgleichen sucht.<\/p>\n<p>Aufgrund Nikkies positiver Ausstrahlung und wegen ihres gesunden Selbstbewusstseins ger\u00e4t jedoch immer wieder in Vergessenheit, dass es urspr\u00fcnglich eigentlich nicht ihre Entscheidung war, der Welt von ihrer Queerness zu berichten. Denn: sie wurde erpresst. Es wurde ihr damit gedroht, ihre Geschichte rund um Hormontherapie und Geschlechtsangleichung \u00f6ffentlich zu machen. Somit trat sie die \u201e<em>Flucht nach vorne<\/em>\u201c an und sendete ein \u201e<em>F*** you<\/em>\u201c an ihre Hater.<\/p>\n<h5><strong>Nikkie de Jager \u2013 eine beeindruckende Erfolgsgeschichte<\/strong><\/h5>\n<p>Nikkie de Jager hat das geschafft, was sich sicherlich viele Vlogger w\u00fcnschen. Sie arbeitete hart an ihrem Kanal, blieb sich selbst treu und schaffte zudem den Sprung ins TV. Hierf\u00fcr wurde sie nun sogar ausgezeichnet.<\/p>\n<p>Ein Ende dieser \u2013 im wahrsten Sinne des Wortes \u2013 bunten Karriere ist nicht in Sicht. Im Gegenteil! Gerade durch den Job als Moderatorin beim ESC d\u00fcrfte de Jager einem noch gr\u00f6\u00dferen Publikum bekannt geworden sein. Und wer wei\u00df? Vielleicht hat sie sich ja \u201e<em>ganz nebenbei<\/em>\u201c auch noch f\u00fcr andere Engagements dieser Art empfohlen?<\/p>\n<p>&nbsp;<\/p>\n<p>Das ist die\u00a0<a title=\"Die \u201cOperette f\u00fcr zwei schwule Ten\u00f6re\u201d\" href=\"https:\/\/planet-randy.com\/blog\/die-operette-fuer-zwei-schwule-tenoere\/\" rel=\"bookmark\">\u201cOperette f\u00fcr zwei schwule Ten\u00f6re&#8221;<\/a><\/p>\n","protected":false},"excerpt":{"rendered":"<p>Nikkie de Jager erh\u00e4lt niederl\u00e4ndischen TV-Preis Trans-Vloggerin Nikkie de Jager wurde mit einer besonderen Anerkennung bedacht. Im Rahmen der Gouden Televizier-Ring Gala wurde sie mit dem niederl\u00e4ndischen Fernsehpreis ausgezeichnet. Die Preise werden jedes Jahr vergeben und erzeugen in der Regel ein gro\u00dfes Medien-Echo. So auch dieses Mal. Im Alter von nur 27 Jahren konnte Nikkie [&hellip;]<\/p>\n","protected":false},"author":2,"featured_media":8993,"comment_status":"open","ping_status":"open","sticky":false,"template":"","format":"standard","meta":{"footnotes":""},"categories":[4],"tags":[],"class_list":["post-8992","post","type-post","status-publish","format-standard","has-post-thumbnail","hentry","category-news-aus-der-community","wp-sticky"],"_links":{"self":[{"href":"https:\/\/planet-randy.com\/blog\/wp-json\/wp\/v2\/posts\/8992","targetHints":{"allow":["GET"]}}],"collection":[{"href":"https:\/\/planet-randy.com\/blog\/wp-json\/wp\/v2\/posts"}],"about":[{"href":"https:\/\/planet-randy.com\/blog\/wp-json\/wp\/v2\/types\/post"}],"author":[{"embeddable":true,"href":"https:\/\/planet-randy.com\/blog\/wp-json\/wp\/v2\/users\/2"}],"replies":[{"embeddable":true,"href":"https:\/\/planet-randy.com\/blog\/wp-json\/wp\/v2\/comments?post=8992"}],"version-history":[{"count":3,"href":"https:\/\/planet-randy.com\/blog\/wp-json\/wp\/v2\/posts\/8992\/revisions"}],"predecessor-version":[{"id":9166,"href":"https:\/\/planet-randy.com\/blog\/wp-json\/wp\/v2\/posts\/8992\/revisions\/9166"}],"wp:featuredmedia":[{"embeddable":true,"href":"https:\/\/planet-randy.com\/blog\/wp-json\/wp\/v2\/media\/8993"}],"wp:attachment":[{"href":"https:\/\/planet-randy.com\/blog\/wp-json\/wp\/v2\/media?parent=8992"}],"wp:term":[{"taxonomy":"category","embeddable":true,"href":"https:\/\/planet-randy.com\/blog\/wp-json\/wp\/v2\/categories?post=8992"},{"taxonomy":"post_tag","embeddable":true,"href":"https:\/\/planet-randy.com\/blog\/wp-json\/wp\/v2\/tags?post=8992"}],"curies":[{"name":"wp","href":"https:\/\/api.w.org\/{rel}","templated":true}]}}