{"id":8989,"date":"2021-10-15T14:26:30","date_gmt":"2021-10-15T12:26:30","guid":{"rendered":"https:\/\/planet-randy.com\/blog\/?p=8989"},"modified":"2021-10-31T11:01:37","modified_gmt":"2021-10-31T10:01:37","slug":"die-operette-fuer-zwei-schwule-tenoere","status":"publish","type":"post","link":"https:\/\/planet-randy.com\/blog\/die-operette-fuer-zwei-schwule-tenoere\/","title":{"rendered":"Die &#8220;Operette f\u00fcr zwei schwule Ten\u00f6re&#8221;"},"content":{"rendered":"<h2>\u201eOperette f\u00fcr zwei schwule Ten\u00f6re\u201c kommt super beim Berliner Publikum an<\/h2>\n<p>Hinter der \u201e<em>Operette f\u00fcr zwei schwule Ten\u00f6re<\/em>\u201c steckt Johannes Kram. Er hat sich die Geschichte rund um das schwule Ex-Paar Tobi und Jan ausgedacht und spricht mitunter lustige, mitunter auch durchaus nachdenkliche Themen an.<\/p>\n<p>Die Besucher sind begeistert. Ein Mix aus Licht und Purismus schaffte es bei der Premiere, die Menschen ab der ersten Minuten in den Bann zu ziehen. Schnell scheint klar, dass es die richtige Entscheidung des BKA Theaters war, das St\u00fcck \u201e<em>an Land zu ziehen<\/em>\u201c.<\/p>\n<p>Die Frage \u201e<em>Sind Operetten \u00fcberhaupt noch zeitgem\u00e4\u00df?<\/em>\u201c d\u00fcrfte sich sp\u00e4testens jetzt niemand mehr stellen. Auch interessant: die Protagonisten des St\u00fccks sind alle homosexuell.<\/p>\n<p><img fetchpriority=\"high\" decoding=\"async\" class=\"alignnone size-full wp-image-8990\" src=\"https:\/\/planet-randy.com\/blog\/wp-content\/uploads\/2021\/10\/OperettefuerzweischwuleTenoere.jpg\" alt=\"Die &quot;Operette f\u00fcr zwei schwule Ten\u00f6re&quot;\" width=\"1050\" height=\"742\" srcset=\"https:\/\/planet-randy.com\/blog\/wp-content\/uploads\/2021\/10\/OperettefuerzweischwuleTenoere.jpg 1050w, https:\/\/planet-randy.com\/blog\/wp-content\/uploads\/2021\/10\/OperettefuerzweischwuleTenoere-200x141.jpg 200w, https:\/\/planet-randy.com\/blog\/wp-content\/uploads\/2021\/10\/OperettefuerzweischwuleTenoere-768x543.jpg 768w\" sizes=\"(max-width: 1050px) 100vw, 1050px\" \/><\/p>\n<h3>\u201eOperette f\u00fcr zwei schwule Ten\u00f6re\u201c \u2013 worum geht es?<\/h3>\n<p>\u201e<em>Operette f\u00fcr zwei schwule Ten\u00f6re<\/em>\u201c besteht aus insgesamt 16 Liedern, die sich \u2013 scheinbar \u2013 mit Allt\u00e4glichem auseinandersetzen. Eingestaubte Beziehungen, das, was man \u201e<em>schon immer so gemacht hat<\/em>\u201c und Vorurteile gegen\u00fcber Queers\u2026 All diese Themen \u2013 und noch viele mehr \u2013 sind hier vertreten.<\/p>\n<p>Dabei schaffen es die Beteiligten, sich vom klassischen Image der Operette zu verabschieden, authentisch zu bleiben und ein Statement zu setzen. Und es wird witzig! Vor allem deswegen, weil \u201e<em>Operette f\u00fcr zwei schwule Ten\u00f6re<\/em>\u201c mit einer gesunden Portion Selbstironie daherkommt und sich selbst nicht zu ernst nimmt. Stattdessen werden Thematiken hinterfragt und\u2026 Es wird unterhalten. Fragen wie \u201eWelche Rolle spielt Monogamie in unserer Zeit?\u201c, \u201e<em>Wie f\u00fchle ich mich eigentlich als der<\/em> \u201e<em>einzige Schwule im Ort?\u201c Und<\/em>\u00a0\u201e<em>Welche Unterschiede bestehen zwischen Dorf und Stadt?<\/em>\u201c schwingen immer mit. Und dennoch obliegt es nat\u00fcrlich dem Zuschauer, worauf er genau seinen Fokus legen m\u00f6chte.<\/p>\n<p>\u201e<em>Operette f\u00fcr zwei schwule Ten\u00f6re<\/em>\u201c handelt von einem Typen aus der Gro\u00dfstadt, der sich auf dem Land besser kennenlernen m\u00f6chte und sich dementsprechend auf der Suche nach seinem eigenen Ich befindet. Klar: hierbei werden unter anderem auch Vorurteile gegen\u00fcber St\u00e4dtern und Landmenschen behandelt. Dennoch wirkt die Herangehensweise erfrischend und alles andere als \u201e<em>Das habe ich doch schonmal gesehen!<\/em>\u201c.<\/p>\n<h4><strong>Eine Operette mit einer gesunden Portion Gesellschaftskritik<\/strong><\/h4>\n<p>Auch wenn es auch diese Operette schafft, ohne den ber\u00fchmten erhobenen Zeigefinger auszukommen, bleibt dem aufmerksamen Zuschauer sicherlich nicht verborgen, dass sich ab und an ein Seitenhieb auf die Vorurteilswelt der Gesellschaft eingeschlichen hat.<\/p>\n<p>Gerade dann, wenn es um das Thema Homophobie geht, haben es sich die Verantwortlichen nicht nehmen lassen, ab und an den Finger in die Wunde zu legen.<\/p>\n<p>Besonders interessant ist in diesem Zusammenhang, dass \u2013 dezent \u2013 darauf verwiesen wird, dass viele Menschen homophob sind, ohne es selbst zu bemerken. Auf diese Weise k\u00f6nnte es durchaus sein, dass auch einige Hetero-Zuschauer zum Nachdenken angeregt werden k\u00f6nnten.<\/p>\n<p>Immerhin zeigt sich, unter anderem im Rahmen von Umfragen zum Thema immer wieder, wie sehr Queers durch homophobe \u00c4u\u00dferungen oder Gesten verletzt werden, die von anderen \u00fcberhaupt nicht als \u201e<em>derart dramatisch<\/em>\u201c eingeordnet werden. Daher ist davon auszugehen, dass \u201e<em>Operette f\u00fcr zwei schwule Ten\u00f6re<\/em>\u201c nicht \u201e<em>nur<\/em>\u201c unterh\u00e4lt, sondern auch Br\u00fccken schlagen k\u00f6nnte. Wer wei\u00df?<\/p>\n<p>Liedtitel, wie zum Beispiel \u201e<em>Champagner von Aldi<\/em>\u201c, \u201e<em>Mein Fetisch ist die Operette&#8221;<\/em> und \u201e<em>Wann fahr\u2019n wir wieder zu Ikea?\u201c Geben<\/em>\u00a0zumindest schon einen leichten Vorgeschmack darauf, dass auch der Witz und die Selbstironie hier nicht zu kurz kommen. Und wenn genau das mit einer wichtigen Botschaft verbunden ist \u2013 was will das Theater- und Communityherz mehr?<\/p>\n<div class=\"flex-video widescreen\"><iframe title=\"Operette f\u00fcr zwei schwule Ten\u00f6re: Ich steh total auf Jens Riewa\" width=\"745\" height=\"419\" src=\"https:\/\/www.youtube.com\/embed\/qYuO3Upg7UA?feature=oembed\" frameborder=\"0\" allow=\"accelerometer; autoplay; clipboard-write; encrypted-media; gyroscope; picture-in-picture\" allowfullscreen><\/iframe><\/div>\n<p>&nbsp;<\/p>\n<p>So lief\u00a0<a title=\"Das Finale von Prince Charming Staffel 3\" href=\"https:\/\/planet-randy.com\/blog\/das-finale-von-prince-charming-staffel-3\/\" rel=\"bookmark\">das Finale von Prince Charming Staffel 3<\/a>.<\/p>\n","protected":false},"excerpt":{"rendered":"<p>\u201eOperette f\u00fcr zwei schwule Ten\u00f6re\u201c kommt super beim Berliner Publikum an Hinter der \u201eOperette f\u00fcr zwei schwule Ten\u00f6re\u201c steckt Johannes Kram. Er hat sich die Geschichte rund um das schwule Ex-Paar Tobi und Jan ausgedacht und spricht mitunter lustige, mitunter auch durchaus nachdenkliche Themen an. Die Besucher sind begeistert. Ein Mix aus Licht und Purismus [&hellip;]<\/p>\n","protected":false},"author":2,"featured_media":8990,"comment_status":"open","ping_status":"open","sticky":false,"template":"","format":"standard","meta":{"footnotes":""},"categories":[4],"tags":[],"class_list":["post-8989","post","type-post","status-publish","format-standard","has-post-thumbnail","hentry","category-news-aus-der-community","wp-sticky"],"_links":{"self":[{"href":"https:\/\/planet-randy.com\/blog\/wp-json\/wp\/v2\/posts\/8989","targetHints":{"allow":["GET"]}}],"collection":[{"href":"https:\/\/planet-randy.com\/blog\/wp-json\/wp\/v2\/posts"}],"about":[{"href":"https:\/\/planet-randy.com\/blog\/wp-json\/wp\/v2\/types\/post"}],"author":[{"embeddable":true,"href":"https:\/\/planet-randy.com\/blog\/wp-json\/wp\/v2\/users\/2"}],"replies":[{"embeddable":true,"href":"https:\/\/planet-randy.com\/blog\/wp-json\/wp\/v2\/comments?post=8989"}],"version-history":[{"count":3,"href":"https:\/\/planet-randy.com\/blog\/wp-json\/wp\/v2\/posts\/8989\/revisions"}],"predecessor-version":[{"id":9168,"href":"https:\/\/planet-randy.com\/blog\/wp-json\/wp\/v2\/posts\/8989\/revisions\/9168"}],"wp:featuredmedia":[{"embeddable":true,"href":"https:\/\/planet-randy.com\/blog\/wp-json\/wp\/v2\/media\/8990"}],"wp:attachment":[{"href":"https:\/\/planet-randy.com\/blog\/wp-json\/wp\/v2\/media?parent=8989"}],"wp:term":[{"taxonomy":"category","embeddable":true,"href":"https:\/\/planet-randy.com\/blog\/wp-json\/wp\/v2\/categories?post=8989"},{"taxonomy":"post_tag","embeddable":true,"href":"https:\/\/planet-randy.com\/blog\/wp-json\/wp\/v2\/tags?post=8989"}],"curies":[{"name":"wp","href":"https:\/\/api.w.org\/{rel}","templated":true}]}}