{"id":8832,"date":"2021-10-03T11:15:44","date_gmt":"2021-10-03T09:15:44","guid":{"rendered":"https:\/\/planet-randy.com\/blog\/?p=8832"},"modified":"2021-10-31T11:22:59","modified_gmt":"2021-10-31T10:22:59","slug":"fran-drescher-feierte-ihren-64-geburtstag","status":"publish","type":"post","link":"https:\/\/planet-randy.com\/blog\/fran-drescher-feierte-ihren-64-geburtstag\/","title":{"rendered":"Fran Drescher feierte ihren 64. Geburtstag"},"content":{"rendered":"<h2>Fran Drescher (Die Nanny) feierte bereits ihren 64. Geburtstag<\/h2>\n<p>Sie ist selbst hetero, gilt aber f\u00fcr viele Queers als absolutes Vorbild und nicht zuletzt als Stil-Ikone: Fran Drescher. In den 1990er Jahren startete sie als Kinderm\u00e4dchen Fran Fine in \u201e<em>Die Nanny<\/em>\u201c durch und schaffte es binnen kurzer Zeit, die Herzen der Fans zu erobern.<\/p>\n<p>Nun ist Fran am 30.09. 64 Jahre alt geworden. Privat geht sie mit Zahlen wie diesen weitaus entspannter um, als ihr Seriencharakter, der doch immer wieder \u2013 angesprochen auf sein Alter \u2013 betonte, \u201e<em>29<\/em>\u201c zu sein.<\/p>\n<p><img fetchpriority=\"high\" decoding=\"async\" class=\"alignnone size-full wp-image-8833\" src=\"https:\/\/planet-randy.com\/blog\/wp-content\/uploads\/2021\/10\/Fran-Drescher-feierte-ihren-64.-Geburtstag.jpg\" alt=\"Fran Drescher feierte ihren 64. Geburtstag\" width=\"1200\" height=\"675\" srcset=\"https:\/\/planet-randy.com\/blog\/wp-content\/uploads\/2021\/10\/Fran-Drescher-feierte-ihren-64.-Geburtstag.jpg 1200w, https:\/\/planet-randy.com\/blog\/wp-content\/uploads\/2021\/10\/Fran-Drescher-feierte-ihren-64.-Geburtstag-200x113.jpg 200w, https:\/\/planet-randy.com\/blog\/wp-content\/uploads\/2021\/10\/Fran-Drescher-feierte-ihren-64.-Geburtstag-768x432.jpg 768w\" sizes=\"(max-width: 1200px) 100vw, 1200px\" \/><\/p>\n<h3>Weshalb ist Fran Drescher bei Queers so beliebt?<\/h3>\n<p>Fran spricht immer wieder vergleichsweise offen \u00fcber ihr Privatleben. So ist es unter anderem mittlerweile kein Geheimnis mehr, dass sie viele schwule Freunde und Bekannte hat. Interessanterweise ist auch ihr Ex-Mann Peter Marc Jacobsen, mit dem sie gemeinsam \u201e<em>Die Nanny<\/em>\u201c produziert hat, schwul.<\/p>\n<p>Die beiden posten regelm\u00e4\u00dfig Bilder auf Instagram und lassen keinen Zweifel daran aufkommen, dass der Wechsel von der Partnerschaft zur tief empfundenen Freundschaft funktioniert hat.<\/p>\n<p>Doch nicht nur die N\u00e4he zur Community ist es, die Fran zu einer echten Queer-Stilikone werden l\u00e4sst. Auch ihre Looks tragen ihren Teil dazu bei, dass viele Gays auf der ganzen Welt sich mit der (nun) Mitt-Sechzigerin identifizieren k\u00f6nnen.<\/p>\n<p>Interessanterweise waren Themen rund um Homosexualit\u00e4t auch schon bei \u201e<em>Die Nanny<\/em>\u201c hin und wieder Thema. Im Gegensatz zu anderen Serien dieser Zeit ging es hier jedoch nicht darum, sich \u00fcber eine Personengruppe lustig zu machen. Stattdessen war Fran hin und wieder einfach traurig, wenn ein Mann, den sie anziehend fand, schwul sein k\u00f6nnte.<\/p>\n<p>Schrille Looks, eine teilweise noch schrillere Stimme und die Tatsache, dass Fran Drescher und Fran Fine dann doch viel gemeinsam zu haben scheinen, sorgte daf\u00fcr, dass hier eine Frau mit tolerantem Vorbildcharakter \u00fcber die TV Bildschirme flimmerte\u2026 Und dies bis heute tut.<\/p>\n<p><img decoding=\"async\" class=\"alignnone size-full wp-image-8834\" src=\"https:\/\/planet-randy.com\/blog\/wp-content\/uploads\/2021\/10\/f768x1-425775_425902_26.jpg\" alt=\"Fran Drescher feierte ihren 64. Geburtstag\" width=\"768\" height=\"554\" srcset=\"https:\/\/planet-randy.com\/blog\/wp-content\/uploads\/2021\/10\/f768x1-425775_425902_26.jpg 768w, https:\/\/planet-randy.com\/blog\/wp-content\/uploads\/2021\/10\/f768x1-425775_425902_26-200x144.jpg 200w\" sizes=\"(max-width: 768px) 100vw, 768px\" \/><\/p>\n<h4><strong>Was macht Fran Drescher aktuell?<\/strong><\/h4>\n<p>Die letzte Folge \u201e<em>Die Nanny<\/em>\u201c wurde zum Ende der 1990er Jahre gedreht. Dementsprechend ist die Frage: \u201e<em>Was hat Fran Drescher eigentlich in den letzten zwanzig Jahren gemacht?\u201c, <\/em>durchaus\u00a0berechtigt.<\/p>\n<p>Fans in den USA konnten sie (und \u00fcbrigens auch in einer Gastrolle \u201e<em>Mr. Sheffield<\/em>\u201c, Charles Shaughnessy) in der beliebten Serie \u201e<em>Livin<\/em>\u2018 <em>with Fran<\/em>\u201c bewundern. Noch dazu hostete sie eine eigene Talkshow, in die sie unter anderem mehrere ihrer ehemaligen Kollegen, unter anderem auch Lauren Lane aka C. C. Babcock, einlud.<\/p>\n<p>Den aktuell neuesten Coup landete sie jedoch in einem vollkommen anderen Bereich. Denn: sie wurde zur Gewerkschaftsf\u00fchrerin der SAG-AFTRA gew\u00e4hlt. Hierbei handelt es sich um eine Organisation, in der Schauspieler und Schauspielerinnen vertreten sind\u2026 Und die nun wiederrum von der Ex-Nanny vertreten werden. Das Endergebnis war denkbar knapp. Drescher gewann mit einem Vorsprung von etwa 1.500 Stimmen gegen Matthew Modine.<\/p>\n<h5><strong>Queers in TV Serien \u2013 wie sich der Blick auf die Gesellschaft ver\u00e4ndern kann<\/strong><\/h5>\n<p>Wer sich ein wenig Zeit nimmt, um sich mit den verschiedenen Darstellungen von Queers in TV Serien, von 1970 bis heute, zu befassen, erkennt schnell, dass sich hier vieles getan hat. Eines der wohl fr\u00fchesten Beispiele ist in diesem Zusammenhang \u201e<em>Herzbube mit zwei Damen<\/em>\u201c. Zwei Frauen wohnen mit einem Mann zusammen, der seinem Vermieter vorgaukelt, schwul zu sein, damit er f\u00fcr die \u2013 damals eigentlich noch undenkbare Zusammenstellung \u2013 keinen \u00c4rger bekommt und nicht ausziehen muss. Damals gab man sich noch keine M\u00fche, mit Vorurteilen gegen\u00fcber schwulen M\u00e4nnern hinter dem Berg zu halten. Und auch der Vermieter hat sichtlich Angst vor etwaigen homosexuellen Ann\u00e4herungsversuchen.<\/p>\n<p>In \u201e<em>Die Nanny<\/em>\u201c wurden solche Themen, wie oben bereits erw\u00e4hnt, weitaus toleranter behandelt. Auch wenn die Serie zu einem Zeitpunkt gedreht wurde, als Frans Ex-Mann sich noch nicht geoutet hatte.<\/p>\n<p>Heute zeigen Serien wie Sex Education, wie leicht es m\u00f6glich ist, stil- UND humorvoll mit dem Thema umzugehen und dass es vollkommen in Ordnung ist, Diversity auch im TV und im Kino zu leben. Die Entwicklung geht dementsprechend offenbar in die richtige Richtung \u2013 zumindest im k\u00fcnstlerisch-kulturellen Bereich.<\/p>\n<p>Happy Birthday, Fran Drescher und danke f\u00fcr viele lustige Stunden, Aufkl\u00e4rung, Toleranz und Vielseitigkeit!<\/p>\n<p>&nbsp;<\/p>\n<p>Bald ist es so weit, <a title=\"Hape Kerkeling ver\u00f6ffentlicht \u201eMal unter uns\u2026\u201c\" href=\"https:\/\/planet-randy.com\/blog\/hape-kerkeling-veroeffentlicht-mal-unter-uns\/\" rel=\"bookmark\">Hape Kerkeling ver\u00f6ffentlicht ein Album<\/a>.<\/p>\n","protected":false},"excerpt":{"rendered":"<p>Fran Drescher (Die Nanny) feierte bereits ihren 64. Geburtstag Sie ist selbst hetero, gilt aber f\u00fcr viele Queers als absolutes Vorbild und nicht zuletzt als Stil-Ikone: Fran Drescher. In den 1990er Jahren startete sie als Kinderm\u00e4dchen Fran Fine in \u201eDie Nanny\u201c durch und schaffte es binnen kurzer Zeit, die Herzen der Fans zu erobern. Nun [&hellip;]<\/p>\n","protected":false},"author":3,"featured_media":8833,"comment_status":"open","ping_status":"open","sticky":false,"template":"","format":"standard","meta":{"footnotes":""},"categories":[4],"tags":[],"class_list":["post-8832","post","type-post","status-publish","format-standard","has-post-thumbnail","hentry","category-news-aus-der-community","wp-sticky"],"_links":{"self":[{"href":"https:\/\/planet-randy.com\/blog\/wp-json\/wp\/v2\/posts\/8832","targetHints":{"allow":["GET"]}}],"collection":[{"href":"https:\/\/planet-randy.com\/blog\/wp-json\/wp\/v2\/posts"}],"about":[{"href":"https:\/\/planet-randy.com\/blog\/wp-json\/wp\/v2\/types\/post"}],"author":[{"embeddable":true,"href":"https:\/\/planet-randy.com\/blog\/wp-json\/wp\/v2\/users\/3"}],"replies":[{"embeddable":true,"href":"https:\/\/planet-randy.com\/blog\/wp-json\/wp\/v2\/comments?post=8832"}],"version-history":[{"count":3,"href":"https:\/\/planet-randy.com\/blog\/wp-json\/wp\/v2\/posts\/8832\/revisions"}],"predecessor-version":[{"id":9194,"href":"https:\/\/planet-randy.com\/blog\/wp-json\/wp\/v2\/posts\/8832\/revisions\/9194"}],"wp:featuredmedia":[{"embeddable":true,"href":"https:\/\/planet-randy.com\/blog\/wp-json\/wp\/v2\/media\/8833"}],"wp:attachment":[{"href":"https:\/\/planet-randy.com\/blog\/wp-json\/wp\/v2\/media?parent=8832"}],"wp:term":[{"taxonomy":"category","embeddable":true,"href":"https:\/\/planet-randy.com\/blog\/wp-json\/wp\/v2\/categories?post=8832"},{"taxonomy":"post_tag","embeddable":true,"href":"https:\/\/planet-randy.com\/blog\/wp-json\/wp\/v2\/tags?post=8832"}],"curies":[{"name":"wp","href":"https:\/\/api.w.org\/{rel}","templated":true}]}}