{"id":8809,"date":"2021-09-30T11:11:26","date_gmt":"2021-09-30T09:11:26","guid":{"rendered":"https:\/\/planet-randy.com\/blog\/?p=8809"},"modified":"2021-10-31T11:27:28","modified_gmt":"2021-10-31T10:27:28","slug":"riesen-faux-pas-bei-gefragt-gejagt","status":"publish","type":"post","link":"https:\/\/planet-randy.com\/blog\/riesen-faux-pas-bei-gefragt-gejagt\/","title":{"rendered":"Riesen Faux-pas bei &#8220;Gefragt \u2013 gejagt&#8221;"},"content":{"rendered":"<h2>Gefragt \u2013 gejagt: Die Queer Community \u201ewunderte\u201c sich<\/h2>\n<p>Im Rahmen der beliebten Vorabendsendung \u201e<em>Gefragt \u2013 gejagt<\/em>\u201c kam es k\u00fcrzlich zu einem \u201e<em>Faux-pas<\/em>\u201c, der definitiv nicht h\u00e4tte passieren m\u00fcssen. Was einige Menschen m\u00f6glicherweise als \u201e<em>schlecht recherchiert<\/em>\u201c bezeichnen w\u00fcrden, sorgte bei anderen f\u00fcr regelrechten \u00c4rger.<\/p>\n<p>Stein des Ansto\u00dfes war die Frage: \u201e<em>Wer biologisch als Junge geboren wurde, sich aber als weiblich f\u00fchlt und daher entsprechend operieren l\u00e4sst, gilt als\u2026?<\/em>\u201c. So weit, so gut. Was wom\u00f6glich durchaus gut und aufkl\u00e4rerisch gemeint war, ging jedoch sp\u00e4testens dann nach hinten los, als die Antwortm\u00f6glichkeiten aufgezeigt wurden. Denn: jeder, der sich in der Community auskennt, d\u00fcrfte binnen weniger Augenblicke gemerkt haben, dass die richtige Antwort \u00fcberhaupt nicht zur Auswahl stand.<\/p>\n<p><img fetchpriority=\"high\" decoding=\"async\" class=\"alignnone size-full wp-image-8810\" src=\"https:\/\/planet-randy.com\/blog\/wp-content\/uploads\/2021\/10\/Riesen-Faux-pas-bei-Gefragt-\u2013-gejagt.jpg\" alt=\"Riesen Faux-pas bei Gefragt \u2013 gejagt\" width=\"1200\" height=\"630\" srcset=\"https:\/\/planet-randy.com\/blog\/wp-content\/uploads\/2021\/10\/Riesen-Faux-pas-bei-Gefragt-\u2013-gejagt.jpg 1200w, https:\/\/planet-randy.com\/blog\/wp-content\/uploads\/2021\/10\/Riesen-Faux-pas-bei-Gefragt-\u2013-gejagt-200x105.jpg 200w, https:\/\/planet-randy.com\/blog\/wp-content\/uploads\/2021\/10\/Riesen-Faux-pas-bei-Gefragt-\u2013-gejagt-768x403.jpg 768w\" sizes=\"(max-width: 1200px) 100vw, 1200px\" \/><\/p>\n<h3>Falsche Antworten und eine schockierte Community<\/h3>\n<p>Die Antwortoptionen, mit denen die Kandidatin konfrontiert wurde, waren \u201e<em>Transsexueller<\/em>&#8220;, &#8220;<em>Transvestit<\/em>&#8221; und &#8220;<em>Transmann<\/em>\u201c. Die Kandidatin entschied sich f\u00fcr den \u201e<em>Transmann<\/em>\u201c, der Moderator berichtigte mit \u201e<em>Transsexueller<\/em>\u201c. Die richtige Antwort w\u00e4re allerdings \u201e<em>TranssexuellE<\/em>\u201c gewesen. Eigentlich vollkommen selbsterkl\u00e4rend. Immerhin wurde bereits in der Frage herauskristallisiert, dass sich die Person \u201e<em>als weiblich f\u00fchlt<\/em>\u201c.<\/p>\n<p>(Anmerkung: Die Antwort \u201e<em>Transsexuelle<\/em>\u201c w\u00e4re \u00fcbrigens auch dann richtig gewesen, wenn in der Frage nicht zum Ausdruck gebracht worden w\u00e4re, dass die betreffende Person sich einer Operation unterzogen hat.)<\/p>\n<p>Besonders \u00e4rgerlich (und schade) ist nat\u00fcrlich auch, dass es sich hierbei um eine Frage handelt, deren Antwort leicht recherchiert werden kann. Immerhin sind die Begriffe, die f\u00fcr die Menschen innerhalb der LGBTQI+ Community genutzt werden, mittlerweile klar definiert.<\/p>\n<p><img decoding=\"async\" class=\"alignnone size-full wp-image-8811\" src=\"https:\/\/planet-randy.com\/blog\/wp-content\/uploads\/2021\/10\/gefragt-gejagt.jpg\" alt=\"Riesen Faux-pas bei Gefragt \u2013 gejagt\" width=\"1024\" height=\"576\" srcset=\"https:\/\/planet-randy.com\/blog\/wp-content\/uploads\/2021\/10\/gefragt-gejagt.jpg 1024w, https:\/\/planet-randy.com\/blog\/wp-content\/uploads\/2021\/10\/gefragt-gejagt-200x113.jpg 200w, https:\/\/planet-randy.com\/blog\/wp-content\/uploads\/2021\/10\/gefragt-gejagt-768x432.jpg 768w\" sizes=\"(max-width: 1024px) 100vw, 1024px\" \/><\/p>\n<h4><strong>Erste Stimmen in den Sozialen Netzwerken<\/strong><\/h4>\n<p>Es dauerte nicht lange, bis sich die ersten Queers in den Sozialen Netzwerken meldeten, um auf den Fehler aufmerksam zu machen. Viele bem\u00e4ngelten in diesem Zusammenhang einen mangelnden Respekt vor der Community, da es ein Leichtes gewesen w\u00e4re, diesen Fehler aufzudecken.<\/p>\n<p>Somit w\u00fcrden nicht nur viele Betroffene verletzt, sondern auch ein falsches Wissen vermittelt. Immerhin handelt es sich bei Sendungen wie \u201e<em>Gefragt \u2013 gejagt<\/em>\u201c mittlerweile um regelrechte Institutionen in der Quiz-TV-Landschaft. Viele Menschen verbinden mit den Inhalten ein hohes Ma\u00df an Seriosit\u00e4t. Umso erschreckender, dass dieser grobe Fehler niemandem hinter den Kulissen aufgefallen ist.<\/p>\n<p>Mittlerweile wurden auch Forderungen laut, den Fehler zu korrigieren und in Zukunft besser zu recherchieren, damit derartige Zwischenf\u00e4lle nicht mehr vorkommen. Wichtig sei es eben, im Zweifel lieber noch einmal nachzufragen, anstatt \u2013 wenn auch unbewusst \u2013 eine komplette Personengruppe, eine komplette Personengruppe zu beleidigen.<\/p>\n<h5><strong>LGBTQI+ und Co. \u2013 was bedeutet eigentlich was?<\/strong><\/h5>\n<p>Im Laufe der Jahre ist die LGBTQI+ Community immer mehr gewachsen. W\u00e4hrend fr\u00fcher \u2013 zumindest offiziell \u2013 so gut wie immer nur zwischen \u201e<em>schwul<\/em>\u201c, \u201e<em>lesbisch<\/em>\u201c und \u201e<em>bi<\/em>\u201c unterschieden wurde, wird nun weitaus detaillierter differenziert. Unter anderem sicher auch deswegen, weil sich immer mehr Menschen trauen, zu sich und ihrer sexuellen Orientierung zu stehen.<\/p>\n<p>Die Gewissheit, sich einer bestimmten Gruppe innerhalb der Community zugeh\u00f6rig f\u00fchlen zu k\u00f6nnen, kann unter anderem das Selbstbewusstsein st\u00e4rken. Dementsprechend verwundert es auch nicht, weshalb die ehemalige \u201e<em>LGBT<\/em>\u201c Community nun um einige Buchstaben mehr (und um das \u201e<span style=\"font-size: 1.0625rem;\"><em>+<\/em>\u201c<\/span><span style=\"font-size: inherit;\">) erweitert wurde.<\/span><\/p>\n<p>Aufgrund der aktuellen Entwicklungen zu diesem Thema ist davon auszugehen, dass sich hier auch in Zukunft noch viel tun wird. Vor allem auch deswegen, weil immer mehr Menschen es Queers zugestehen, so facettenreich und individuell leben und lieben zu k\u00f6nnen, wie sie es m\u00f6chten.<\/p>\n<p>Die gr\u00f6\u00dfere Bandbreite an Begriffen erfordert es jedoch auch, dass die Gesellschaft sich neuen Abk\u00fcrzungen und Bezeichnungen gegen\u00fcber \u00f6ffnet und die Hintergr\u00fcnde versteht, um diese dann \u2013 im zweiten Schritt \u2013 auch richtig anwenden zu k\u00f6nnen. Auf diese Weise kann Fehlern, wie dem bei \u201e<em>Gefragt \u2013 gejagt<\/em>\u201c, im Idealfall direkt vorgebeugt werden.<\/p>\n<p>&nbsp;<\/p>\n<p>Es beginnt, denn\u00a0<a title=\"Polen hat eine LGBT-Freie-Zone weniger\" href=\"https:\/\/planet-randy.com\/blog\/polen-hat-eine-lgbt-freie-zone-weniger\/\" rel=\"bookmark\">Polen hat schon eine LGBT-Freie-Zone weniger<\/a>.<\/p>\n","protected":false},"excerpt":{"rendered":"<p>Gefragt \u2013 gejagt: Die Queer Community \u201ewunderte\u201c sich Im Rahmen der beliebten Vorabendsendung \u201eGefragt \u2013 gejagt\u201c kam es k\u00fcrzlich zu einem \u201eFaux-pas\u201c, der definitiv nicht h\u00e4tte passieren m\u00fcssen. Was einige Menschen m\u00f6glicherweise als \u201eschlecht recherchiert\u201c bezeichnen w\u00fcrden, sorgte bei anderen f\u00fcr regelrechten \u00c4rger. Stein des Ansto\u00dfes war die Frage: \u201eWer biologisch als Junge geboren wurde, [&hellip;]<\/p>\n","protected":false},"author":2,"featured_media":8810,"comment_status":"open","ping_status":"open","sticky":false,"template":"","format":"standard","meta":{"footnotes":""},"categories":[4],"tags":[],"class_list":["post-8809","post","type-post","status-publish","format-standard","has-post-thumbnail","hentry","category-news-aus-der-community","wp-sticky"],"_links":{"self":[{"href":"https:\/\/planet-randy.com\/blog\/wp-json\/wp\/v2\/posts\/8809","targetHints":{"allow":["GET"]}}],"collection":[{"href":"https:\/\/planet-randy.com\/blog\/wp-json\/wp\/v2\/posts"}],"about":[{"href":"https:\/\/planet-randy.com\/blog\/wp-json\/wp\/v2\/types\/post"}],"author":[{"embeddable":true,"href":"https:\/\/planet-randy.com\/blog\/wp-json\/wp\/v2\/users\/2"}],"replies":[{"embeddable":true,"href":"https:\/\/planet-randy.com\/blog\/wp-json\/wp\/v2\/comments?post=8809"}],"version-history":[{"count":3,"href":"https:\/\/planet-randy.com\/blog\/wp-json\/wp\/v2\/posts\/8809\/revisions"}],"predecessor-version":[{"id":9199,"href":"https:\/\/planet-randy.com\/blog\/wp-json\/wp\/v2\/posts\/8809\/revisions\/9199"}],"wp:featuredmedia":[{"embeddable":true,"href":"https:\/\/planet-randy.com\/blog\/wp-json\/wp\/v2\/media\/8810"}],"wp:attachment":[{"href":"https:\/\/planet-randy.com\/blog\/wp-json\/wp\/v2\/media?parent=8809"}],"wp:term":[{"taxonomy":"category","embeddable":true,"href":"https:\/\/planet-randy.com\/blog\/wp-json\/wp\/v2\/categories?post=8809"},{"taxonomy":"post_tag","embeddable":true,"href":"https:\/\/planet-randy.com\/blog\/wp-json\/wp\/v2\/tags?post=8809"}],"curies":[{"name":"wp","href":"https:\/\/api.w.org\/{rel}","templated":true}]}}