{"id":8806,"date":"2021-09-29T12:25:01","date_gmt":"2021-09-29T10:25:01","guid":{"rendered":"https:\/\/planet-randy.com\/blog\/?p=8806"},"modified":"2021-10-31T11:28:48","modified_gmt":"2021-10-31T10:28:48","slug":"polen-hat-eine-lgbt-freie-zone-weniger","status":"publish","type":"post","link":"https:\/\/planet-randy.com\/blog\/polen-hat-eine-lgbt-freie-zone-weniger\/","title":{"rendered":"Polen hat eine LGBT-Freie-Zone weniger"},"content":{"rendered":"<h2>Die Anzahl der LGBTQI+ freien Zonen in Polen verringert sich um \u201e-1\u201c<\/h2>\n<p>Es ist noch nicht allzu lange her, dass Polen \u2013 unter anderem auch in den deutschen Medien \u2013 f\u00fcr seine LGBTQI+ freien Zonen kritisiert wurde. Die circa 100 Areale hatten sich entsprechend deklariert und damit zum Ausdruck gebracht, dass die Community hier nicht erw\u00fcnscht war.<\/p>\n<p>Besonders interessant ist in diesem Zusammenhang, dass sich die Zonen nicht gleichm\u00e4\u00dfig \u00fcber das Land erstrecken, sondern sich vor allem auf die Areale beziehen, in denen der katholische Glaube besonders stark vertreten ist. Daher finden sich die (aktuell noch?) meisten LGBTQI+ freien Zonen vor allem im S\u00fcden Polens.<\/p>\n<p>Die EU hatte immer wieder mit Kritik reagiert und somit zum Ausdruck gebracht, dass es nicht mit ihren Werten vereinbar ist, wenn sich ein Land (oder die Gemeinden in einem Land) dazu entschlie\u00dfen, Menschen aufgrund ihrer sexuellen Orientierung auszuschlie\u00dfen. Nun hat die erste der Gemeinden reagiert und dem Druck nachgegeben.<\/p>\n<p><img fetchpriority=\"high\" decoding=\"async\" class=\"alignnone size-full wp-image-8807\" src=\"https:\/\/planet-randy.com\/blog\/wp-content\/uploads\/2021\/10\/Polen-hat-eine-LGBT-Freie-Zone-weniger.jpg\" alt=\"Polen hat eine LGBT Freie Zone weniger\" width=\"1023\" height=\"574\" srcset=\"https:\/\/planet-randy.com\/blog\/wp-content\/uploads\/2021\/10\/Polen-hat-eine-LGBT-Freie-Zone-weniger.jpg 1023w, https:\/\/planet-randy.com\/blog\/wp-content\/uploads\/2021\/10\/Polen-hat-eine-LGBT-Freie-Zone-weniger-200x112.jpg 200w, https:\/\/planet-randy.com\/blog\/wp-content\/uploads\/2021\/10\/Polen-hat-eine-LGBT-Freie-Zone-weniger-768x431.jpg 768w\" sizes=\"(max-width: 1023px) 100vw, 1023px\" \/><\/p>\n<h3>Swietokrzyskie m\u00f6chte keine LGBTQI+ freie Zone mehr sein<\/h3>\n<p>Erst vor wenigen Tagen kam die Verwaltung der Gemeinde Swietokrzyskie zusammen und erkl\u00e4rte in einer Sitzung, nicht mehr zu den LGbTQI+ freien Arealen zu geh\u00f6ren. Obwohl es sich hierbei bisher \u201e<em>nur<\/em>\u201c um eine Gemeinde handelt, sind viele Menschen ger\u00fchrt von diesem Schritt und verbuchen ihn als einen gro\u00dfen Erfolg auf dem Weg zu mehr Diversit\u00e4t und Gleichberechtigung im Land.<\/p>\n<p>Ob noch weitere Gemeinden dem Beispiel Swietokrzyskies folgen, bleibt abzuwarten. Fest steht, dass es sich hierbei durchaus um eine Art Z\u00e4sur handelt. Denn: sich aus einer Gemeinschaft aus circa 100 Mitgliedern zu l\u00f6sen, um ein Statement zu setzen, kann im weitestgehend katholischen Polen durchaus als besonders angesehen werden.<\/p>\n<p>Die Frage, die sich in diesem Zusammenhang zwangsl\u00e4ufig jedoch stellt, ist: woher kommt der Sinneswandel?<\/p>\n<h4><strong>Weshalb hat sich Swietokrzyskie entschieden, keine LGBTQI+ freie Zone sein zu wollen?<\/strong><\/h4>\n<p>Wie bereits erw\u00e4hnt, spielte im Zusammenhang mit dem Zur\u00fcckrudern die EU eine wichtige Rolle. Denn: diese kritisierte das Verhalten der betreffenden Gemeinden nicht nur, sondern deklarierte das Vorgehen als Vertragsverletzung.<\/p>\n<p>Dementsprechend wurde ein Verfahren gegen die Hauptstadt des Landes eingeleitet. In einer offiziellen Begr\u00fcndung hierzu hie\u00df es, dass Europa es nicht zulassen werden, dass \u201e<em>Teile unserer Gesellschaft stigmatisiert werden<\/em>\u201c, unter anderem auch nicht \u201e<em>wegen der Person, die sie lieben<\/em>\u201c.<\/p>\n<p>Um der Forderung nach mehr Toleranz Nachdruck zu verleihen, entschied sich die EU in der Folge au\u00dferdem dazu, die Zahlung von Corona Hilfen an die betreffenden Regionen im Land Polen auszusetzen. Die Reaktionen lie\u00dfen \u2013 offensichtlich \u2013 nicht lange auf sich warten.<\/p>\n<h5><strong>Weshalb wurden in Polen LGBTQI+ freie Zonen eingerichtet?<\/strong><\/h5>\n<p>Viele konservative Kr\u00e4fte innerhalb Polens unterst\u00fctzen nach wie vor die LGBTQI+ freien Zonen \u2013 vor allem deswegen, weil die Queer Community bzw. die Homosexualit\u00e4t das traditionelle Familienbild gef\u00e4hrde.<\/p>\n<p>Immer wieder ist in diesem Zusammenhang von dem Begriff der \u201e<em>Ideologie<\/em>\u201c die Rede. Auf diese Weise werden die Menschen, die zur Community geh\u00f6ren, stigmatisiert und ausgeschlossen. Durch das Errichten der entsprechenden Zonen erhofften die Verantwortlichen, die \u201e<em>klassische Familie<\/em>\u201c besser zu sch\u00fctzen und die \u201e<em>Normalit\u00e4t<\/em>\u201c der \u201e<em>Mann-Frau Beziehung<\/em>\u201c weiter zu unterstreichen.<\/p>\n<p>Auch wenn die Gemeinde Swietokrzyskie in diesem Zusammenhang nun wieder zur\u00fcckgerudert ist, steht au\u00dfer Frage, dass es noch ein langer Weg sein d\u00fcrfte, bis ein Umdenken in den K\u00f6pfen der Menschen stattfindet.<\/p>\n<p>&nbsp;<\/p>\n<p>\u00dcbrigens,\u00a0<a title=\"Wien plant ein Denkmal f\u00fcr Homosexuelle\" href=\"https:\/\/planet-randy.com\/blog\/wien-plant-ein-denkmal-fuer-homosexuelle\/\" rel=\"bookmark\">Wien plant ein Denkmal f\u00fcr Homosexuelle<\/a>.<\/p>\n","protected":false},"excerpt":{"rendered":"<p>Die Anzahl der LGBTQI+ freien Zonen in Polen verringert sich um \u201e-1\u201c Es ist noch nicht allzu lange her, dass Polen \u2013 unter anderem auch in den deutschen Medien \u2013 f\u00fcr seine LGBTQI+ freien Zonen kritisiert wurde. Die circa 100 Areale hatten sich entsprechend deklariert und damit zum Ausdruck gebracht, dass die Community hier nicht [&hellip;]<\/p>\n","protected":false},"author":2,"featured_media":8807,"comment_status":"open","ping_status":"open","sticky":false,"template":"","format":"standard","meta":{"footnotes":""},"categories":[4],"tags":[],"class_list":["post-8806","post","type-post","status-publish","format-standard","has-post-thumbnail","hentry","category-news-aus-der-community","wp-sticky"],"_links":{"self":[{"href":"https:\/\/planet-randy.com\/blog\/wp-json\/wp\/v2\/posts\/8806","targetHints":{"allow":["GET"]}}],"collection":[{"href":"https:\/\/planet-randy.com\/blog\/wp-json\/wp\/v2\/posts"}],"about":[{"href":"https:\/\/planet-randy.com\/blog\/wp-json\/wp\/v2\/types\/post"}],"author":[{"embeddable":true,"href":"https:\/\/planet-randy.com\/blog\/wp-json\/wp\/v2\/users\/2"}],"replies":[{"embeddable":true,"href":"https:\/\/planet-randy.com\/blog\/wp-json\/wp\/v2\/comments?post=8806"}],"version-history":[{"count":3,"href":"https:\/\/planet-randy.com\/blog\/wp-json\/wp\/v2\/posts\/8806\/revisions"}],"predecessor-version":[{"id":9203,"href":"https:\/\/planet-randy.com\/blog\/wp-json\/wp\/v2\/posts\/8806\/revisions\/9203"}],"wp:featuredmedia":[{"embeddable":true,"href":"https:\/\/planet-randy.com\/blog\/wp-json\/wp\/v2\/media\/8807"}],"wp:attachment":[{"href":"https:\/\/planet-randy.com\/blog\/wp-json\/wp\/v2\/media?parent=8806"}],"wp:term":[{"taxonomy":"category","embeddable":true,"href":"https:\/\/planet-randy.com\/blog\/wp-json\/wp\/v2\/categories?post=8806"},{"taxonomy":"post_tag","embeddable":true,"href":"https:\/\/planet-randy.com\/blog\/wp-json\/wp\/v2\/tags?post=8806"}],"curies":[{"name":"wp","href":"https:\/\/api.w.org\/{rel}","templated":true}]}}