{"id":8608,"date":"2021-09-12T15:43:57","date_gmt":"2021-09-12T13:43:57","guid":{"rendered":"https:\/\/planet-randy.com\/blog\/?p=8608"},"modified":"2021-10-31T11:57:51","modified_gmt":"2021-10-31T10:57:51","slug":"der-swiss-diversity-award-2021","status":"publish","type":"post","link":"https:\/\/planet-randy.com\/blog\/der-swiss-diversity-award-2021\/","title":{"rendered":"Der Swiss Diversity Award 2021"},"content":{"rendered":"<h2>Wer hat bei den Swiss Diversity Awards abger\u00e4umt?<\/h2>\n<p>Die Swiss Diversity Awards sind in die dritte Runde gegangen. Wieder einmal wurden Menschen, die es schaffen, Br\u00fccken zwischen der Community und dem Rest der Gesellschaft zu bauen, geehrt. Das Event wurde von Melanie Winiger moderiert. Winiger gewann in der Vergangenheit nicht nur die Wahl zur Miss Schweiz, sondern ist vielen auch aus dem Bereich der Schauspielerei bekannt.<\/p>\n<p>F\u00fcr die Swiss Diversity Awards ist sie ebenfalls kein neues Gesicht. Schon im letzten Jahr war sie mit von der Partie. Damals hielt sie eine Laudatio.<\/p>\n<p>Doch wer konnte 2021 eigentlich einen der begehrten Preise in den jeweiligen Kategorien mit nach Hause nehmen?<\/p>\n<p><img fetchpriority=\"high\" decoding=\"async\" class=\"alignnone size-full wp-image-8610\" src=\"https:\/\/planet-randy.com\/blog\/wp-content\/uploads\/2021\/09\/Der-Swiss-Diversity-Award.jpg\" alt=\"Der Swiss Diversity Award\" width=\"1200\" height=\"800\" srcset=\"https:\/\/planet-randy.com\/blog\/wp-content\/uploads\/2021\/09\/Der-Swiss-Diversity-Award.jpg 1200w, https:\/\/planet-randy.com\/blog\/wp-content\/uploads\/2021\/09\/Der-Swiss-Diversity-Award-200x133.jpg 200w, https:\/\/planet-randy.com\/blog\/wp-content\/uploads\/2021\/09\/Der-Swiss-Diversity-Award-768x512.jpg 768w\" sizes=\"(max-width: 1200px) 100vw, 1200px\" \/><\/p>\n<h3>Alle Gewinner in der \u00dcbersicht<\/h3>\n<p>Die Swiss Diversity Awards sind vielen Menschen innerhalb der Szene ein Begriff. Dieses Mal wurden die folgenden Personen\/ Organisationen ausgezeichnet:<\/p>\n<p><strong>In der Kategorie \u201eLGBT+\u201c: das Schulprojekt ABQ<\/strong><\/p>\n<p>Das Projekt setzt sich daf\u00fcr ein, dass Grenzen schon im Jugendalter abgebaut werden. Queers und Nicht-Queers sollen miteinander ins Gespr\u00e4ch kommen und sich austauschen. Auf diese Weise sollen Vorurteile abgebaut werden.<\/p>\n<p><strong>In der Kategorie \u201eEquality\u201c: der Verein \u201eZw\u00fcschehalt\u201c<\/strong><\/p>\n<p>Der Verein hat es sich zur Aufgabe gemacht, Kinder und M\u00e4nner vor der Gewalt von Frauen zu sch\u00fctzen. Hierbei handelt es sich \u2013 auch in Deutschland \u2013 um ein besonders sensibles Thema, da sich viele M\u00e4nner nicht trauen bzw. sich sch\u00e4men, offen mit einem derartigen Problem umzugehen.<\/p>\n<p><strong>In der Kategorie \u201eSport\u201c: Marco Lehmann<\/strong><\/p>\n<p>Marco Lehmann ist Profi Basketballer. Es ist noch nicht allzu lange her, dass er sich geoutet hat. Seither gilt er f\u00fcr viele innerhalb der Szene als Vorbild und als ein hervorragender Beweis daf\u00fcr, dass Sportler nicht zwangsl\u00e4ufig hetero sein m\u00fcssen.<\/p>\n<p><strong>In der Kategorie \u201eDisability\u201c: Sophie Mia Willener<\/strong><\/p>\n<p>Sophie ist Schmuckdesignerin und entwirft unter anderem H\u00f6rger\u00e4te<\/p>\n<p><strong>In der Kategorie \u201ePolitik\u201c: Maya Graf<\/strong><\/p>\n<p>Maya Graf engagiert sich schon l\u00e4nger f\u00fcr die Rechte von Frauen in der Schweiz. Sie setzt in unterschiedlichen Bereichen an und m\u00f6chte die Menschen auf unterschiedlichen Ebenen mit Problemen konfrontieren, mit denen sich viele Frauen tagt\u00e4glich auseinandersetzen m\u00fcssen. Eines ihrer Ziele ist es, klassische Rollen- und Geschlechterstandards zu durchbrechen.<\/p>\n<p><strong>In der Kategorie Art &amp; Education: der Verein Wert-Voll<\/strong><\/p>\n<p>Der Verein Wert-Voll engagiert sich f\u00fcr Menschen, die unter Einschr\u00e4nkungen leiden und es deswegen schwer haben, eine Lehrstelle zu finden.<\/p>\n<p><strong>In der Kategorie \u201eEntertainment\u201c: AdemessiTV<\/strong><\/p>\n<p>AdemessiTV ist auf Instagram und auf YouTube aktiv. Besonders ist hier, dass es nicht nur darum geht, die Menschen zum Lachen, sondern auch zum Nachdenken zu bringen. Lustige und ernste Themen gehen ineinander \u00fcber und erm\u00f6glichen so oft eine neue Herangehensweise.<\/p>\n<p><strong>Der \u201eAllianz Lifetime Award\u201c: Doris Gisler Truog<\/strong><\/p>\n<p>Doris Gisler Truog ist mittlerweile 93 Jahre alt und auch innerhalb der Schweizer Community eine echte Ikone. Sie hat schon fr\u00fch erkannt, wie bereichernd es sein kann, wenn offener, toleranter und moderner in den Medien \u00fcber die Themen der Zeit berichtet wird. Ein Aspekt, der ihr in diesem Zusammenhang immer wichtig war: das Thema \u201e<em>Gleichberechtigung<\/em>\u201c. Nicht nur zwischen den Geschlechtern, sondern zwischen allen Menschen.<\/p>\n<h4><strong>Die Swiss Diversity Awards \u2013 auch in Zeiten von Corona ein wichtiges Event<\/strong><\/h4>\n<p>Dass die <a href=\"https:\/\/www.swissdiversityawards.ch\/\" rel=\"noopener\">Swiss Diversity Awards<\/a> auch in Zeiten von Corona stattfinden konnten, ist ein wichtiges Zeichen. Das Interesse an den m\u00f6glichen Preistr\u00e4gern war schon im Vorfeld gro\u00df. Die Veranstaltung hat es sich zum Ziel gesetzt, Diversity auf unterschiedlichen Ebenen abzubilden und nicht nur die sexuelle Orientierung von Menschen, sondern auch verschiedene Geschlechter, Nationen und Ethnien in den Fokus zu r\u00fccken.<\/p>\n<p>Daher gestaltete sich die Riege der Preistr\u00e4ger auch in diesem Jahr wieder \u2013 im wahrsten Sinne des Wortes \u2013 besonders bunt.<\/p>\n<p>&nbsp;<\/p>\n<p>Die\u00a0<a title=\"LGBT freie Zonen haben Folgen\" href=\"https:\/\/planet-randy.com\/blog\/lgbt-freie-zonen-haben-folgen\/\" rel=\"bookmark\">LGBT freie Zonen in Polen haben Folgen<\/a>.<\/p>\n","protected":false},"excerpt":{"rendered":"<p>Wer hat bei den Swiss Diversity Awards abger\u00e4umt? Die Swiss Diversity Awards sind in die dritte Runde gegangen. Wieder einmal wurden Menschen, die es schaffen, Br\u00fccken zwischen der Community und dem Rest der Gesellschaft zu bauen, geehrt. Das Event wurde von Melanie Winiger moderiert. Winiger gewann in der Vergangenheit nicht nur die Wahl zur Miss [&hellip;]<\/p>\n","protected":false},"author":3,"featured_media":8610,"comment_status":"open","ping_status":"open","sticky":false,"template":"","format":"standard","meta":{"footnotes":""},"categories":[4],"tags":[],"class_list":["post-8608","post","type-post","status-publish","format-standard","has-post-thumbnail","hentry","category-news-aus-der-community","wp-sticky"],"_links":{"self":[{"href":"https:\/\/planet-randy.com\/blog\/wp-json\/wp\/v2\/posts\/8608","targetHints":{"allow":["GET"]}}],"collection":[{"href":"https:\/\/planet-randy.com\/blog\/wp-json\/wp\/v2\/posts"}],"about":[{"href":"https:\/\/planet-randy.com\/blog\/wp-json\/wp\/v2\/types\/post"}],"author":[{"embeddable":true,"href":"https:\/\/planet-randy.com\/blog\/wp-json\/wp\/v2\/users\/3"}],"replies":[{"embeddable":true,"href":"https:\/\/planet-randy.com\/blog\/wp-json\/wp\/v2\/comments?post=8608"}],"version-history":[{"count":3,"href":"https:\/\/planet-randy.com\/blog\/wp-json\/wp\/v2\/posts\/8608\/revisions"}],"predecessor-version":[{"id":9237,"href":"https:\/\/planet-randy.com\/blog\/wp-json\/wp\/v2\/posts\/8608\/revisions\/9237"}],"wp:featuredmedia":[{"embeddable":true,"href":"https:\/\/planet-randy.com\/blog\/wp-json\/wp\/v2\/media\/8610"}],"wp:attachment":[{"href":"https:\/\/planet-randy.com\/blog\/wp-json\/wp\/v2\/media?parent=8608"}],"wp:term":[{"taxonomy":"category","embeddable":true,"href":"https:\/\/planet-randy.com\/blog\/wp-json\/wp\/v2\/categories?post=8608"},{"taxonomy":"post_tag","embeddable":true,"href":"https:\/\/planet-randy.com\/blog\/wp-json\/wp\/v2\/tags?post=8608"}],"curies":[{"name":"wp","href":"https:\/\/api.w.org\/{rel}","templated":true}]}}