{"id":8604,"date":"2021-09-11T09:59:37","date_gmt":"2021-09-11T07:59:37","guid":{"rendered":"https:\/\/planet-randy.com\/blog\/?p=8604"},"modified":"2021-10-31T11:58:50","modified_gmt":"2021-10-31T10:58:50","slug":"lgbt-freie-zonen-haben-folgen","status":"publish","type":"post","link":"https:\/\/planet-randy.com\/blog\/lgbt-freie-zonen-haben-folgen\/","title":{"rendered":"LGBT freie Zonen haben Folgen"},"content":{"rendered":"<h2>LGBTQI+-freie Zonen haben Folgen f\u00fcr Polen<\/h2>\n<p>Dass sich einige Provinzen in Polen dazu entschlossen haben, sich als \u201e<em>LGBT-frei<\/em>\u201c zu erkl\u00e4ren, ist nicht neu. Schon kurz nach dem Bekanntwerden dieser Entscheidung wurde in den Medien weltweit berichtet. Auch die Europ\u00e4ische Kommission meldete sich mehrfach zu Wort und kritisierte das Verhalten der betreffenden Provinzen.<\/p>\n<p>Bei einer schlichten Kritik bleibt es nun jedoch nicht. In einem Schreiben haben die Verantwortlichen nun darauf aufmerksam gemacht, dass Mittel, die f\u00fcr die jeweiligen polnischen Provinzen eingeplant waren, nun zur\u00fcckgestellt werden sollen.<\/p>\n<p><img fetchpriority=\"high\" decoding=\"async\" class=\"alignnone size-full wp-image-8605\" src=\"https:\/\/planet-randy.com\/blog\/wp-content\/uploads\/2021\/09\/LGBT-freie-Zonen-haben-Folgen.jpg\" alt=\"LGBT freie Zonen haben Folgen\" width=\"1556\" height=\"1037\" srcset=\"https:\/\/planet-randy.com\/blog\/wp-content\/uploads\/2021\/09\/LGBT-freie-Zonen-haben-Folgen.jpg 1556w, https:\/\/planet-randy.com\/blog\/wp-content\/uploads\/2021\/09\/LGBT-freie-Zonen-haben-Folgen-200x133.jpg 200w, https:\/\/planet-randy.com\/blog\/wp-content\/uploads\/2021\/09\/LGBT-freie-Zonen-haben-Folgen-1200x800.jpg 1200w, https:\/\/planet-randy.com\/blog\/wp-content\/uploads\/2021\/09\/LGBT-freie-Zonen-haben-Folgen-768x512.jpg 768w, https:\/\/planet-randy.com\/blog\/wp-content\/uploads\/2021\/09\/LGBT-freie-Zonen-haben-Folgen-1536x1024.jpg 1536w\" sizes=\"(max-width: 1556px) 100vw, 1556px\" \/><\/p>\n<h3>Europ\u00e4ische Kommission verweist auf Vertrag<\/h3>\n<p>In dem betreffenden Schreiben nimmt die Europ\u00e4ische Kommission Stellung zu den j\u00fcngsten Entwicklungen und erkl\u00e4rt, dass sich das Abgrenzen der LGBTQI+-freien Zonen nicht mit den Werten vereinbaren lie\u00dfe, die f\u00fcr die Europ\u00e4ische Union gelten.<\/p>\n<p>Daher sollen nun finanzielle Mittel zur\u00fcckgestellt werden. Die betreffenden Betr\u00e4ge belaufen sich auf mehrere Milliarden. Daher ist es sehr wahrscheinlich, dass die Auswirkungen f\u00fcr das Land Polen deutlich zu sp\u00fcren sein werden.<\/p>\n<p>Der Schritt war jedoch abzusehen und d\u00fcrfte f\u00fcr die Verantwortlichen in Polen nicht \u00fcberraschend kommen. Zumal einige EU-Politiker in Richtung Polen immer wieder genau das angedeutet hatten.<\/p>\n<h4><strong>\u00c4hnliche Entwicklungen in Ungarn<\/strong><\/h4>\n<p>Wer seinen Blick nach Ungarn schweifen l\u00e4sst, erkennt erschreckenderweise auch hier, dass es Homophobie immer mehr schafft, sich auszubreiten. In Ungarn liegt der Fokus aktuell jedoch darauf, Kinder und Jugendliche nicht mehr \u2013 beispielsweise in der Schule \u2013 in Kontakt mit \u201e<em>queerer Literatur<\/em>\u201c kommen zu lassen.<\/p>\n<p>\u201e<em>Regenbogenfamilien<\/em>\u201c sollen in Schulb\u00fcchern und einschl\u00e4gigen Zeitschriften nicht mehr dargestellt werden. Vielmehr soll es das Ziel sein, die \u201e<em>normale<\/em>\u201c Familie, bestehend aus Vater, Mutter und den Kindern, in den Fokus zu r\u00fccken.<\/p>\n<p>Auf diese erschreckenden Anti-Queer Gesetze hat die EU-Politik ebenfalls bereits reagiert und das Vorgehen verurteilt.<\/p>\n<p><img decoding=\"async\" class=\"alignnone size-full wp-image-8606\" src=\"https:\/\/planet-randy.com\/blog\/wp-content\/uploads\/2021\/09\/jbhjkbj.jpg\" alt=\"LGBT freie Zonen haben Folgen\" width=\"1024\" height=\"571\" srcset=\"https:\/\/planet-randy.com\/blog\/wp-content\/uploads\/2021\/09\/jbhjkbj.jpg 1024w, https:\/\/planet-randy.com\/blog\/wp-content\/uploads\/2021\/09\/jbhjkbj-200x112.jpg 200w, https:\/\/planet-randy.com\/blog\/wp-content\/uploads\/2021\/09\/jbhjkbj-768x428.jpg 768w\" sizes=\"(max-width: 1024px) 100vw, 1024px\" \/><\/p>\n<h5><strong>Wie geht es den Queers vor Ort?<\/strong><\/h5>\n<p>Besonders wichtig ist selbstverst\u00e4ndlich, dass die Queers, die in Polen (und auch in Ungarn und in allen anderen Teilen der Welt) leben, nicht unter den zur\u00fcckgesetzten Mitteln leiden. Aber: auch ohne die Einschr\u00e4nkungen, die m\u00f6glicherweise aus den nicht ausgezahlten Geldern einhergehen, ist die Situation von Homosexuellen in vielen Regionen der Erde dramatisch.<\/p>\n<p>Dennoch w\u00e4re es auch falsch, zu behaupten, in Polen, Ungarn und Co. g\u00e4be es keine starke LGBTQI+ Szene. Im Gegensatz zu anderen L\u00e4ndern haben die Menschen hier jedoch nicht die M\u00f6glichkeit, vergleichsweise frei zu ihrer Queerness zu stehen. Verschiedene Vereine, unter anderem auch aus Deutschland, machen sich \u2013 beispielsweise in den Sozialen Netzwerken \u2013 stark f\u00fcr die Betroffenen und versuchen, so gut es geht, Aufkl\u00e4rungsarbeit zu leisten.<\/p>\n<p>Trotzdem gestaltet sich das Leben f\u00fcr Queers in Polen seit der medialen Berichterstattung um die LGBTQI+-freien Zonen oft noch schwieriger als zuvor. Viele von ihnen mussten auch schon feststellen, dass Hass, der vorher lediglich mit Worten gelebt wurde, auch in k\u00f6rperliche Gewalt umschlagen kann.<\/p>\n<h6><strong>LGBTQI+-frei oder nicht?<\/strong><\/h6>\n<p>Bei den LGBTQI+-freien Zonen in Polen handelt es sich keineswegs um starre Konstrukte. Ein Blick auf die Entwicklungen der Vergangenheit hat gezeigt, dass die Entscheidung, als Provinz LGBTQI+-frei zu werden, nicht in Stein gemei\u00dfelt ist.<\/p>\n<p>M\u00f6glicherweise auch aufgrund des internationalen Drucks sind mittlerweile einige Verantwortliche zur\u00fcckgerudert und haben sich dazu entschlossen \u2013 zumindest nach au\u00dfen hin \u2013 wieder queer-freundlicher zu werden. Umgekehrt wurde im polnischen Regionalrat vor ein paar Wochen \u00fcber die Beibehaltung der entsprechenden Zonen abgestimmt.<\/p>\n<p>Daher ist es unter anderem auch so wichtig, sowohl f\u00fcr die LGBTQI+ Community in Polen als auch f\u00fcr die Menschen in Deutschland, die sich mit den Betroffenen vor Ort verbunden f\u00fchlen, am Ball zu bleiben, um zu erkennen, dass sich manche Entwicklungen m\u00f6glicherweise auch noch umkehren lassen.<\/p>\n<p>Das Zur\u00fcckstellen der Gelder in Milliardenh\u00f6he seitens der EU hat einmal mehr gezeigt, dass es sich bei dem Festhalten an den Zonen nicht um eine Bagatelle, sondern um einen schweren Versto\u00df gegen die Grunds\u00e4tze der EU handelt. Inwiefern sich Polen (und auch andere L\u00e4nder, in denen Queers immer noch unterdr\u00fcckt werden) hiervon beeinflussen lassen, bleibt abzuwarten.<\/p>\n<p>&nbsp;<\/p>\n<p class=\"entry-title\"><a title=\"Der sydonale Weg\" href=\"https:\/\/planet-randy.com\/blog\/der-sydonale-weg\/\" rel=\"bookmark\">Der sydonale Weg<\/a> n\u00e4hrt sich endlich.<\/p>\n","protected":false},"excerpt":{"rendered":"<p>LGBTQI+-freie Zonen haben Folgen f\u00fcr Polen Dass sich einige Provinzen in Polen dazu entschlossen haben, sich als \u201eLGBT-frei\u201c zu erkl\u00e4ren, ist nicht neu. Schon kurz nach dem Bekanntwerden dieser Entscheidung wurde in den Medien weltweit berichtet. Auch die Europ\u00e4ische Kommission meldete sich mehrfach zu Wort und kritisierte das Verhalten der betreffenden Provinzen. Bei einer schlichten [&hellip;]<\/p>\n","protected":false},"author":2,"featured_media":8605,"comment_status":"open","ping_status":"open","sticky":false,"template":"","format":"standard","meta":{"footnotes":""},"categories":[4],"tags":[],"class_list":["post-8604","post","type-post","status-publish","format-standard","has-post-thumbnail","hentry","category-news-aus-der-community","wp-sticky"],"_links":{"self":[{"href":"https:\/\/planet-randy.com\/blog\/wp-json\/wp\/v2\/posts\/8604","targetHints":{"allow":["GET"]}}],"collection":[{"href":"https:\/\/planet-randy.com\/blog\/wp-json\/wp\/v2\/posts"}],"about":[{"href":"https:\/\/planet-randy.com\/blog\/wp-json\/wp\/v2\/types\/post"}],"author":[{"embeddable":true,"href":"https:\/\/planet-randy.com\/blog\/wp-json\/wp\/v2\/users\/2"}],"replies":[{"embeddable":true,"href":"https:\/\/planet-randy.com\/blog\/wp-json\/wp\/v2\/comments?post=8604"}],"version-history":[{"count":3,"href":"https:\/\/planet-randy.com\/blog\/wp-json\/wp\/v2\/posts\/8604\/revisions"}],"predecessor-version":[{"id":9239,"href":"https:\/\/planet-randy.com\/blog\/wp-json\/wp\/v2\/posts\/8604\/revisions\/9239"}],"wp:featuredmedia":[{"embeddable":true,"href":"https:\/\/planet-randy.com\/blog\/wp-json\/wp\/v2\/media\/8605"}],"wp:attachment":[{"href":"https:\/\/planet-randy.com\/blog\/wp-json\/wp\/v2\/media?parent=8604"}],"wp:term":[{"taxonomy":"category","embeddable":true,"href":"https:\/\/planet-randy.com\/blog\/wp-json\/wp\/v2\/categories?post=8604"},{"taxonomy":"post_tag","embeddable":true,"href":"https:\/\/planet-randy.com\/blog\/wp-json\/wp\/v2\/tags?post=8604"}],"curies":[{"name":"wp","href":"https:\/\/api.w.org\/{rel}","templated":true}]}}