{"id":8552,"date":"2021-09-05T12:49:13","date_gmt":"2021-09-05T10:49:13","guid":{"rendered":"https:\/\/planet-randy.com\/blog\/?p=8552"},"modified":"2021-10-31T12:06:40","modified_gmt":"2021-10-31T11:06:40","slug":"die-studie-zum-hate-speech","status":"publish","type":"post","link":"https:\/\/planet-randy.com\/blog\/die-studie-zum-hate-speech\/","title":{"rendered":"Die Studie zum Hate Speech"},"content":{"rendered":"<h2>Schweizer Studie zu Hate Speech erschreckt<\/h2>\n<p>Dass das Internet kein \u201e<em>rechtsfreier Raum<\/em>\u201c ist, wurde in der Vergangenheit schon \u00f6fter betont. Genau das scheint viele Menschen jedoch nicht davon abzuhalten, andere aufgrund ihres Aussehens oder ihrer sexuellen Orientierung zu diskriminieren und zu beleidigen.<\/p>\n<p>Mit dem Thema Hate Speech hat sich unl\u00e4ngst auch ein JAMESfocus-Bericht der ZHAW und der Swisscom auseinandergesetzt. Die Ergebnisse erschrecken und zeigen, wie pr\u00e4sent der Hass im Internet mittlerweile geworden ist. So gab etwa die H\u00e4lfte der Befragten an, \u00f6fter pro Woche mit Hate Speech konfrontiert zu werden. Vor allem in der Gruppe der Jugendlichen im Alter zwischen 16 und 19 Jahren ist das Problem weitverbreitet. M\u00e4dchen bzw. Frauen sind \u00f6fter betroffen.<\/p>\n<p><img fetchpriority=\"high\" decoding=\"async\" class=\"alignnone size-full wp-image-8554\" src=\"https:\/\/planet-randy.com\/blog\/wp-content\/uploads\/2021\/09\/no-hate-share.jpg\" alt=\"Die Studie zum Hate Speech\" width=\"1200\" height=\"630\" srcset=\"https:\/\/planet-randy.com\/blog\/wp-content\/uploads\/2021\/09\/no-hate-share.jpg 1200w, https:\/\/planet-randy.com\/blog\/wp-content\/uploads\/2021\/09\/no-hate-share-200x105.jpg 200w, https:\/\/planet-randy.com\/blog\/wp-content\/uploads\/2021\/09\/no-hate-share-768x403.jpg 768w\" sizes=\"(max-width: 1200px) 100vw, 1200px\" \/><\/p>\n<h3>Sexuelle Orientierung bei Hate Speech auch ein Thema<\/h3>\n<p>Wer eine Untersuchung zum Thema Hate Speech ins Leben ruft, stellt sich selbstverst\u00e4ndlich auch die Frage, weshalb \u00fcberhaupt \u201e<em>gehatet<\/em>\u201c wird. Die LGBTQI+ Community (und alle, die sich mit ihr verbunden f\u00fchlen) d\u00fcrfte es erschrecken, dass in der H\u00e4lfte der Kommentare auf die sexuelle Orientierung der Opfer angespielt wird. In einem Drittel der F\u00e4lle werden Menschen aufgrund ihrer geschlechtlichen Identit\u00e4t gemobbt.<\/p>\n<p>Klare Zahlen \u00fcber den genauen Umfang der F\u00e4lle zusammenzutragen, ist unter anderem jedoch auch deshalb schwer, weil es keine festen Regeln gibt, ab wann von \u201e<em>Hate Speech<\/em>\u201c gesprochen wird. Manche der Betroffenen scheinen hier ein dickeres Fell zu haben. Was andere als \u201e<em>Hass-Kommentar<\/em>\u201c deklarieren, kann f\u00fcr sie lediglich ein unreflektiertes \u201e<em>Anraunzen<\/em>\u201c von der Seite sein. Die Grenzen sind dementsprechend flie\u00dfend. Zudem haben viele Menschen auch Probleme damit, sich als Opfer von Hate Speech zu bezeichnen, weil sie sich m\u00f6glicherweise sch\u00e4men und denken, dass mit ihnen etwas nicht stimmen k\u00f6nnte.<\/p>\n<p>Die Studie zeigt jedoch eine klare Tendenz auf: Die Lage ist erschreckend und unterstreicht, wie viel Intoleranz in weiten Teilen der Gesellschaft noch herrscht.<\/p>\n<p><img decoding=\"async\" class=\"alignnone size-full wp-image-8555\" src=\"https:\/\/planet-randy.com\/blog\/wp-content\/uploads\/2021\/09\/Aggressivitt-im-Internet-311309-detailp.jpg\" alt=\"Die Studie zum Hate Speech\" width=\"939\" height=\"512\" srcset=\"https:\/\/planet-randy.com\/blog\/wp-content\/uploads\/2021\/09\/Aggressivitt-im-Internet-311309-detailp.jpg 939w, https:\/\/planet-randy.com\/blog\/wp-content\/uploads\/2021\/09\/Aggressivitt-im-Internet-311309-detailp-200x109.jpg 200w, https:\/\/planet-randy.com\/blog\/wp-content\/uploads\/2021\/09\/Aggressivitt-im-Internet-311309-detailp-768x419.jpg 768w\" sizes=\"(max-width: 939px) 100vw, 939px\" \/><\/p>\n<h4><strong>Wie reagieren Menschen, wenn sie mit Hass im Internet konfrontiert werden?<\/strong><\/h4>\n<p>Vorweg: Die ver\u00f6ffentlichten Ergebnisse der Umfrage basieren auf den Aussagen der Betroffenen. Dass mehr M\u00e4dchen angeben, von Hass-Kommentaren geschockt zu sein als Jungs, kann nat\u00fcrlich auch damit zusammenh\u00e4ngen, dass es den befragten Jungs schwerfallen k\u00f6nnte, hier \u201e<em>Schw\u00e4che<\/em>\u201c zu zeigen.<\/p>\n<p>Zum Vergleich: w\u00e4hrend 75 Prozent der weiblichen Befragten angeben, dass Hate Speech sie traurig mache, best\u00e4tigten dies nur etwa zwei F\u00fcnften der m\u00e4nnlichen Umfrage-Teilnehmer.<\/p>\n<p>So oder so: schon lange sind viele Verantwortliche der Meinung, dass in den Sozialen Netzwerken mehr gegen Hate Speech getan werden sollte. Betroffene k\u00f6nnen sich \u2013 zumindest im ersten Schritt \u2013 ein wenig sch\u00fctzen, indem sie ihre Hater f\u00fcr weitere Kommentare sperren. Sicherlich w\u00e4re es jedoch auch w\u00fcnschenswert, wenn die Betreiber der Plattformen selbst hier f\u00fcr noch mehr Ordnung sorgen w\u00fcrden, indem beispielsweise User, die haten, von offizieller Seite aus gesperrt werden.<\/p>\n<p>Die Gefahren, die Hate Speech gerade f\u00fcr junge Menschen mit sich bringt, sind auf lange Sicht nur schwer abzusehen. Vor allem w\u00e4hrend der Pubert\u00e4t und dann, wenn es darum geht, zu sich selbst zu stehen und sich gegebenenfalls zu outen, k\u00f6nnen derartige Hass-Kommentare schwer traumatisierend wirken.<\/p>\n<p>Betroffene sollten daher nicht z\u00f6gern, sich Hilfe zu holen \u2013 selbstverst\u00e4ndlich auch in Deutschland und in allen anderen Teilen der Welt.<\/p>\n<p><img decoding=\"async\" class=\"alignnone size-full wp-image-8553\" src=\"https:\/\/planet-randy.com\/blog\/wp-content\/uploads\/2021\/09\/Bestrafung-von-Hate-Speech-311311-detailp.jpg\" alt=\"Die Studie zum Hate Speech\" width=\"939\" height=\"510\" srcset=\"https:\/\/planet-randy.com\/blog\/wp-content\/uploads\/2021\/09\/Bestrafung-von-Hate-Speech-311311-detailp.jpg 939w, https:\/\/planet-randy.com\/blog\/wp-content\/uploads\/2021\/09\/Bestrafung-von-Hate-Speech-311311-detailp-200x109.jpg 200w, https:\/\/planet-randy.com\/blog\/wp-content\/uploads\/2021\/09\/Bestrafung-von-Hate-Speech-311311-detailp-768x417.jpg 768w\" sizes=\"(max-width: 939px) 100vw, 939px\" \/><\/p>\n<h5><strong>Wenn Hate Speech zu Hate Crime wird\u2026<\/strong><\/h5>\n<p>Die Grenzen zwischen Hate Speech und Hate Crime sind nicht selten flie\u00dfend. Wer im Internet mobbt, \u00fcbertr\u00e4gt dieses Verhalten auch oft in den \u201e<em>normalen Alltag<\/em>\u201c. Leider gilt dasselbe auch in Bezug auf Gewalttaten.<\/p>\n<p>Schon l\u00e4nger fordert die Community daher, dass unter anderem auch Hassverbrechen, die einen klaren queeren Hintergrund haben, als solche deklariert und besser aufgekl\u00e4rt werden. Vor allem im Rahmen der diesj\u00e4hrigen CSDs wurde einmal mehr ersichtlich, dass sich viele Menschen von dieser Art der homophoben Bedrohung beeintr\u00e4chtigt f\u00fchlen und wie wichtig es ihnen ist, hier Aufkl\u00e4rungsarbeit zu leisten.<\/p>\n<p>&nbsp;<\/p>\n<p>Im \u00dcbrigen, <a href=\"https:\/\/planet-randy.com\/blog\/lil-nas-x-album-erscheint-am-17-09-2021\/\">das Album von Lil Nas X erscheint am 17.09.2021<\/a><\/p>\n","protected":false},"excerpt":{"rendered":"<p>Schweizer Studie zu Hate Speech erschreckt Dass das Internet kein \u201erechtsfreier Raum\u201c ist, wurde in der Vergangenheit schon \u00f6fter betont. Genau das scheint viele Menschen jedoch nicht davon abzuhalten, andere aufgrund ihres Aussehens oder ihrer sexuellen Orientierung zu diskriminieren und zu beleidigen. Mit dem Thema Hate Speech hat sich unl\u00e4ngst auch ein JAMESfocus-Bericht der ZHAW [&hellip;]<\/p>\n","protected":false},"author":2,"featured_media":8554,"comment_status":"open","ping_status":"open","sticky":false,"template":"","format":"standard","meta":{"footnotes":""},"categories":[4],"tags":[],"class_list":["post-8552","post","type-post","status-publish","format-standard","has-post-thumbnail","hentry","category-news-aus-der-community","wp-sticky"],"_links":{"self":[{"href":"https:\/\/planet-randy.com\/blog\/wp-json\/wp\/v2\/posts\/8552","targetHints":{"allow":["GET"]}}],"collection":[{"href":"https:\/\/planet-randy.com\/blog\/wp-json\/wp\/v2\/posts"}],"about":[{"href":"https:\/\/planet-randy.com\/blog\/wp-json\/wp\/v2\/types\/post"}],"author":[{"embeddable":true,"href":"https:\/\/planet-randy.com\/blog\/wp-json\/wp\/v2\/users\/2"}],"replies":[{"embeddable":true,"href":"https:\/\/planet-randy.com\/blog\/wp-json\/wp\/v2\/comments?post=8552"}],"version-history":[{"count":3,"href":"https:\/\/planet-randy.com\/blog\/wp-json\/wp\/v2\/posts\/8552\/revisions"}],"predecessor-version":[{"id":9252,"href":"https:\/\/planet-randy.com\/blog\/wp-json\/wp\/v2\/posts\/8552\/revisions\/9252"}],"wp:featuredmedia":[{"embeddable":true,"href":"https:\/\/planet-randy.com\/blog\/wp-json\/wp\/v2\/media\/8554"}],"wp:attachment":[{"href":"https:\/\/planet-randy.com\/blog\/wp-json\/wp\/v2\/media?parent=8552"}],"wp:term":[{"taxonomy":"category","embeddable":true,"href":"https:\/\/planet-randy.com\/blog\/wp-json\/wp\/v2\/categories?post=8552"},{"taxonomy":"post_tag","embeddable":true,"href":"https:\/\/planet-randy.com\/blog\/wp-json\/wp\/v2\/tags?post=8552"}],"curies":[{"name":"wp","href":"https:\/\/api.w.org\/{rel}","templated":true}]}}