{"id":8449,"date":"2021-08-28T19:40:44","date_gmt":"2021-08-28T17:40:44","guid":{"rendered":"https:\/\/planet-randy.com\/blog\/?p=8449"},"modified":"2021-10-31T12:24:47","modified_gmt":"2021-10-31T11:24:47","slug":"lauterbachs-empfehlung-zum-csd","status":"publish","type":"post","link":"https:\/\/planet-randy.com\/blog\/lauterbachs-empfehlung-zum-csd\/","title":{"rendered":"Lauterbachs Empfehlung zum CSD"},"content":{"rendered":"<h2>Karl Lauterbach empfiehlt Ungeimpften, nicht zum CSD zu kommen<\/h2>\n<p>Die letzten Vorbereitungen f\u00fcr den K\u00f6lner CSD laufen. Nun hat sich SPD-Gesundheitsexperte Karl Lauterbach zu Wort gemeldet. Er spricht sich daf\u00fcr aus, dass diejenigen, die bisher noch keinen vollst\u00e4ndigen Impfschutz haben, nicht am CSD teilnehmen sollen, da das Infektionsrisiko zu hoch sei.<\/p>\n<p>In einem Interview mit T-Online verwies er unter anderem auf die Gefahren, die die Delta Variante des Virus\u2018 mit sich bringen w\u00fcrde.<\/p>\n<p>Im Idealfall sollten daher alle, die vor Ort sein werden, entweder geimpft, getestet oder genesen sein. Ansonsten sei eine solche Veranstaltung nur schwer zu verantworten.<\/p>\n<p><img fetchpriority=\"high\" decoding=\"async\" class=\"alignnone size-full wp-image-8450\" src=\"https:\/\/planet-randy.com\/blog\/wp-content\/uploads\/2021\/08\/Lauterbachs-Empfehlung-zum-CSD.jpg\" alt=\"Lauterbachs Empfehlung zum CSD\" width=\"1440\" height=\"1080\" srcset=\"https:\/\/planet-randy.com\/blog\/wp-content\/uploads\/2021\/08\/Lauterbachs-Empfehlung-zum-CSD.jpg 1440w, https:\/\/planet-randy.com\/blog\/wp-content\/uploads\/2021\/08\/Lauterbachs-Empfehlung-zum-CSD-200x150.jpg 200w, https:\/\/planet-randy.com\/blog\/wp-content\/uploads\/2021\/08\/Lauterbachs-Empfehlung-zum-CSD-1200x900.jpg 1200w, https:\/\/planet-randy.com\/blog\/wp-content\/uploads\/2021\/08\/Lauterbachs-Empfehlung-zum-CSD-768x576.jpg 768w\" sizes=\"(max-width: 1440px) 100vw, 1440px\" \/><\/p>\n<h3>Angst vor den Folgen eines vollen CSD?<\/h3>\n<p>Karl Lauterbach war in der Vergangenheit immer wieder in die Kritik geraten, da er laut vielen Kritikern die Situation rund um Corona, Regeln und Co. zu schwarz sehen w\u00fcrde. Der Gesundheitsexperte h\u00e4lt jedoch an seiner Meinung fest, indem er unter anderem darauf hinweist, welche Folgen ein \u201e<em>normaler CSD<\/em>\u201c haben k\u00f6nnte. W\u00fcrden die Zahlen als Folge der Veranstaltung ansteigen, k\u00f6nnte die Szene von der \u00d6ffentlichkeit hierf\u00fcr beschuldigt werden.<\/p>\n<p>Er richtete jedoch auch ein Wort an die Verantwortlichen bzw. an die Planer des CSD und rief dazu auf, dass Abstandsregeln m\u00f6glichst streng kontrolliert werden sollten. Inwieweit genau das jedoch umgesetzt werden kann, ist fraglich. Immerhin haben die Veranstaltungen in der Vergangenheit, unter anderem in Berlin, auch schon gezeigt, dass es schwer ist, eine derart gro\u00dfe Masse coronakonform zu halten.<\/p>\n<h4><strong>K\u00f6ln weist eine vergleichsweise hohe Inzidenz auf<\/strong><\/h4>\n<p>Ein Blick auf die aktuellen Zahlen zeigt zudem, dass K\u00f6ln zu den St\u00e4dten geh\u00f6rt, die aktuell eine besonders hohe Inzidenz aufweisen. Der Vorfreude auf den CSD scheint dies in vielen F\u00e4llen nicht zu schaden. Auch seitens der Politik wurde in den letzten Wochen immer weiter gelockert \u2013 unter anderem auch deswegen, weil sich immer mehr Menschen dazu entschlossen haben, sich impfen zu lassen.<\/p>\n<p>Wie sich nun jedoch eine Veranstaltung, die \u2013 zumindest unter \u201e<em>normalen Bedingungen<\/em>\u201c \u2013 mehrere tausend Menschen anzieht, auf die aktuelle Corona Situation auswirkt, bleibt abzuwarten.<\/p>\n<h5><strong>Die CSD Verantwortlichen haben schon jetzt reagiert<\/strong><\/h5>\n<p>Um die komplette Veranstaltung ein wenig zu entzerren und dementsprechend \u201e<em>corona-sicherer<\/em>\u201c zu machen, haben sich die Veranstalter in diesem Jahr dazu entschlossen, die Strecke des CSD zu ver\u00e4ndern. So f\u00fchrt die Parade nicht mehr durch die charakteristischen, engen Stra\u00dfen K\u00f6lns, sondern ist auf breitere Strecken angelegt.<\/p>\n<p>Eine Teilnahme ist nur auf Basis der 3G Regel m\u00f6glich. Gleichzeitig werden die Menschen angehalten, auf die Abstandsregeln zu achten. (Diese Vorgaben gelten \u2013 zumindest bis jetzt \u2013 nur f\u00fcr die, die aktiv am CSD, zum Beispiel als Fu\u00dfgruppe oder auf einem der W\u00e4gen teilnehmen. Zuschauer und Zuschauerinnen sind hiervon nicht betroffen.)<\/p>\n<p>M\u00f6glicherweise war es Lauterbach auch deswegen so wichtig, auf diese \u201e<em>Sicherheitsl\u00fccke<\/em>\u201c hinzuweisen? Immerhin kann es nicht nur auf der Strecke, sondern auch am Rand \u2013 und trotz ver\u00e4nderter Route \u2013 eng werden.<\/p>\n<h6><strong>Teile der \u00d6ffentlichkeit be\u00e4ugen CSDs auch an anderen Orten kritisch<\/strong><\/h6>\n<p>\u201e<em>Weshalb d\u00fcrfen DIE demonstrieren, wenn es uns verboten wird?<\/em>\u201c \u2013 hierbei handelt es sich um eine Frage, die sich in der letzten Zeit unter anderem auch viele \u201e<em>Querdenker<\/em>\u201c mehr oder weniger lautstark gestellt haben. Unter anderem zeigte auch der CSD in Berlin, wie schwierig es sein kann, Abstandsregeln einzuhalten und die Besucher und Besucherinnen auf die Wichtigkeit des Tragens von Masken hinzuweisen.<\/p>\n<p>Einmal mehr d\u00fcrften die Augen der \u00d6ffentlichkeit daher auf einen der bekanntesten CSDs der Republik gerichtet sein.<\/p>\n<p><strong>Tipp:<\/strong> <em>Wer weder vollst\u00e4ndig geimpft, noch genesen ist und sich nicht testen lassen m\u00f6chte bzw. allgemein ein ungutes Gef\u00fchl versp\u00fcrt, wenn es darum geht, eine derart gro\u00dfe Veranstaltung zu besuchen, kann die Cologne Pride auch teilweise \u00fcber das Internet mitfeiern. Hier finden sich viele Infos rund um aktuelle Diskussionsthemen und Forderungen. Vor Ort geht es dann am Sonntag, dem 29.08.2021 um 12 Uhr los. Die Parade startet auf der Ecke Bayernstra\u00dfe \/ Ubierring. An der Kreuzung Opladener Stra\u00dfe \/ Auenweg ist dann Schluss.<\/em><\/p>\n<p>&nbsp;<\/p>\n<p>Hier findest du alle weiteren Informationen zum<a title=\"Der K\u00f6lner CSD 2021\" href=\"https:\/\/planet-randy.com\/blog\/der-koelner-csd-2021\/\" rel=\"bookmark\">\u00a0K\u00f6lner CSD 2021<\/a>.<\/p>\n","protected":false},"excerpt":{"rendered":"<p>Karl Lauterbach empfiehlt Ungeimpften, nicht zum CSD zu kommen Die letzten Vorbereitungen f\u00fcr den K\u00f6lner CSD laufen. Nun hat sich SPD-Gesundheitsexperte Karl Lauterbach zu Wort gemeldet. Er spricht sich daf\u00fcr aus, dass diejenigen, die bisher noch keinen vollst\u00e4ndigen Impfschutz haben, nicht am CSD teilnehmen sollen, da das Infektionsrisiko zu hoch sei. In einem Interview mit [&hellip;]<\/p>\n","protected":false},"author":2,"featured_media":8450,"comment_status":"open","ping_status":"open","sticky":false,"template":"","format":"standard","meta":{"footnotes":""},"categories":[4],"tags":[],"class_list":["post-8449","post","type-post","status-publish","format-standard","has-post-thumbnail","hentry","category-news-aus-der-community","wp-sticky"],"_links":{"self":[{"href":"https:\/\/planet-randy.com\/blog\/wp-json\/wp\/v2\/posts\/8449","targetHints":{"allow":["GET"]}}],"collection":[{"href":"https:\/\/planet-randy.com\/blog\/wp-json\/wp\/v2\/posts"}],"about":[{"href":"https:\/\/planet-randy.com\/blog\/wp-json\/wp\/v2\/types\/post"}],"author":[{"embeddable":true,"href":"https:\/\/planet-randy.com\/blog\/wp-json\/wp\/v2\/users\/2"}],"replies":[{"embeddable":true,"href":"https:\/\/planet-randy.com\/blog\/wp-json\/wp\/v2\/comments?post=8449"}],"version-history":[{"count":3,"href":"https:\/\/planet-randy.com\/blog\/wp-json\/wp\/v2\/posts\/8449\/revisions"}],"predecessor-version":[{"id":9268,"href":"https:\/\/planet-randy.com\/blog\/wp-json\/wp\/v2\/posts\/8449\/revisions\/9268"}],"wp:featuredmedia":[{"embeddable":true,"href":"https:\/\/planet-randy.com\/blog\/wp-json\/wp\/v2\/media\/8450"}],"wp:attachment":[{"href":"https:\/\/planet-randy.com\/blog\/wp-json\/wp\/v2\/media?parent=8449"}],"wp:term":[{"taxonomy":"category","embeddable":true,"href":"https:\/\/planet-randy.com\/blog\/wp-json\/wp\/v2\/categories?post=8449"},{"taxonomy":"post_tag","embeddable":true,"href":"https:\/\/planet-randy.com\/blog\/wp-json\/wp\/v2\/tags?post=8449"}],"curies":[{"name":"wp","href":"https:\/\/api.w.org\/{rel}","templated":true}]}}