{"id":8398,"date":"2021-08-27T14:26:36","date_gmt":"2021-08-27T12:26:36","guid":{"rendered":"https:\/\/planet-randy.com\/blog\/?p=8398"},"modified":"2021-10-31T12:31:06","modified_gmt":"2021-10-31T11:31:06","slug":"muenchen-plant-den-csd-fuer-2022","status":"publish","type":"post","link":"https:\/\/planet-randy.com\/blog\/muenchen-plant-den-csd-fuer-2022\/","title":{"rendered":"M\u00fcnchen plant den CSD f\u00fcr 2022"},"content":{"rendered":"<p>Die Corona Pandemie hat unter anderem auch daf\u00fcr gesorgt, dass in Bezug auf die CSD Veranstaltungen in ganz Deutschland Abstriche gemacht werden mussten. Die Verantwortlichen in M\u00fcnchen blicken jedoch auch gerade durchaus optimistisch in die Zukunft. Sie befassen sich aktuell schon mit der Planung f\u00fcr den CSD im kommenden Jahr. Und dieser soll wieder gro\u00df werden.<\/p>\n<p><img fetchpriority=\"high\" decoding=\"async\" class=\"alignnone size-full wp-image-8400\" src=\"https:\/\/planet-randy.com\/blog\/wp-content\/uploads\/2021\/08\/Muenchen-plant-den-CSD-fuer-2022.jpg\" alt=\"M\u00fcnchen plant den CSD f\u00fcr 2022\" width=\"1200\" height=\"675\" srcset=\"https:\/\/planet-randy.com\/blog\/wp-content\/uploads\/2021\/08\/Muenchen-plant-den-CSD-fuer-2022.jpg 1200w, https:\/\/planet-randy.com\/blog\/wp-content\/uploads\/2021\/08\/Muenchen-plant-den-CSD-fuer-2022-200x113.jpg 200w, https:\/\/planet-randy.com\/blog\/wp-content\/uploads\/2021\/08\/Muenchen-plant-den-CSD-fuer-2022-768x432.jpg 768w\" sizes=\"(max-width: 1200px) 100vw, 1200px\" \/><\/p>\n<h2>Daten und Details zum CSD M\u00fcnchen 2022<\/h2>\n<p>Vorweg: wie ausgelassen der CSD in M\u00fcnchen im kommenden Jahr gefeiert werden kann, ist selbstverst\u00e4ndlich von der dann aktuellen Pandemie Situation abh\u00e4ngig. Derzeit gehen die Verantwortlichen jedoch davon aus, dass die Veranstaltung, die auf die Zeit zwischen dem 02. und 17. Juli 2022 gelegt wurde, stattfinden kann.<\/p>\n<p>Dementsprechend k\u00f6nnen die Queers in der bayerischen Landeshauptstadt dann an drei Wochenenden feiern und Sichtbarkeit zeigen.<\/p>\n<p>Vor allem am 16. und am 17. Juli wird es dann besonders bunt. Denn: hier finden unter anderem die Parade und das B\u00fchnenprogramm statt. Auf Basis dieses Plans ist vorgesehen, den kompletten CSD ein wenig zu entzerren.<\/p>\n<p>Immerhin hat die Corona Zeit auch einiges Positives mit sich gebracht\u2026 Unter anderem die Erkenntnis, dass beispielsweise auch Fahrraddemos mitunter sehr gut ankommen. In M\u00fcnchen sollen diese auch in 2022 stattfinden und so weiter in den CSD integriert werden. Weiterhin ist geplant, auch weiterhin \u2013 parallel zum klassischen CSD &#8211; viele Inhalte online zu pr\u00e4sentieren. Auf diese Weise k\u00f6nnen m\u00f6glicherweise noch mehr Menschen erreicht werden.<\/p>\n<h3>Das war der CSD 2021<\/h3>\n<p>Auch wenn der CSD 2021 in M\u00fcnchen unter Corona Bedingungen und dementsprechend etwas kleiner und \u201eanders\u201c ausfiel, bedeutet dies nicht, dass er nicht reich an Statements gewesen w\u00e4re. Unter anderem standen in diesem Jahr Demonstrationen gegen die Anti-LGBTQ Gesetze in Ungarn auf dem Programm.<\/p>\n<p>Insgesamt liefen mehr als 60 Gruppen und verschiedene Vereine durch die Stra\u00dfen von M\u00fcnchen, um Pr\u00e4senz zu zeigen. An diversen St\u00e4nden hatten die Menschen die M\u00f6glichkeit, sich weiter zu informieren. Sicherlich aus deswegen, weil die Fu\u00dfball EM noch nicht allzu lange her war, war die Botschaft emotional sehr aufgeladen.<\/p>\n<p>(Zur Erinnerung: Im Rahmen eines Gesetzes\u00e4nderung werden queere Menschen in Ungarn insofern diskriminiert, als ihre Existenz vor Kindern in Schulen und in der N\u00e4he von Schulen nicht thematisiert werden soll. Regenbogenfamilien tauchen dementsprechend auch nicht in Schulb\u00fcchern o. \u00e4. auf.)<\/p>\n<p><img decoding=\"async\" class=\"alignnone size-full wp-image-8401\" src=\"https:\/\/planet-randy.com\/blog\/wp-content\/uploads\/2021\/08\/unnamed.jpg\" alt=\"M\u00fcnchen plant den CSD f\u00fcr 2022\" width=\"900\" height=\"900\" srcset=\"https:\/\/planet-randy.com\/blog\/wp-content\/uploads\/2021\/08\/unnamed.jpg 900w, https:\/\/planet-randy.com\/blog\/wp-content\/uploads\/2021\/08\/unnamed-150x150.jpg 150w, https:\/\/planet-randy.com\/blog\/wp-content\/uploads\/2021\/08\/unnamed-768x768.jpg 768w\" sizes=\"(max-width: 900px) 100vw, 900px\" \/><\/p>\n<h4><strong>CSDs fr\u00fcher plus CSD heute = CSD 2022?<\/strong><\/h4>\n<p>Wenn alles klappt, d\u00fcrfte diese Formel aufgehen. Denn: die Verantwortlichen der CSDs von damals und heute m\u00f6chten sich durchaus von diesem und letztem Jahr inspirieren lassen und das, was funktioniert hat, in die kommenden Veranstaltungen einbauen. Dementsprechend k\u00f6nnten die kommenden Prides noch ein wenig vielseitiger werden als die altbekannten.<\/p>\n<p>Dennoch bleibt selbstverst\u00e4ndlich auch, abzuwarten, wie sich die Corona Pandemie in Zukunft auf die Menschen und deren Bereitschaft, sich in gr\u00f6\u00dferen Gruppen aufzuhalten, auswirken wird. M\u00f6glicherweise wird das ausgebaute Online Angebot rund um den CSD dann auch daf\u00fcr sorgen, dass sich mehr Interessenten \u00fcber Streams informieren werden. So oder so: wer einen Blick auf die Homepage des CSD in M\u00fcnchen und auf die Seiten anderer Veranstaltungen dieser Art wirft, wird sehen, dass es ganz sicher nicht an Herzblut mangeln d\u00fcrfte.<\/p>\n<p>Und wer wei\u00df? Vielleicht nehmen sich viele andere St\u00e4dte ebenfalls ein Beispiel an den Verantwortlichen in M\u00fcnchen, planen vorausschauend und optimistisch und setzen so unter anderem auch ein Zeichen daf\u00fcr, dass der Kampf f\u00fcr mehr Toleranz und Gleichberechtigung auch (und gerade) in schwierigen Zeiten weitergeht.<\/p>\n<p>&nbsp;<\/p>\n<p>Schon gewusst?<\/p>\n<p><a title=\"True Fruits mir AFD Spr\u00fcchen\" href=\"https:\/\/planet-randy.com\/blog\/true-fruits-mir-afd-spruechen\/\" rel=\"bookmark\">True Fruits wirbt mit AFD Spr\u00fcchen<\/a>.<\/p>\n","protected":false},"excerpt":{"rendered":"<p>Die Corona Pandemie hat unter anderem auch daf\u00fcr gesorgt, dass in Bezug auf die CSD Veranstaltungen in ganz Deutschland Abstriche gemacht werden mussten. Die Verantwortlichen in M\u00fcnchen blicken jedoch auch gerade durchaus optimistisch in die Zukunft. Sie befassen sich aktuell schon mit der Planung f\u00fcr den CSD im kommenden Jahr. Und dieser soll wieder gro\u00df [&hellip;]<\/p>\n","protected":false},"author":2,"featured_media":8400,"comment_status":"open","ping_status":"open","sticky":false,"template":"","format":"standard","meta":{"footnotes":""},"categories":[4],"tags":[],"class_list":["post-8398","post","type-post","status-publish","format-standard","has-post-thumbnail","hentry","category-news-aus-der-community","wp-sticky"],"_links":{"self":[{"href":"https:\/\/planet-randy.com\/blog\/wp-json\/wp\/v2\/posts\/8398","targetHints":{"allow":["GET"]}}],"collection":[{"href":"https:\/\/planet-randy.com\/blog\/wp-json\/wp\/v2\/posts"}],"about":[{"href":"https:\/\/planet-randy.com\/blog\/wp-json\/wp\/v2\/types\/post"}],"author":[{"embeddable":true,"href":"https:\/\/planet-randy.com\/blog\/wp-json\/wp\/v2\/users\/2"}],"replies":[{"embeddable":true,"href":"https:\/\/planet-randy.com\/blog\/wp-json\/wp\/v2\/comments?post=8398"}],"version-history":[{"count":3,"href":"https:\/\/planet-randy.com\/blog\/wp-json\/wp\/v2\/posts\/8398\/revisions"}],"predecessor-version":[{"id":9272,"href":"https:\/\/planet-randy.com\/blog\/wp-json\/wp\/v2\/posts\/8398\/revisions\/9272"}],"wp:featuredmedia":[{"embeddable":true,"href":"https:\/\/planet-randy.com\/blog\/wp-json\/wp\/v2\/media\/8400"}],"wp:attachment":[{"href":"https:\/\/planet-randy.com\/blog\/wp-json\/wp\/v2\/media?parent=8398"}],"wp:term":[{"taxonomy":"category","embeddable":true,"href":"https:\/\/planet-randy.com\/blog\/wp-json\/wp\/v2\/categories?post=8398"},{"taxonomy":"post_tag","embeddable":true,"href":"https:\/\/planet-randy.com\/blog\/wp-json\/wp\/v2\/tags?post=8398"}],"curies":[{"name":"wp","href":"https:\/\/api.w.org\/{rel}","templated":true}]}}