{"id":8391,"date":"2021-08-26T10:20:52","date_gmt":"2021-08-26T08:20:52","guid":{"rendered":"https:\/\/planet-randy.com\/blog\/?p=8391"},"modified":"2021-10-31T12:32:28","modified_gmt":"2021-10-31T11:32:28","slug":"true-fruits-mir-afd-spruechen","status":"publish","type":"post","link":"https:\/\/planet-randy.com\/blog\/true-fruits-mir-afd-spruechen\/","title":{"rendered":"True Fruits mit AFD Spr\u00fcchen"},"content":{"rendered":"<h2>AfD Spr\u00fcche auf Smoothieflaschen \u2013 nicht alle sind begeistert<\/h2>\n<p>Dass True Fruits mitunter auf sehr werbewirksame Flaschendesigns setzt, ist bekannt. Nun kam es deswegen zu einer Diskussion mit Edeka. Die Statements beider Seiten hierzu konnten bzw. k\u00f6nnen die Verbraucher in den Sozialen Netzwerken nachlesen.<\/p>\n<p>Aber was war passiert? Und wie kann eine einzige Flasche f\u00fcr so viel Aufruhr sorgen?<\/p>\n<p><img fetchpriority=\"high\" decoding=\"async\" class=\"alignnone size-full wp-image-8392\" src=\"https:\/\/planet-randy.com\/blog\/wp-content\/uploads\/2021\/08\/edeka_schmeisst_true_fruits_flaschen_aus_dem_regal3_jsonld.jpg\" alt=\"True Fruits mir AFD Spr\u00fcchen\" width=\"1200\" height=\"677\" srcset=\"https:\/\/planet-randy.com\/blog\/wp-content\/uploads\/2021\/08\/edeka_schmeisst_true_fruits_flaschen_aus_dem_regal3_jsonld.jpg 1200w, https:\/\/planet-randy.com\/blog\/wp-content\/uploads\/2021\/08\/edeka_schmeisst_true_fruits_flaschen_aus_dem_regal3_jsonld-200x113.jpg 200w, https:\/\/planet-randy.com\/blog\/wp-content\/uploads\/2021\/08\/edeka_schmeisst_true_fruits_flaschen_aus_dem_regal3_jsonld-768x433.jpg 768w\" sizes=\"(max-width: 1200px) 100vw, 1200px\" \/><\/p>\n<h3>True Fruits bringt Design zur Bundestagswahl heraus<\/h3>\n<p>True Fruits hat sich im Rahmen der anstehenden Bundestagswahl dazu entschlossen, seine Flaschen entsprechend anzupassen. Und genau das war der Stein des Ansto\u00dfes. Das Unternehmen druckte die Wahlprogramme der meisten gr\u00f6\u00dferen Parteien auf ihren Flaschen ab \u2013 auch die Slogans der AfD. Im Rahmen Letzterer wird in einem Detail auch gegen die LGBTQ Community gewettert. Das Zitat: \u201e<em>Die Genderideologie wird abgeschafft, unter anderem durch die Verhinderung von P\u00e4dagogik der Gendervielfalt im Kindergarten.<\/em>&#8220;.<\/p>\n<p>Die Bezeichnung \u201e<em>Genderideologie<\/em>\u201c kann hier in mehrfacher Hinsicht als \u201e<em>schwierig<\/em>\u201c eingestuft werden. Denn: unter anderem geht es der AfD hier darum, queere Menschen mit Kinderwunsch zu benachteiligen.<\/p>\n<p><img decoding=\"async\" class=\"alignnone size-full wp-image-8395\" src=\"https:\/\/planet-randy.com\/blog\/wp-content\/uploads\/2021\/08\/Tru-Fru-ste-zu-sei-AFD-Flasc-aus-Grn-der-politis-349186-detailnp.jpg\" alt=\"True Fruits mir AFD Spr\u00fcchen\" width=\"617\" height=\"347\" srcset=\"https:\/\/planet-randy.com\/blog\/wp-content\/uploads\/2021\/08\/Tru-Fru-ste-zu-sei-AFD-Flasc-aus-Grn-der-politis-349186-detailnp.jpg 617w, https:\/\/planet-randy.com\/blog\/wp-content\/uploads\/2021\/08\/Tru-Fru-ste-zu-sei-AFD-Flasc-aus-Grn-der-politis-349186-detailnp-200x112.jpg 200w\" sizes=\"(max-width: 617px) 100vw, 617px\" \/><\/p>\n<h4><strong>Edeka m\u00f6chte keine AfD Flaschen verkaufen<\/strong><\/h4>\n<p>Mittlerweile meldete sich Edeka zu Wort und erkl\u00e4rte offiziell, die AfD Flaschen nicht verkaufen zu wollen. Sie w\u00fcrden dementsprechend wieder zur\u00fcckgeschickt werden.<\/p>\n<p>Das dazugeh\u00f6rige Statement und Wortspiel: &#8220;Rechts ist bei uns kein Platz im Regal.&#8221;.<\/p>\n<p>M\u00f6glicherweise aus Angst, in eine politische Ecke gedr\u00e4ngt zu werden, reagierte True Fruits mit einem: &#8220;Liebe Edeka, ja, wir finden die AFD auch schei\u00dfe. Aber Aufkl\u00e4rung ist wichtiger als peinliches Social Signaling, wie ihr es hier versucht&#8230;&#8221;. Weiterhin erkl\u00e4rt der Hersteller, er hoffe nun, dass die Verbraucher \u201e<em>sich mit den Parteien auseinandersetzen und eine \u00fcberlegte Wahl treffen<\/em>&#8220;.<\/p>\n<p>Unterstrichen wird das Posting mit einem Bild von allen Flaschendesigns, inklusive dem der AfD, und dem Spruch \u201e<em>F\u00fcr politische Aufkl\u00e4rung ist bei uns kein Platz im Regal!<\/em>\u201c.<\/p>\n<p>Eine besonders interessante Idee ist in diesem Zusammenhang auch das Parteiprogramm R\u00e4tsel, auf das im Posting ebenfalls explizit hingewiesen wird. Dieses wurde ebenfalls von True Fruits ins Leben gerufen und basiert auf der Herausforderung, aus der Vielzahl an abgedruckten Forderungen die zu finden, die tats\u00e4chlich zu der jeweiligen Partei geh\u00f6ren und von denen, die f\u00e4lschlich hinzugef\u00fcgt wurden, zu unterscheiden.<\/p>\n<p><img decoding=\"async\" class=\"alignnone size-full wp-image-8394\" src=\"https:\/\/planet-randy.com\/blog\/wp-content\/uploads\/2021\/08\/csm_truefruits_Sujetsweb_a6811db723.jpg\" alt=\"True Fruits mir AFD Spr\u00fcchen\" width=\"571\" height=\"326\" srcset=\"https:\/\/planet-randy.com\/blog\/wp-content\/uploads\/2021\/08\/csm_truefruits_Sujetsweb_a6811db723.jpg 571w, https:\/\/planet-randy.com\/blog\/wp-content\/uploads\/2021\/08\/csm_truefruits_Sujetsweb_a6811db723-200x114.jpg 200w\" sizes=\"(max-width: 571px) 100vw, 571px\" \/><\/p>\n<h5><strong>Immer wieder Diskussionen dar\u00fcber, was Werbung darf<\/strong><\/h5>\n<p>True Fruits schafft es definitiv immer wieder, dass die Menschen \u00fcber die Werbung des Unternehmens sprechen. Auch wenn nicht alle Werbebotschaften als positiv empfunden werden: Es scheint fast so, als h\u00e4tte zumindest jeder eine Meinung zu den verschiedenen Marketingkampagnen.<\/p>\n<p>H\u00e4ufig werden Vorw\u00fcrfe in Bezug auf Sexismus oder Rassismus laut. Mit ihrem Statement zur AfD d\u00fcrften True Fruits nun jedoch zumindest die letzten Zweifler \u00fcberzeugt haben, dass keine rechtspopulistischen Absichten hinter den einzelnen Kampagnen stehen.<\/p>\n<p>Wie die Streitigkeiten zwischen Edeka und dem Unternehmen nun weitergehen, bleibt abzuwarten. Momentan steht es zumindest nicht so aus, als w\u00fcrden sich die Wogen schnell gl\u00e4tten.<\/p>\n<h6><strong>Wie kommen die Flaschendesigns im Netz an?<\/strong><\/h6>\n<p>Mittlerweile beteiligen sich selbstverst\u00e4ndlich auch viele Verbraucher an der Diskussion rund um die Bundestagswahl-Designs. Viele von ihnen zeigen sich begeistert von der Idee und loben den Mut des Unternehmens. Gleichzeitig kritisieren sie, dass etliche Aktionen wie diese kritisieren w\u00fcrden, ohne den Sinn dahinter zu verstehen.<\/p>\n<p>Es gibt jedoch auch durchaus einige User, die den Spruch &#8220;Rechts ist bei uns kein Platz im Regal.&#8221; feiern und eher den Verantwortlichen bei Edeka Recht geben.<\/p>\n<p>Wie so oft gilt dementsprechend, dass jede\/r selbst definiert, was \u201e<em>erlaubt<\/em>\u201c ist und was nicht. Dem Bekanntheitsgrad von True Fruits d\u00fcrften die Diskussionen jedoch nicht geschadet haben. Und wenn sich die Menschen auf Basis der Flaschendesigns tats\u00e4chlich etwas intensiver mit den Aussagen von Parteien auseinandersetzen, k\u00f6nnten \u2013 im n\u00e4chsten Schritt \u2013 m\u00f6glicherweise noch mehr Menschen profitieren.<\/p>\n<p>&nbsp;<\/p>\n<p>Schon von der\u00a0<a title=\"Homophobe Tat in Bremen\" href=\"https:\/\/planet-randy.com\/blog\/homophobe-tat-in-bremen\/\" rel=\"bookmark\">Homophoben Tat in Bremen<\/a> geh\u00f6rt?<\/p>\n","protected":false},"excerpt":{"rendered":"<p>AfD Spr\u00fcche auf Smoothieflaschen \u2013 nicht alle sind begeistert Dass True Fruits mitunter auf sehr werbewirksame Flaschendesigns setzt, ist bekannt. Nun kam es deswegen zu einer Diskussion mit Edeka. Die Statements beider Seiten hierzu konnten bzw. k\u00f6nnen die Verbraucher in den Sozialen Netzwerken nachlesen. Aber was war passiert? Und wie kann eine einzige Flasche f\u00fcr [&hellip;]<\/p>\n","protected":false},"author":3,"featured_media":8396,"comment_status":"open","ping_status":"open","sticky":false,"template":"","format":"standard","meta":{"footnotes":""},"categories":[4],"tags":[],"class_list":["post-8391","post","type-post","status-publish","format-standard","has-post-thumbnail","hentry","category-news-aus-der-community","wp-sticky"],"_links":{"self":[{"href":"https:\/\/planet-randy.com\/blog\/wp-json\/wp\/v2\/posts\/8391","targetHints":{"allow":["GET"]}}],"collection":[{"href":"https:\/\/planet-randy.com\/blog\/wp-json\/wp\/v2\/posts"}],"about":[{"href":"https:\/\/planet-randy.com\/blog\/wp-json\/wp\/v2\/types\/post"}],"author":[{"embeddable":true,"href":"https:\/\/planet-randy.com\/blog\/wp-json\/wp\/v2\/users\/3"}],"replies":[{"embeddable":true,"href":"https:\/\/planet-randy.com\/blog\/wp-json\/wp\/v2\/comments?post=8391"}],"version-history":[{"count":4,"href":"https:\/\/planet-randy.com\/blog\/wp-json\/wp\/v2\/posts\/8391\/revisions"}],"predecessor-version":[{"id":9274,"href":"https:\/\/planet-randy.com\/blog\/wp-json\/wp\/v2\/posts\/8391\/revisions\/9274"}],"wp:featuredmedia":[{"embeddable":true,"href":"https:\/\/planet-randy.com\/blog\/wp-json\/wp\/v2\/media\/8396"}],"wp:attachment":[{"href":"https:\/\/planet-randy.com\/blog\/wp-json\/wp\/v2\/media?parent=8391"}],"wp:term":[{"taxonomy":"category","embeddable":true,"href":"https:\/\/planet-randy.com\/blog\/wp-json\/wp\/v2\/categories?post=8391"},{"taxonomy":"post_tag","embeddable":true,"href":"https:\/\/planet-randy.com\/blog\/wp-json\/wp\/v2\/tags?post=8391"}],"curies":[{"name":"wp","href":"https:\/\/api.w.org\/{rel}","templated":true}]}}