{"id":8329,"date":"2021-08-20T14:54:26","date_gmt":"2021-08-20T12:54:26","guid":{"rendered":"https:\/\/planet-randy.com\/blog\/?p=8329"},"modified":"2021-10-31T12:48:06","modified_gmt":"2021-10-31T11:48:06","slug":"der-br-untersagt-das-innen","status":"publish","type":"post","link":"https:\/\/planet-randy.com\/blog\/der-br-untersagt-das-innen\/","title":{"rendered":"Der BR untersagt das &#8221; *innen&#8221;"},"content":{"rendered":"<h2>Der Bayerische Rundfunk untersagt das Gendern gegen\u00fcber bestimmten Zielgruppen<\/h2>\n<p>Kaum ein anderes Thema wird aktuell so hei\u00df diskutiert, wie dieses: sollte gegendert werden oder nicht? Nun hat sich der Bayerische Rundfunk dazu entschlossen, zumindest f\u00fcr seinen Bereich, ein Machtwort zu sprechen. Denn: Gendersternchen sollen bei ihm verboten sein.<\/p>\n<p>Die TAZ berichtete in diesem Zusammenhang vor einer internen Mail, die es Mitarbeitern untersagt, die ber\u00fchmten Sternchen zu nutzen \u2013 sowohl beim Schreiben als auch beim Sprechen. Eine Ausnahme gibt es dennoch: beziehen sich die Angebote auf eine Zielgruppe, die das Gendern begr\u00fc\u00dft, darf weiterhin mit \u201e<em>*innen<\/em>\u201c gearbeitet werden. Ansonsten nicht. Doch lassen sich Zielgruppen eigentlich immer so genau definieren? Und wie sinnvoll ist es, hier mit zweierlei Ma\u00df zu messen?<\/p>\n<p>Ein Blick auf die aktuellen Entwicklungen zeigt, dass es noch sehr lange dauern k\u00f6nnte, bis m\u00f6glicherweise eine Kompromissl\u00f6sung gefunden werden kann, mit der sich im Idealfall alle Beteiligten anfreunden.<\/p>\n<p><img fetchpriority=\"high\" decoding=\"async\" class=\"alignnone size-full wp-image-8331\" src=\"https:\/\/planet-randy.com\/blog\/wp-content\/uploads\/2021\/08\/70843fee-583f-4eaa-9f7c-97609142009d.jpg\" alt=\"Der BR untersagt das &quot; *innen&quot;\" width=\"1200\" height=\"676\" srcset=\"https:\/\/planet-randy.com\/blog\/wp-content\/uploads\/2021\/08\/70843fee-583f-4eaa-9f7c-97609142009d.jpg 1200w, https:\/\/planet-randy.com\/blog\/wp-content\/uploads\/2021\/08\/70843fee-583f-4eaa-9f7c-97609142009d-200x113.jpg 200w, https:\/\/planet-randy.com\/blog\/wp-content\/uploads\/2021\/08\/70843fee-583f-4eaa-9f7c-97609142009d-768x433.jpg 768w\" sizes=\"(max-width: 1200px) 100vw, 1200px\" \/><\/p>\n<h3>Weshalb soll nicht mehr gegendert werden?<\/h3>\n<p>Die TAZ fragte nach und erhielt die Antwort, dass die \u2013 mittlerweile schon charakteristisch gewordenen \u2013 Sprachpausen die Zuh\u00f6rer irritieren k\u00f6nnten. Die Sprache soll so wieder einfacher und verst\u00e4ndlicher gemacht werden.<\/p>\n<p>Wer seinen Blick ein wenig durch die Sozialen Netzwerke schweifen l\u00e4sst, erkennt tats\u00e4chlich schnell, dass es viele Menschen aus den unterschiedlichsten Bereichen gibt, die sich mit dem Gedanken an das Gendern nicht anfreunden k\u00f6nnen.<\/p>\n<p>Kurz nachdem das Verbot des Bayerischen Rundfunks jedoch bekannt wurde, meldeten sich ebenfalls kritische Stimmen aus dem anderen Lager. Teilweise wurde dem Sender vorgeworfen, \u201e<em>konservativen Kr\u00e4ften<\/em>\u201c gefallen zu wollen und sich dementsprechend anzubiedern. Diejenigen, die &#8211; Umfragen zufolge \u2013 deutlich weniger Probleme mit dieser Art des Sprechens bzw. des Schreibens haben, sind tats\u00e4chlich Queers und politisch eher links orientierte Menschen. Ausnahmen gibt es selbstverst\u00e4ndlich auch hier immer.<\/p>\n<p><img decoding=\"async\" class=\"alignnone size-full wp-image-8330\" src=\"https:\/\/planet-randy.com\/blog\/wp-content\/uploads\/2021\/08\/ZDF-Politbarometer-Umfrage-Gender-Genderstottern-Kunstsprache.jpg\" alt=\"Der BR untersagt das &quot; *innen&quot;\" width=\"1280\" height=\"720\" srcset=\"https:\/\/planet-randy.com\/blog\/wp-content\/uploads\/2021\/08\/ZDF-Politbarometer-Umfrage-Gender-Genderstottern-Kunstsprache.jpg 1280w, https:\/\/planet-randy.com\/blog\/wp-content\/uploads\/2021\/08\/ZDF-Politbarometer-Umfrage-Gender-Genderstottern-Kunstsprache-200x113.jpg 200w, https:\/\/planet-randy.com\/blog\/wp-content\/uploads\/2021\/08\/ZDF-Politbarometer-Umfrage-Gender-Genderstottern-Kunstsprache-1200x675.jpg 1200w, https:\/\/planet-randy.com\/blog\/wp-content\/uploads\/2021\/08\/ZDF-Politbarometer-Umfrage-Gender-Genderstottern-Kunstsprache-768x432.jpg 768w\" sizes=\"(max-width: 1280px) 100vw, 1280px\" \/><\/p>\n<h4><strong>Was spricht f\u00fcr das Gendern?<\/strong><\/h4>\n<p>Zugegeben: anfangs mag es sich vielleicht ein wenig gew\u00f6hnungsbed\u00fcrftig anh\u00f6ren und lesen, aber: Viele haben sich mittlerweile an die Sternchen in Texten gew\u00f6hnt. Doch was steckt eigentlich dahinter? Weshalb ist es vielen Menschen so wichtig, ein \u201e*<em>innen<\/em>\u201c anzuh\u00e4ngen?<\/p>\n<p>Der Grund ist einfach: durch das Gendern wird einmal mehr unterstrichen, dass mit den entsprechenden Bezeichnungen sowohl M\u00e4nner als auch Frauen gemeint sind.<\/p>\n<p>Aber: die Sternchen stehen auch f\u00fcr die Rechte nicht-bin\u00e4rer Menschen, die sich nicht f\u00fcr ein bestimmtes Geschlecht entscheiden m\u00f6chten (oder k\u00f6nnen).<\/p>\n<h5><strong>Eine einheitliche Regelung gibt es noch (?) nicht<\/strong><\/h5>\n<p>Egal, ob im Radio oder innerhalb der TV-Landschaft: eine einheitliche Regelung dar\u00fcber, ob gegendert werden soll oder nicht, gibt es noch nicht.<\/p>\n<p>W\u00e4hrend einige Sender direkt mit ihren Zuschauern\/ Zuh\u00f6rern \u00fcber das Thema diskutieren und sich nach deren Einsch\u00e4tzung erkundigen, \u00fcberlassen es andere wiederrum den zust\u00e4ndigen Redakteuren selbst, wie diese schreiben bzw. sprechen. Eine derart einheitliche Aussage wie die, die der Bayerische Rundfunk nun traf, gab es bisher jedoch noch nicht. Bleibt abzuwarten, ob noch weitere Medienanstalten folgen.<\/p>\n<p><img decoding=\"async\" class=\"alignnone size-full wp-image-8332\" src=\"https:\/\/planet-randy.com\/blog\/wp-content\/uploads\/2021\/08\/ghvbnm.jpg\" alt=\"Der BR untersagt das &quot; *innen&quot;\" width=\"1197\" height=\"648\" srcset=\"https:\/\/planet-randy.com\/blog\/wp-content\/uploads\/2021\/08\/ghvbnm.jpg 1197w, https:\/\/planet-randy.com\/blog\/wp-content\/uploads\/2021\/08\/ghvbnm-200x108.jpg 200w, https:\/\/planet-randy.com\/blog\/wp-content\/uploads\/2021\/08\/ghvbnm-768x416.jpg 768w\" sizes=\"(max-width: 1197px) 100vw, 1197px\" \/><\/p>\n<h6><strong>Mittlerweile mischt sich auch die Politik ein<\/strong><\/h6>\n<p>Wie wichtig die Frage \u201e<em>Gendern oder nicht gendern?<\/em>\u201c genommen wird, zeigt sich unter anderem auch daran, dass das Thema immer mehr zum Politikum wird. Gerade die SPD und die Gr\u00fcnen zeigen sich hier vergleichsweise offen und unterst\u00fctzen die Genderschreibweise zu gro\u00dfen Teilen. Seitens der CDU wird das \u201e<em>Sternchen<\/em>\u201c jedoch verst\u00e4rkt kritisiert.<\/p>\n<p>Ende Juni wurde ein Antrag der AfD abgelehnt, der sich gegen die Verwendung der \u201e<em>sogenannten gendergerechten Sprache durch die Bundesregierung<\/em>\u201c\u00a0sowie in Drucksachen des Bundestages aussprach.<\/p>\n<p>Die Diskussionen rund um das Verbot, das nun seitens des BR erlassen wurde, zeigen, dass das Thema noch lange nicht abgeschlossen ist und immer noch dazu in der Lage ist, die Gem\u00fcter zu erhitzen.<\/p>\n<p>&nbsp;<\/p>\n<p>Es ist so weit, <a title=\"Ungarn macht Ernst\" href=\"https:\/\/planet-randy.com\/blog\/ungarn-macht-ernst\/\" rel=\"bookmark\">Ungarn macht Ernst<\/a>.<\/p>\n","protected":false},"excerpt":{"rendered":"<p>Der Bayerische Rundfunk untersagt das Gendern gegen\u00fcber bestimmten Zielgruppen Kaum ein anderes Thema wird aktuell so hei\u00df diskutiert, wie dieses: sollte gegendert werden oder nicht? Nun hat sich der Bayerische Rundfunk dazu entschlossen, zumindest f\u00fcr seinen Bereich, ein Machtwort zu sprechen. Denn: Gendersternchen sollen bei ihm verboten sein. Die TAZ berichtete in diesem Zusammenhang vor [&hellip;]<\/p>\n","protected":false},"author":2,"featured_media":8331,"comment_status":"open","ping_status":"open","sticky":false,"template":"","format":"standard","meta":{"footnotes":""},"categories":[4],"tags":[],"class_list":["post-8329","post","type-post","status-publish","format-standard","has-post-thumbnail","hentry","category-news-aus-der-community","wp-sticky"],"_links":{"self":[{"href":"https:\/\/planet-randy.com\/blog\/wp-json\/wp\/v2\/posts\/8329","targetHints":{"allow":["GET"]}}],"collection":[{"href":"https:\/\/planet-randy.com\/blog\/wp-json\/wp\/v2\/posts"}],"about":[{"href":"https:\/\/planet-randy.com\/blog\/wp-json\/wp\/v2\/types\/post"}],"author":[{"embeddable":true,"href":"https:\/\/planet-randy.com\/blog\/wp-json\/wp\/v2\/users\/2"}],"replies":[{"embeddable":true,"href":"https:\/\/planet-randy.com\/blog\/wp-json\/wp\/v2\/comments?post=8329"}],"version-history":[{"count":3,"href":"https:\/\/planet-randy.com\/blog\/wp-json\/wp\/v2\/posts\/8329\/revisions"}],"predecessor-version":[{"id":9290,"href":"https:\/\/planet-randy.com\/blog\/wp-json\/wp\/v2\/posts\/8329\/revisions\/9290"}],"wp:featuredmedia":[{"embeddable":true,"href":"https:\/\/planet-randy.com\/blog\/wp-json\/wp\/v2\/media\/8331"}],"wp:attachment":[{"href":"https:\/\/planet-randy.com\/blog\/wp-json\/wp\/v2\/media?parent=8329"}],"wp:term":[{"taxonomy":"category","embeddable":true,"href":"https:\/\/planet-randy.com\/blog\/wp-json\/wp\/v2\/categories?post=8329"},{"taxonomy":"post_tag","embeddable":true,"href":"https:\/\/planet-randy.com\/blog\/wp-json\/wp\/v2\/tags?post=8329"}],"curies":[{"name":"wp","href":"https:\/\/api.w.org\/{rel}","templated":true}]}}