{"id":8325,"date":"2021-08-19T12:25:02","date_gmt":"2021-08-19T10:25:02","guid":{"rendered":"https:\/\/planet-randy.com\/blog\/?p=8325"},"modified":"2021-10-31T13:52:23","modified_gmt":"2021-10-31T12:52:23","slug":"ungarn-macht-ernst","status":"publish","type":"post","link":"https:\/\/planet-randy.com\/blog\/ungarn-macht-ernst\/","title":{"rendered":"Ungarn macht Ernst"},"content":{"rendered":"<h2>Das Anti LGBTQ Gesetz in Ungarn wird immer schlimmer<\/h2>\n<p>Ungarn geht in seinem Kampf gegen die LGBTQ Community den n\u00e4chsten Schritt. Denn: in naher Zukunft d\u00fcrfen Medien, die sich mit queeren Inhalten auseinandersetzen, in der N\u00e4he von Kirchen und Schulen nicht mehr verkauft werden.<\/p>\n<p>Die Wahrscheinlichkeit, dass einige H\u00e4ndler dazu \u00fcbergehen werden, eine Art \u201e<em>Schwarzmarkt<\/em>\u201c zu betreiben, ist durchaus gegeben. Denn: nur weil der Verkauf der Medien verboten ist, bedeutet dies nicht, dass innerhalb der Gesellschaft nicht ein grundlegendes Interesse an Aufkl\u00e4rung gegeben w\u00e4re.<\/p>\n<p>Fest steht jedoch, dass es von nun an in Ungarn nicht mehr so leicht sein wird, B\u00fccher und Co. zum Thema zu kaufen. Die Liste der verbotenen Inhalte ist lang. Denn: betroffen sind alle Medien, die sich auch nur im Entferntesten mit gleichgeschlechtlicher Liebe bzw. LGBTQ im Allgemeinen, auseinandersetzen.<\/p>\n<p><img fetchpriority=\"high\" decoding=\"async\" class=\"alignnone size-full wp-image-8326\" src=\"https:\/\/planet-randy.com\/blog\/wp-content\/uploads\/2021\/08\/Ungarn-macht-Ernst-.jpg\" alt=\"Ungarn macht Ernst \" width=\"1280\" height=\"852\" srcset=\"https:\/\/planet-randy.com\/blog\/wp-content\/uploads\/2021\/08\/Ungarn-macht-Ernst-.jpg 1280w, https:\/\/planet-randy.com\/blog\/wp-content\/uploads\/2021\/08\/Ungarn-macht-Ernst--200x133.jpg 200w, https:\/\/planet-randy.com\/blog\/wp-content\/uploads\/2021\/08\/Ungarn-macht-Ernst--1200x799.jpg 1200w, https:\/\/planet-randy.com\/blog\/wp-content\/uploads\/2021\/08\/Ungarn-macht-Ernst--768x511.jpg 768w\" sizes=\"(max-width: 1280px) 100vw, 1280px\" \/><\/p>\n<h3>Welche Intention steckt hinter dem Gesetz?<\/h3>\n<p>Wahrscheinlich ist es auch der medialen Aufmerksamkeit zu verdanken, dass Orban und andere Bef\u00fcrworter des Gesetzes sich in den letzten Tagen und Wochen immer wieder erkl\u00e4rten.<\/p>\n<p>Laut ihren Aussagen geht es darum, Kinder bzw. Jugendliche bis 18 Jahren vor queeren Inhalten zu sch\u00fctzen und nicht das Bild zu vermitteln, dass es \u201e<em>normal<\/em>\u201c sei, in einer Regenbogenfamilie zu leben. Hieraus ergibt sich auch, weshalb besagte Inhalte unter anderem nicht in der N\u00e4he von Schulen vertrieben werden sollen. Immerhin fiele es hier vielen Jugendlichen noch ein wenig leichter, Zugriff auf die betreffenden B\u00fccher zu erhalten, ohne dass die Eltern zwangsl\u00e4ufig in den Kauf der Medien involviert w\u00e4ren.<\/p>\n<p>Das Gesetz geht jedoch noch einen Schritt weiter. Es geht nicht nur darum, dass die B\u00fccher und andere Artikel nicht verkauft werden d\u00fcrfen. Vielmehr ist es auch verboten, die betreffenden Waren so in der Auslage zu pr\u00e4sentieren, dass sie von Kunden gesehen werden k\u00f6nnten.<\/p>\n<p>Ladenbesitzer, die sich \u2013 trotz aller Widrigkeiten \u2013 dazu entschlie\u00dfen, queere Inhalte an Erwachsene zu verkaufen, m\u00fcssen ab dem Zeitpunkt, an dem die Verordnung in Kraft tritt, besondere Vorkehrungen treffen. So m\u00fcssen B\u00fccher beispielsweise in gesonderten Verpackungen gelagert werden. Von au\u00dfen darf nicht ersichtlich sein, mit welchen Themen sich das Buch befasst.<\/p>\n<h4><strong>Was bewirken derartige Verordnungen?<\/strong><\/h4>\n<p>Durch die neue Verordnung in Ungarn werden LGBTQ Inhalte in gewisser Weise \u2013 zumindest f\u00fcr eine bestimmte Zielgruppe \u2013 kriminalisiert. M\u00f6glicherweise w\u00e4chst das Interesse bei den unter 18-j\u00e4hrigen gerade deswegen? M\u00f6glicherweise entwickelt sich tats\u00e4chlich eine Art \u201e<em>Schwarzmarkt<\/em>\u201c?<\/p>\n<p>Wahrscheinlich ist jedoch auch, dass sich das Bild der ungarischen Gesellschaft auf LGBTQ wandeln wird. Wer bisher noch nicht wusste, wie er zu diesem Thema stehen soll, k\u00f6nnte mit Hinblick auf seine individuelle Toleranz durch das neueste Verbot negativ beeinflusst werden. Frei nach dem Motto \u201e<em>Wenn es verboten ist, muss es schlimm sein!<\/em>\u201c ist es durchaus m\u00f6glich, dass sich die Situation von Queers in Ungarn verschlechtern wird.<\/p>\n<p><img decoding=\"async\" class=\"alignnone size-full wp-image-8327\" src=\"https:\/\/planet-randy.com\/blog\/wp-content\/uploads\/2021\/08\/1-format43.jpg\" alt=\"Ungarn macht Ernst\" width=\"2048\" height=\"1365\" srcset=\"https:\/\/planet-randy.com\/blog\/wp-content\/uploads\/2021\/08\/1-format43.jpg 2048w, https:\/\/planet-randy.com\/blog\/wp-content\/uploads\/2021\/08\/1-format43-200x133.jpg 200w, https:\/\/planet-randy.com\/blog\/wp-content\/uploads\/2021\/08\/1-format43-1200x800.jpg 1200w, https:\/\/planet-randy.com\/blog\/wp-content\/uploads\/2021\/08\/1-format43-768x512.jpg 768w, https:\/\/planet-randy.com\/blog\/wp-content\/uploads\/2021\/08\/1-format43-1536x1024.jpg 1536w\" sizes=\"(max-width: 2048px) 100vw, 2048px\" \/><\/p>\n<h5><strong>Wie reagiert die EU?<\/strong><\/h5>\n<p>Die Anti LGBTQ Gesetze sind der EU schon lange ein Dorn im Auge. Daher wurde Orban in der Vergangenheit immer wieder kritisiert. Viele Menschenrechtsaktivisten protestierten bereits gegen die Entwicklungen. Bisher erfolglos.<\/p>\n<p>Mittlerweile hat sich die EU dazu entschlossen, ein Vertragsverletzungsverfahren einzuleiten, da Gesetze wie diese nicht zum europ\u00e4ischen Gedanken passen. Dieser beinhaltet unter anderem, dass niemand aufgrund seines Alters, der politischen Meinung, des Glaubens usw. diskriminiert werden darf. Mitunter wurde auch immer wieder damit gedroht, Ungarn EU-Gelder zu k\u00fcrzen, wenn diese ihren Anti -LGBTQ Kurs weiter fahren w\u00fcrden. Die Fronten scheinen aktuell verh\u00e4rteter denn je zu sein. Orban empfindet das Vorgehen der EU als klaren Angriff und macht aktuell nicht den Anschein, als h\u00e4tte er vor, in dieser Angelegenheit einzulenken.<\/p>\n<p>&nbsp;<\/p>\n<p>Schon mitbekommen?\u00a0<a title=\"Prince Charming startet die 3 Staffel\" href=\"https:\/\/planet-randy.com\/blog\/prince-charming-startet-die-3-staffel\/\" rel=\"bookmark\">Prince Charming startet die 3 Stafel<\/a>.<\/p>\n","protected":false},"excerpt":{"rendered":"<p>Das Anti LGBTQ Gesetz in Ungarn wird immer schlimmer Ungarn geht in seinem Kampf gegen die LGBTQ Community den n\u00e4chsten Schritt. Denn: in naher Zukunft d\u00fcrfen Medien, die sich mit queeren Inhalten auseinandersetzen, in der N\u00e4he von Kirchen und Schulen nicht mehr verkauft werden. Die Wahrscheinlichkeit, dass einige H\u00e4ndler dazu \u00fcbergehen werden, eine Art \u201eSchwarzmarkt\u201c [&hellip;]<\/p>\n","protected":false},"author":2,"featured_media":8326,"comment_status":"open","ping_status":"open","sticky":false,"template":"","format":"standard","meta":{"footnotes":""},"categories":[4],"tags":[],"class_list":["post-8325","post","type-post","status-publish","format-standard","has-post-thumbnail","hentry","category-news-aus-der-community","wp-sticky"],"_links":{"self":[{"href":"https:\/\/planet-randy.com\/blog\/wp-json\/wp\/v2\/posts\/8325","targetHints":{"allow":["GET"]}}],"collection":[{"href":"https:\/\/planet-randy.com\/blog\/wp-json\/wp\/v2\/posts"}],"about":[{"href":"https:\/\/planet-randy.com\/blog\/wp-json\/wp\/v2\/types\/post"}],"author":[{"embeddable":true,"href":"https:\/\/planet-randy.com\/blog\/wp-json\/wp\/v2\/users\/2"}],"replies":[{"embeddable":true,"href":"https:\/\/planet-randy.com\/blog\/wp-json\/wp\/v2\/comments?post=8325"}],"version-history":[{"count":3,"href":"https:\/\/planet-randy.com\/blog\/wp-json\/wp\/v2\/posts\/8325\/revisions"}],"predecessor-version":[{"id":9294,"href":"https:\/\/planet-randy.com\/blog\/wp-json\/wp\/v2\/posts\/8325\/revisions\/9294"}],"wp:featuredmedia":[{"embeddable":true,"href":"https:\/\/planet-randy.com\/blog\/wp-json\/wp\/v2\/media\/8326"}],"wp:attachment":[{"href":"https:\/\/planet-randy.com\/blog\/wp-json\/wp\/v2\/media?parent=8325"}],"wp:term":[{"taxonomy":"category","embeddable":true,"href":"https:\/\/planet-randy.com\/blog\/wp-json\/wp\/v2\/categories?post=8325"},{"taxonomy":"post_tag","embeddable":true,"href":"https:\/\/planet-randy.com\/blog\/wp-json\/wp\/v2\/tags?post=8325"}],"curies":[{"name":"wp","href":"https:\/\/api.w.org\/{rel}","templated":true}]}}