{"id":8312,"date":"2021-08-18T21:02:27","date_gmt":"2021-08-18T19:02:27","guid":{"rendered":"https:\/\/planet-randy.com\/blog\/?p=8312"},"modified":"2023-04-05T16:49:05","modified_gmt":"2023-04-05T14:49:05","slug":"papis-loveday-spricht-ueber-das-queer-sein","status":"publish","type":"post","link":"https:\/\/planet-randy.com\/blog\/papis-loveday-spricht-ueber-das-queer-sein\/","title":{"rendered":"Papis Loveday spricht \u00fcber das queer sein"},"content":{"rendered":"<h2>Papis Loveday gibt bei Promi Big Broter einen Einblick in das Leben von Queers<\/h2>\n<p><img fetchpriority=\"high\" decoding=\"async\" class=\"alignnone size-full wp-image-8314\" src=\"https:\/\/planet-randy.com\/blog\/wp-content\/uploads\/2021\/08\/Papis-Loveday-spricht-ueber-das-queer-sein-1.jpg\" alt=\"Papis Loveday spricht \u00fcber das queer sein\" width=\"1280\" height=\"720\" srcset=\"https:\/\/planet-randy.com\/blog\/wp-content\/uploads\/2021\/08\/Papis-Loveday-spricht-ueber-das-queer-sein-1.jpg 1280w, https:\/\/planet-randy.com\/blog\/wp-content\/uploads\/2021\/08\/Papis-Loveday-spricht-ueber-das-queer-sein-1-200x113.jpg 200w, https:\/\/planet-randy.com\/blog\/wp-content\/uploads\/2021\/08\/Papis-Loveday-spricht-ueber-das-queer-sein-1-1200x675.jpg 1200w, https:\/\/planet-randy.com\/blog\/wp-content\/uploads\/2021\/08\/Papis-Loveday-spricht-ueber-das-queer-sein-1-768x432.jpg 768w\" sizes=\"(max-width: 1280px) 100vw, 1280px\" \/><\/p>\n<p>Model Papis Loveday d\u00fcrfte vor allem vielen \u201e<em>Germany\u2019s Next Topmodel<\/em>\u201c Fans ein Begriff sein. Nun wurde er vor den Promi Big Brother Kameras sehr emotional als er \u00fcber sein Schwul-Sein und seine Erfahrungen mit Rassismus sprach.<\/p>\n<p>Unter anderem erkl\u00e4rte er, dass es gerade in den 1980er Jahren das Karriereende bedeutet h\u00e4tte, sich zu outen. Er sorge sich darum, dass er nun den Eindruck habe, dass sich diese Probleme in Bezug auf Homophobie aktuell wiederholen w\u00fcrden. Und genau das mache ihm Angst.<\/p>\n<p>Besonders interessant: Papis hatte nie offiziell gesagt, dass er schwul sei. Die meisten d\u00fcrften jedoch eine Vermutung in diese Richtung gehabt haben. So offen wie bei PBB hat er seine sexuelle Orientierung jedoch noch nie thematisiert. Es handelte sich quasi um ein Outing in der Prime Time.<\/p>\n<h3>Papis Erfahrungen mit Homophobie<\/h3>\n<p>Einmal angefangen, redete Papis offen dar\u00fcber, dass es in seiner Heimat in Afrika \u201e<em>normal<\/em>\u201c sei, homophob zu sein. Vor allem der Gegensatz zwischen den vergleichsweise freien 90ern und den aktuellen Gegebenheiten macht ihm Sorgen. Die Entwicklung geht offensichtlich in die falsche Richtung.<\/p>\n<p>Das Model berichtete davon, dass es viele schwule M\u00e4nner gibt, die aufgrund ihrer sexuellen Orientierung geschlagen w\u00fcrden. Auch Rassismus sei f\u00fcr ihn schon lange zum Alltag geworden. Unter anderem sei er als Model nicht besetzt worden, weil er eine schwarze Hautfarbe habe.<\/p>\n<p>Irgendwann f\u00e4ngt Papis an, zu weinen. Die Emotionen sind \u2013 gerade im Container und auf engem Raum \u2013 zu stark geworden. Von vielen seiner Mitbewohner und Mitbewohnerinnen erh\u00e4lt er jedoch Unterst\u00fctzung. Vor allem Paco ist zur Stelle, um ihn zu tr\u00f6sten.<\/p>\n<p><img decoding=\"async\" class=\"alignnone size-full wp-image-8315\" src=\"https:\/\/planet-randy.com\/blog\/wp-content\/uploads\/2021\/08\/papis-loveday-promi-big-brother.jpg\" alt=\"Papis Loveday spricht \u00fcber das queer sein\" width=\"1024\" height=\"576\" srcset=\"https:\/\/planet-randy.com\/blog\/wp-content\/uploads\/2021\/08\/papis-loveday-promi-big-brother.jpg 1024w, https:\/\/planet-randy.com\/blog\/wp-content\/uploads\/2021\/08\/papis-loveday-promi-big-brother-200x113.jpg 200w, https:\/\/planet-randy.com\/blog\/wp-content\/uploads\/2021\/08\/papis-loveday-promi-big-brother-768x432.jpg 768w\" sizes=\"(max-width: 1024px) 100vw, 1024px\" \/><\/p>\n<h4><strong>Eine beeindruckende Karriere<\/strong><\/h4>\n<p>Auch wenn sich Papis Loveday bis zu seinem Coming Out bei Promi Big Brother nie wirklich offiziell zum Schwul-Sein bekannt hatte, handelte es sich hierbei um eine Art \u201e<em>Best\u00e4tigung<\/em>\u201c. F\u00fcr viele seiner Fans stand fest, dass er queer ist. Genau das scheint seiner Karriere jedoch nicht geschadet zu haben.<\/p>\n<p>Er arbeitet als erfolgreiches Model, lief bereits in Mailand und war schon auf zahlreichen Magazin Covern vertreten. Der gr\u00f6\u00dferen Zuschauerschar wurde er als Juror bei \u201e<em>GNTM<\/em>\u201c und durch andere TV Shows bekannt.<\/p>\n<p>Er begann, seine Popularit\u00e4t zu nutzen und machte sich in der Vergangenheit immer wieder gegen Rassismus stark. Auch das Statement bei Promi Big Brother d\u00fcrfte vielen Menschen in Erinnerung bleiben.<\/p>\n<h5><strong>Papis Loveday ist nicht der einzige queere Kandidat bei Promi Big Brother<\/strong><\/h5>\n<p>Bei PBB 2021 sind neben Papis Loveday, der ein paar Tage sp\u00e4ter als viele seiner Mitstreiter und Mitstreiterinnen einzog, noch weitere Queers mit dabei.<\/p>\n<p><a href=\"https:\/\/planet-randy.com\/blog\/promi-big-brother-rafi-ist-raus\/\">F\u00fcr Rafi Rachek (\u201e<em>Die Bachelorette<\/em>\u201c\/ \u201e<em>Bachelor in Paradise<\/em>\u201c) ist das Experiment \u201e<em>Promi Big Brother<\/em>\u201c mittlerweile vorbei<\/a>. Er erhielt nicht genug Stimmen von den Zuschauern. Rachek outete sich damals vor Laufenden Kameras und w\u00e4hrend einer Nacht der Rosen beim Paradise-Format als schwul und ist seitdem mit seinem Sam gl\u00fccklich.<\/p>\n<p>Pascal Kapp\u00e9s, der laut eigener Aussage seine bessere H\u00e4lfte noch nicht gefunden hat, ist bisexuell.<\/p>\n<p>Zu guter Letzt sind auch die beiden Moderatoren Jochen Schropp und Jochen Bendel (\u201e<em>Promi Big Brother \u2013 Die Late Night Show<\/em>\u201c) schwul. Das Format lebt damit einmal mehr von seiner Vielseitigkeit, zeigt jedoch auch immer wieder auf beeindruckende Weise auf, dass Queerness mittlerweile in vielen Bereichen so wunderbar \u201e<em>normal<\/em>\u201c geworden ist, dass sie nicht pausenlos thematisiert werden muss. Dennoch braucht es zweifelsohne auch Momente wie den von Papis, um die Menschen, die sich ansonsten eher weniger mit LGBTQ und Vielseitigkeit befassen, f\u00fcr dieses wichtige Thema \u2013 gerade in Bezug auf Homophobie und Rassismus \u2013 zu sensibilisieren.<\/p>\n<p>&nbsp;<\/p>\n<p>Schon geh\u00f6rt?\u00a0<a title=\"Der CSD in Bukarest hat Folgen\" href=\"https:\/\/planet-randy.com\/blog\/der-csd-in-bukarest-hat-folgen\/\" rel=\"bookmark\">Der CSD in Bukarest hat Folgen<\/a>!<\/p>\n","protected":false},"excerpt":{"rendered":"<p>Papis Loveday gibt bei Promi Big Broter einen Einblick in das Leben von Queers Model Papis Loveday d\u00fcrfte vor allem vielen \u201eGermany\u2019s Next Topmodel\u201c Fans ein Begriff sein. Nun wurde er vor den Promi Big Brother Kameras sehr emotional als er \u00fcber sein Schwul-Sein und seine Erfahrungen mit Rassismus sprach. Unter anderem erkl\u00e4rte er, dass [&hellip;]<\/p>\n","protected":false},"author":2,"featured_media":8314,"comment_status":"open","ping_status":"open","sticky":false,"template":"","format":"standard","meta":{"footnotes":""},"categories":[4],"tags":[],"class_list":["post-8312","post","type-post","status-publish","format-standard","has-post-thumbnail","hentry","category-news-aus-der-community","wp-sticky"],"_links":{"self":[{"href":"https:\/\/planet-randy.com\/blog\/wp-json\/wp\/v2\/posts\/8312","targetHints":{"allow":["GET"]}}],"collection":[{"href":"https:\/\/planet-randy.com\/blog\/wp-json\/wp\/v2\/posts"}],"about":[{"href":"https:\/\/planet-randy.com\/blog\/wp-json\/wp\/v2\/types\/post"}],"author":[{"embeddable":true,"href":"https:\/\/planet-randy.com\/blog\/wp-json\/wp\/v2\/users\/2"}],"replies":[{"embeddable":true,"href":"https:\/\/planet-randy.com\/blog\/wp-json\/wp\/v2\/comments?post=8312"}],"version-history":[{"count":5,"href":"https:\/\/planet-randy.com\/blog\/wp-json\/wp\/v2\/posts\/8312\/revisions"}],"predecessor-version":[{"id":14744,"href":"https:\/\/planet-randy.com\/blog\/wp-json\/wp\/v2\/posts\/8312\/revisions\/14744"}],"wp:featuredmedia":[{"embeddable":true,"href":"https:\/\/planet-randy.com\/blog\/wp-json\/wp\/v2\/media\/8314"}],"wp:attachment":[{"href":"https:\/\/planet-randy.com\/blog\/wp-json\/wp\/v2\/media?parent=8312"}],"wp:term":[{"taxonomy":"category","embeddable":true,"href":"https:\/\/planet-randy.com\/blog\/wp-json\/wp\/v2\/categories?post=8312"},{"taxonomy":"post_tag","embeddable":true,"href":"https:\/\/planet-randy.com\/blog\/wp-json\/wp\/v2\/tags?post=8312"}],"curies":[{"name":"wp","href":"https:\/\/api.w.org\/{rel}","templated":true}]}}