{"id":7853,"date":"2021-07-08T22:23:12","date_gmt":"2021-07-08T20:23:12","guid":{"rendered":"https:\/\/planet-randy.com\/blog\/?p=7853"},"modified":"2021-11-01T11:11:46","modified_gmt":"2021-11-01T10:11:46","slug":"harald-gloeoeckler-nackt-bei-instagram","status":"publish","type":"post","link":"https:\/\/planet-randy.com\/blog\/harald-gloeoeckler-nackt-bei-instagram\/","title":{"rendered":"Harald Gl\u00f6\u00f6ckler nackt bei Instagram"},"content":{"rendered":"<h2>Harald Gl\u00f6\u00f6ckler ver\u00f6ffentlicht (fast) Nackt-Foto auf Instagram<\/h2>\n<p>Dass Harald Gl\u00f6\u00f6ckler kein Problem damit zu haben scheint, zu schocken, konnte er in der Vergangenheit schon \u00f6fter unter Beweis stellen. So freiz\u00fcgig wie auf einem seiner aktuellen Instagram Bilder hat er sich jedoch selten pr\u00e4sentiert.<\/p>\n<p>Er lie\u00df alle H\u00fcllen fallen und verdeckte sein \u201e<em>bestes St\u00fcck<\/em>\u201c lediglich mit Weintrauben. Dabei schaute sich der Modedesigner im Spiegel an \u2013 ebenfalls traubenessend.<\/p>\n<p>Was ein wenig an eine antike Statue erinnern mag, kam bei manchen gut, bei anderen weniger gut an. Der Meister selbst d\u00fcrfte sich mit seinem Bild jedoch sehr wohl f\u00fchlen. Ansonsten h\u00e4tte er es sicherlich nicht gepostet.<\/p>\n<p>Selbstverst\u00e4ndlich wird bei einem Foto wie diesem auch das ber\u00fchmte Kopfkino angeregt. Gibt es beispielsweise einen Grund daf\u00fcr, weshalb auf so viele Trauben gesetzt wurde? Braucht es tats\u00e4chlich die komplette Fl\u00e4che, um Gl\u00f6\u00f6cklers Gem\u00e4cht zu verbergen? Fragen \u00fcber Fragen, die sicherlich nur der Designer selbst beantworten kann.<\/p>\n<p><img fetchpriority=\"high\" decoding=\"async\" class=\"alignnone size-full wp-image-7863\" src=\"https:\/\/planet-randy.com\/blog\/wp-content\/uploads\/2021\/07\/Harald-Gloeoeckler-nackt-bei-Instagram.jpg\" alt=\"Harald Gl\u00f6\u00f6ckler nackt bei Instagram\" width=\"1024\" height=\"682\" srcset=\"https:\/\/planet-randy.com\/blog\/wp-content\/uploads\/2021\/07\/Harald-Gloeoeckler-nackt-bei-Instagram.jpg 1024w, https:\/\/planet-randy.com\/blog\/wp-content\/uploads\/2021\/07\/Harald-Gloeoeckler-nackt-bei-Instagram-200x133.jpg 200w, https:\/\/planet-randy.com\/blog\/wp-content\/uploads\/2021\/07\/Harald-Gloeoeckler-nackt-bei-Instagram-768x512.jpg 768w\" sizes=\"(max-width: 1024px) 100vw, 1024px\" \/><\/p>\n<h3>Ein einwandfreier K\u00f6rper?!<\/h3>\n<p>Sicherlich jede\/r, der\/ die auf Instagram unterwegs ist, kennt die unglaublichen M\u00f6glichkeiten, die die Filterfunktion und andere Beautytools mit sich bringen. Daher sei beim Anblick des muskelbepackten, makellosen Harald Gl\u00f6\u00f6ckler nat\u00fcrlich auch die Frage erlaubt \u201e<em>Was ist echt?<\/em>\u201c bzw. \u201e<em>Wo wurde nachgeholfen?<\/em>\u201c.<\/p>\n<p>Fest steht jedoch auch, dass der Designer es geschafft hat, einmal mehr zu polarisieren. Er steht seit jeher f\u00fcr das Extravagante. Daf\u00fcr, dass die Menschen ihn entweder m\u00f6gen oder nicht. Eines verbindet sie dann jedoch alle: sie haben eine Meinung zu \u201e<em>dem Gl\u00f6\u00f6ckler<\/em>\u201c.<\/p>\n<p>Das besagte Bild steht daher sinnbildlich f\u00fcr eine Karriere eines Menschen, der nicht viel Wert daraufzulegen scheint, was andere von ihm denken. Frei nach dem Motto: \u201e<em>Ich bin zufrieden mit mir!<\/em>\u201c r\u00e4kelt er sich wie ein griechischer Gott vor dem Spiegel. Wie viel hier retuschiert wurde, wei\u00df nur er. Bekannt ist jedoch auch, dass der Designer Sch\u00f6nheits-OPs durchaus offen gegen\u00fcber ist \u2013 sowohl im Gesicht als auch an anderen Stellen des K\u00f6rpers.<\/p>\n<p><img decoding=\"async\" class=\"alignnone size-full wp-image-7864\" src=\"https:\/\/planet-randy.com\/blog\/wp-content\/uploads\/2021\/07\/1256741252-instagram-harald-gloeoeckler-oben-ohne-RWl5si8aQec.jpg\" alt=\"Harald Gl\u00f6\u00f6ckler nackt bei Instagram\" width=\"2400\" height=\"2400\" srcset=\"https:\/\/planet-randy.com\/blog\/wp-content\/uploads\/2021\/07\/1256741252-instagram-harald-gloeoeckler-oben-ohne-RWl5si8aQec.jpg 2400w, https:\/\/planet-randy.com\/blog\/wp-content\/uploads\/2021\/07\/1256741252-instagram-harald-gloeoeckler-oben-ohne-RWl5si8aQec-150x150.jpg 150w, https:\/\/planet-randy.com\/blog\/wp-content\/uploads\/2021\/07\/1256741252-instagram-harald-gloeoeckler-oben-ohne-RWl5si8aQec-1200x1200.jpg 1200w, https:\/\/planet-randy.com\/blog\/wp-content\/uploads\/2021\/07\/1256741252-instagram-harald-gloeoeckler-oben-ohne-RWl5si8aQec-768x768.jpg 768w, https:\/\/planet-randy.com\/blog\/wp-content\/uploads\/2021\/07\/1256741252-instagram-harald-gloeoeckler-oben-ohne-RWl5si8aQec-1536x1536.jpg 1536w, https:\/\/planet-randy.com\/blog\/wp-content\/uploads\/2021\/07\/1256741252-instagram-harald-gloeoeckler-oben-ohne-RWl5si8aQec-2048x2048.jpg 2048w\" sizes=\"(max-width: 2400px) 100vw, 2400px\" \/><\/p>\n<h4><strong>Gl\u00f6\u00f6ckler als Kandidat im Dschungelcamp \u2013 im kommenden Jahr ist es soweit<\/strong><\/h4>\n<p>Die Fans des Designers m\u00fcssen sich zudem nicht mehr allzu lange gedulden, bis sie \u2013 vielleicht ebenso freiz\u00fcgige Aufnahmen \u2013 in Bewegtbildern zu sehen bekommen. Denn: Harald Gl\u00f6\u00f6ckler geh\u00f6rt zum Dschungelcamp-Cast im kommenden Jahr.<\/p>\n<p>Wie knapp sein Badeh\u00f6schen sein wird, mit dem er seine Duschen unter dem ber\u00fchmten Wasserfall nimmt, ist bisher noch sein Geheimnis.<\/p>\n<p>Dass er jedoch ganz sicher die ein oder andere sehr spannende Geschichte am Lagerfeuer erz\u00e4hlen kann, d\u00fcrfte jedem klar sein. Seine Fans d\u00fcrfte es freuen.<\/p>\n<h5><strong>Wie reagieren die Gl\u00f6\u00f6ckler Anh\u00e4nger auf das freiz\u00fcgige Posting?<\/strong><\/h5>\n<p>Viele Fans der Modeikone sind begeistert. Nicht ausschlie\u00dflich vom augenscheinlich makellosen K\u00f6rper, sondern vielmehr auch davon, dass Gl\u00f6\u00f6ckler sich \u00fcberhaupt traut, derart freiz\u00fcgig zu posten.<\/p>\n<p>Doch Harald Gl\u00f6\u00f6ckler w\u00e4re nicht der Gl\u00f6\u00f6ckler, wenn er auf ein \u201e<em>pomp\u00f6\u00f6ses<\/em>\u201c Rahmenprogramm verzichten w\u00fcrde. So versieht er das Bild mit Hashtags wie zum Beispiel #ikone. Klar: hier spielt jemand mit seinem Image \u2013 und dennoch: zu einem echten Gl\u00f6\u00f6ckler-Post geh\u00f6rt ein gro\u00dfes Selbstbewusstsein sicherlich auch ein wenig dazu. Neben einer Vielzahl an weiteren Hashtags wurde der Post lediglich mit einem \u201e<em>Ladies and gentlemen \u2013 it\u2019s Friday<\/em>!\u201c versehen. Manchmal braucht es eben nicht viele Worte.<\/p>\n<p>R\u00fcckenwind bekommt der Designer von zahlreichen positiven Kommentaren, Likes (unter anderem auch von anderen Promis, wie zum Beispiel Matthias Mangiapane) zu seinem Body, seinem Mut und\u2026 Den Trauben.<\/p>\n<p>Wusstest du schon, dass <a title=\"Jack Dylan Grazer ist bi\" href=\"https:\/\/planet-randy.com\/blog\/jack-dylan-grazer-ist-bi\/\" rel=\"bookmark\">Jack Dylan Grazer bisexuell ist<\/a>?<\/p>\n","protected":false},"excerpt":{"rendered":"<p>Harald Gl\u00f6\u00f6ckler ver\u00f6ffentlicht (fast) Nackt-Foto auf Instagram Dass Harald Gl\u00f6\u00f6ckler kein Problem damit zu haben scheint, zu schocken, konnte er in der Vergangenheit schon \u00f6fter unter Beweis stellen. So freiz\u00fcgig wie auf einem seiner aktuellen Instagram Bilder hat er sich jedoch selten pr\u00e4sentiert. Er lie\u00df alle H\u00fcllen fallen und verdeckte sein \u201ebestes St\u00fcck\u201c lediglich mit [&hellip;]<\/p>\n","protected":false},"author":3,"featured_media":7863,"comment_status":"open","ping_status":"open","sticky":false,"template":"","format":"standard","meta":{"footnotes":""},"categories":[4],"tags":[],"class_list":["post-7853","post","type-post","status-publish","format-standard","has-post-thumbnail","hentry","category-news-aus-der-community","wp-sticky"],"_links":{"self":[{"href":"https:\/\/planet-randy.com\/blog\/wp-json\/wp\/v2\/posts\/7853","targetHints":{"allow":["GET"]}}],"collection":[{"href":"https:\/\/planet-randy.com\/blog\/wp-json\/wp\/v2\/posts"}],"about":[{"href":"https:\/\/planet-randy.com\/blog\/wp-json\/wp\/v2\/types\/post"}],"author":[{"embeddable":true,"href":"https:\/\/planet-randy.com\/blog\/wp-json\/wp\/v2\/users\/3"}],"replies":[{"embeddable":true,"href":"https:\/\/planet-randy.com\/blog\/wp-json\/wp\/v2\/comments?post=7853"}],"version-history":[{"count":4,"href":"https:\/\/planet-randy.com\/blog\/wp-json\/wp\/v2\/posts\/7853\/revisions"}],"predecessor-version":[{"id":9396,"href":"https:\/\/planet-randy.com\/blog\/wp-json\/wp\/v2\/posts\/7853\/revisions\/9396"}],"wp:featuredmedia":[{"embeddable":true,"href":"https:\/\/planet-randy.com\/blog\/wp-json\/wp\/v2\/media\/7863"}],"wp:attachment":[{"href":"https:\/\/planet-randy.com\/blog\/wp-json\/wp\/v2\/media?parent=7853"}],"wp:term":[{"taxonomy":"category","embeddable":true,"href":"https:\/\/planet-randy.com\/blog\/wp-json\/wp\/v2\/categories?post=7853"},{"taxonomy":"post_tag","embeddable":true,"href":"https:\/\/planet-randy.com\/blog\/wp-json\/wp\/v2\/tags?post=7853"}],"curies":[{"name":"wp","href":"https:\/\/api.w.org\/{rel}","templated":true}]}}