{"id":7512,"date":"2021-06-15T13:32:56","date_gmt":"2021-06-15T11:32:56","guid":{"rendered":"https:\/\/planet-randy.com\/blog\/?p=7512"},"modified":"2021-11-01T11:31:32","modified_gmt":"2021-11-01T10:31:32","slug":"der-geneva-pride-startet-ende-juni","status":"publish","type":"post","link":"https:\/\/planet-randy.com\/blog\/der-geneva-pride-startet-ende-juni\/","title":{"rendered":"Der Geneva Pride startet Ende Juni"},"content":{"rendered":"<h2>Die Planung f\u00fcr die Geneva Pride nehmen weiter Form an<\/h2>\n<p>Corona hat daf\u00fcr gesorgt, dass vieles anders geworden ist und es unter anderem keinen Geneva Pride gab. Es sind jedoch die kleinen Lichtblicke in Form von Events, die die Hoffnung aufkommen lassen, dass bald wieder ein wenig mehr Normalit\u00e4t vorherrschen d\u00fcrfte.<\/p>\n<p>Ein \u201e<em>Puzzleteil<\/em>\u201c ist in diesem Zusammenhang die Nachricht, dass auch in 2021 die Geneva Pride stattfinden wird. Ende Juni soll es so weit sein. Zudem sitzen die Verantwortlichen auch an den Planungen f\u00fcr den Marche des Fiert\u00e9s in Genf. Er wurde auf den 11. September datiert.<\/p>\n<p><img fetchpriority=\"high\" decoding=\"async\" class=\"alignnone size-full wp-image-7513\" src=\"https:\/\/planet-randy.com\/blog\/wp-content\/uploads\/2021\/06\/Der-Geneva-Pride-startet-Ende-Juni.jpg\" alt=\"Der Geneva Pride startet Ende Juni\" width=\"1440\" height=\"960\" srcset=\"https:\/\/planet-randy.com\/blog\/wp-content\/uploads\/2021\/06\/Der-Geneva-Pride-startet-Ende-Juni.jpg 1440w, https:\/\/planet-randy.com\/blog\/wp-content\/uploads\/2021\/06\/Der-Geneva-Pride-startet-Ende-Juni-200x133.jpg 200w, https:\/\/planet-randy.com\/blog\/wp-content\/uploads\/2021\/06\/Der-Geneva-Pride-startet-Ende-Juni-1200x800.jpg 1200w, https:\/\/planet-randy.com\/blog\/wp-content\/uploads\/2021\/06\/Der-Geneva-Pride-startet-Ende-Juni-768x512.jpg 768w\" sizes=\"(max-width: 1440px) 100vw, 1440px\" \/><\/p>\n<h3>Ein kurzer \u00dcberblick \u00fcber wichtige Daten zur Pride in Genf (Geneva Pride)<\/h3>\n<p>Eine gro\u00dfe Parade in \u2013 mehr oder weniger \u2013 engen Stra\u00dfen? Hieran ist (in Zeiten der Pandemie) noch nicht zu denken. Dies bedeutet jedoch nicht, dass die Events rund um die Geneva ebenfalls abgesagt werden m\u00fcssten. Im Gegenteil!<\/p>\n<p>Das Programm zeichnet sich \u2013 wer h\u00e4tte es gedacht? \u2013 durch seine Vielseitigkeit und spannende Inhalte aus.<\/p>\n<p>Damit hier m\u00f6glichst jeder auf seine Kosten kommt, wird die Geneva Pride in diesem Jahr in zwei Teile aufgesplittet. Der Start wird am 26. und am 27. Juni gefeiert. Hier warten unter anderem ein Pride Run und verschiedene kleinere Events auf die Teilnehmer und Teilnehmerinnen. Mitte September \u2013 am 11.09.2021 \u2013 wird dann der Marche des Fiert\u00e9s zelebriert.<\/p>\n<p>Ein besonderes Highlight der Pride d\u00fcrfte in jedem Fall einmal mehr die Kundgebung am Samstag sein. Hier wird unter anderem auf einen Mix aus Kultur, starken Statements und Politik gesetzt. Vor allem aktuelle Themen, wie beispielsweise die Ehe f\u00fcr alle und weitere Punkte, d\u00fcrften hier im Fokus stehen. Der bereits erw\u00e4hnte Pride Run findet dann einen Tag sp\u00e4ter statt. Hier geht es f\u00fcr die Teilnehmer und Teilnehmerinnen darum, eine etwa sieben Kilometer lange Strecke durch die Stadt zu absolvieren. Auch abseits des Run wird es nat\u00fcrlich nicht langweilig. Es lohnt sich dementsprechend, sich im Zusammenhang mit weiteren kleinen Events zu informieren.<\/p>\n<h4><strong>Pride trotz Pandemie? Geht das?<\/strong><\/h4>\n<p>Offensichtlich! Die Veranstalter setzen hier auf ein entsprechendes Sicherheits- und Hygienekonzept. Die Besucher und Besucherinnen werden selbstverst\u00e4ndlich darum gebeten, die Anstandsregeln einzuhalten, die Maske zu tragen usw..<\/p>\n<p>Basierend auf dem vorherrschenden Konzept ist es so unter anderem dann auch m\u00f6glich, ein Picknick im Park des Th\u00e9\u00e2tre de l\u2019Orangerie zu veranstalten. Selbstverst\u00e4ndlich ist die Teilnehmerzahl hier \u2013 ebenso wie bei den anderen Events rund um die Pride 2021 in Genf \u2013 begrenzt.<\/p>\n<p>Die Veranstaltungen zeigen jedoch auch auf, dass es durchaus m\u00f6glich ist, auch w\u00e4hrend Corona ein wichtiges Zeichen f\u00fcr mehr Vielfalt und Toleranz zu setzen. Auch wenn sich die Prides unter Pandemiebedingungen nat\u00fcrlich nicht mit den Prides von vor zwei Jahren vergleichen lassen, so ist es dennoch wichtig, pr\u00e4sent zu sein.<\/p>\n<p>Denn: auch wenn es sich bei der Corona Pandemie sicherlich um eine der einschneidensten Krisen der Menschheit handelt, bedeutet dies nicht, dass andere Herausforderungen des Alltags deswegen in Vergessenheit geraten d\u00fcrften.<\/p>\n<p>Es gibt sogar einige Studien, in deren Zusammenhang herausgefunden wurde, dass Homophobie w\u00e4hrend der Pandemie in einigen Bereichen zugenommen hat. Umso besser, dass sich die Verantwortlichen, die hinter den Prides stehen, nicht nur in Genf, sondern auch in anderen Teilen der Welt nicht entmutigen lassen und aktuell zumindest Ersatz- und teilweise Online Veranstaltungen planen, um die entsprechenden Inhalte zu vermitteln.<\/p>\n<h5><strong>Die LGBTQ Szene beim Geneva Pride<\/strong><\/h5>\n<p>Die LGBTQ Szene in Genf w\u00e4chst kontinuierlich und zeigt anhand der aktuellen Planungen rund um die Pride 2021, dass sie sich immer wieder etwas Neues einfallen l\u00e4sst, um Pr\u00e4senz zu zeigen.<\/p>\n<p>Doch auch abseits der entsprechenden Events zeigt sich Genf sehr \u201e<em>gay-freundlich<\/em>\u201c. In der Stadt gibt es zahlreiche einschl\u00e4gige Treffpunkte, an denen Queers aus allen Bereichen willkommen sind.<\/p>\n<p>In der Vergangenheit wurde Genf immer wieder unter die \u201e<em>lebenswertesten St\u00e4dte der Welt<\/em>\u201c gew\u00e4hlt. Ob genau das auch etwas mit der Offenheit und der Toleranz der Menschen zu tun hat? Mag sein.<\/p>\n<div class=\"flex-video widescreen\"><iframe title=\"Geneva Pride 2019 (version longue)\" width=\"745\" height=\"419\" src=\"https:\/\/www.youtube.com\/embed\/5GF-kBCbgGs?feature=oembed\" frameborder=\"0\" allow=\"accelerometer; autoplay; clipboard-write; encrypted-media; gyroscope; picture-in-picture\" allowfullscreen><\/iframe><\/div>\n<p>&nbsp;<\/p>\n<p>Kennst du schon die\u00a0<a title=\"Beliebte Sextoys f\u00fcr M\u00e4nner\" href=\"https:\/\/planet-randy.com\/blog\/beliebte-sextoys-fuer-maenner\/\" rel=\"bookmark\">Beliebtesten Sextoys f\u00fcr M\u00e4nner<\/a>?<\/p>\n","protected":false},"excerpt":{"rendered":"<p>Die Planung f\u00fcr die Geneva Pride nehmen weiter Form an Corona hat daf\u00fcr gesorgt, dass vieles anders geworden ist und es unter anderem keinen Geneva Pride gab. Es sind jedoch die kleinen Lichtblicke in Form von Events, die die Hoffnung aufkommen lassen, dass bald wieder ein wenig mehr Normalit\u00e4t vorherrschen d\u00fcrfte. Ein \u201ePuzzleteil\u201c ist in [&hellip;]<\/p>\n","protected":false},"author":3,"featured_media":7513,"comment_status":"open","ping_status":"open","sticky":false,"template":"","format":"standard","meta":{"footnotes":""},"categories":[4],"tags":[],"class_list":["post-7512","post","type-post","status-publish","format-standard","has-post-thumbnail","hentry","category-news-aus-der-community","wp-sticky"],"_links":{"self":[{"href":"https:\/\/planet-randy.com\/blog\/wp-json\/wp\/v2\/posts\/7512","targetHints":{"allow":["GET"]}}],"collection":[{"href":"https:\/\/planet-randy.com\/blog\/wp-json\/wp\/v2\/posts"}],"about":[{"href":"https:\/\/planet-randy.com\/blog\/wp-json\/wp\/v2\/types\/post"}],"author":[{"embeddable":true,"href":"https:\/\/planet-randy.com\/blog\/wp-json\/wp\/v2\/users\/3"}],"replies":[{"embeddable":true,"href":"https:\/\/planet-randy.com\/blog\/wp-json\/wp\/v2\/comments?post=7512"}],"version-history":[{"count":3,"href":"https:\/\/planet-randy.com\/blog\/wp-json\/wp\/v2\/posts\/7512\/revisions"}],"predecessor-version":[{"id":9425,"href":"https:\/\/planet-randy.com\/blog\/wp-json\/wp\/v2\/posts\/7512\/revisions\/9425"}],"wp:featuredmedia":[{"embeddable":true,"href":"https:\/\/planet-randy.com\/blog\/wp-json\/wp\/v2\/media\/7513"}],"wp:attachment":[{"href":"https:\/\/planet-randy.com\/blog\/wp-json\/wp\/v2\/media?parent=7512"}],"wp:term":[{"taxonomy":"category","embeddable":true,"href":"https:\/\/planet-randy.com\/blog\/wp-json\/wp\/v2\/categories?post=7512"},{"taxonomy":"post_tag","embeddable":true,"href":"https:\/\/planet-randy.com\/blog\/wp-json\/wp\/v2\/tags?post=7512"}],"curies":[{"name":"wp","href":"https:\/\/api.w.org\/{rel}","templated":true}]}}