{"id":7390,"date":"2021-06-06T15:41:08","date_gmt":"2021-06-06T13:41:08","guid":{"rendered":"https:\/\/planet-randy.com\/blog\/?p=7390"},"modified":"2021-11-01T11:23:50","modified_gmt":"2021-11-01T10:23:50","slug":"der-3sat-lgbtq-doku-abend","status":"publish","type":"post","link":"https:\/\/planet-randy.com\/blog\/der-3sat-lgbtq-doku-abend\/","title":{"rendered":"Der 3sat LGBTQ Doku-Abend"},"content":{"rendered":"<h2>3sat zeigt Dokus rund um queeres Leben<\/h2>\n<p>Wer ein wenig mehr \u201e<em>queeres TV-Programm<\/em>\u201c genie\u00dfen m\u00f6chte, muss nicht nur zwangsl\u00e4ufig Prince Charming einschalten. Auch 3sat widmet dem Thema einen Abend. Am 09. Juni 2021 ist es soweit. Um 20:15 Uhr startet die Doku &#8220;<em>Mein K\u00f6rper, meine Liebe \u2013 Lesben, Schwule, Transgender<\/em>&#8221; bevor im Anschluss &#8220;<em>Hass gegen LGBTQ \u2013 Von Diskriminierung und Widerstand<\/em>&#8221; gezeigt wird.<\/p>\n<p>Fest steht schon jetzt, dass sich das Einschalten sowohl f\u00fcr Queers als auch f\u00fcr \u201e<em>Cis-People<\/em>\u201c lohnen d\u00fcrfte. Die entsprechenden Inhalte sind sowohl informierend als auch emotional und daher unter anderem gut dazu geeignet, gegebenenfalls einen spannenden Blick \u00fcber den Tellerrand zu erm\u00f6glichen.<\/p>\n<p>Doch was verbirgt sich eigentlich hinter den beiden Formaten?<\/p>\n<p><img fetchpriority=\"high\" decoding=\"async\" class=\"alignnone size-full wp-image-7391\" src=\"https:\/\/planet-randy.com\/blog\/wp-content\/uploads\/2021\/06\/Der-3sat-LGBTQ-Doku-Abend-scaled.jpg\" alt=\"Der 3sat LGBTQ Doku-Abend\" width=\"2560\" height=\"1440\" srcset=\"https:\/\/planet-randy.com\/blog\/wp-content\/uploads\/2021\/06\/Der-3sat-LGBTQ-Doku-Abend-scaled.jpg 2560w, https:\/\/planet-randy.com\/blog\/wp-content\/uploads\/2021\/06\/Der-3sat-LGBTQ-Doku-Abend-200x113.jpg 200w, https:\/\/planet-randy.com\/blog\/wp-content\/uploads\/2021\/06\/Der-3sat-LGBTQ-Doku-Abend-1200x675.jpg 1200w, https:\/\/planet-randy.com\/blog\/wp-content\/uploads\/2021\/06\/Der-3sat-LGBTQ-Doku-Abend-768x432.jpg 768w, https:\/\/planet-randy.com\/blog\/wp-content\/uploads\/2021\/06\/Der-3sat-LGBTQ-Doku-Abend-1536x864.jpg 1536w, https:\/\/planet-randy.com\/blog\/wp-content\/uploads\/2021\/06\/Der-3sat-LGBTQ-Doku-Abend-2048x1152.jpg 2048w\" sizes=\"(max-width: 2560px) 100vw, 2560px\" \/><\/p>\n<h3>&#8220;Mein K\u00f6rper, meine Liebe \u2013 Lesben, Schwule, Transgender&#8221;<\/h3>\n<p>Die Doku &#8220;<em>Mein K\u00f6rper, meine Liebe \u2013 Lesben, Schwule, Transgender<\/em>&#8221; befasst sich mit der Frage, wie offen Queers ihre Identit\u00e4t in der heutigen Zeit ausleben k\u00f6nnen. Im Fokus stehen unter anderem ein schwuler Fu\u00dfballclub und ein lesbisches Paar aus der Schweiz. Sie und weitere Protagonisten plaudern \u201e<em>aus dem N\u00e4hk\u00e4stchen<\/em>\u201c \u00fcber Negatives, jedoch auch \u00fcber die positiven Entwicklungen in Bezug auf LGBTQ.<\/p>\n<p>Gleichzeitig zeigt die Doku auch, zum Beispiel anhand des schwulen Polizisten Dominique Schibler, auf, wie sich Queers im Alltag f\u00fcr mehr Gleichberechtigung starkmachen. Schibler engagiert sich bei den GayCopsAustria und m\u00f6chte so Vorurteile abbauen.<\/p>\n<h4><strong>&#8220;Hass gegen LGBTQ \u2013 Von Diskriminierung und Widerstand&#8221;<\/strong><\/h4>\n<p>In &#8220;<em>Hass gegen LGBTQ \u2013 Von Diskriminierung und Widerstand<\/em>&#8221; zeigt sich einmal mehr, dass es \u2013 trotz der zahlreichen Fortschritte in Bezug auf Toleranz und Co. \u2013 noch ein langer Weg bis zur kompletten Gleichberechtigung ist. Diese Doku d\u00fcrfte dementsprechend aufr\u00fcttelnd wirken. Es geht um Gewalt und Bedrohungen, denen viele Queers im Alltag ausgesetzt sind.<\/p>\n<p>Besonders bewegend ist in diesem Zusammenhang die Geschichte des 21-j\u00e4hrigen Lenny. Lenny ist nicht-bin\u00e4r und wurde von Homophoben so zusammengeschlagen, dass er taub wurde \u2013 und es bis heute geblieben ist. Seitdem befindet sich das Opfer der Attacke in psychiatrischer Behandlung.<\/p>\n<p>Der Hass gegen Queers ist jedoch kein \u201e<em>Ph\u00e4nomen<\/em>\u201c der heutigen Zeit. Genau das wei\u00df auch Liva Tresch. Sie ist fast 90 Jahre alt und lesbisch. Sie outete sich in einer Zeit, in der das Queer-Sein noch kritischer als heutzutage angesehen wurde.<\/p>\n<p>Auch ihre Geschichte w\u00fchlt auf\u2026 Zeigt aber auch, dass es Menschen gibt, die es trotz aller Hindernisse schaffen, zu sich zu stehen.<\/p>\n<h5><strong>Wer sollte sich die beiden Dokumentationen anschauen?<\/strong><\/h5>\n<p>Vor allem &#8220;<em>Hass gegen LGBTQ \u2013 Von Diskriminierung und Widerstand<\/em>&#8221; ist sicherlich nichts f\u00fcr schwache Nerven. Immerhin zeigt die Doku auf, dass Hass und Intoleranz bis heute eine Rolle im Leben der Menschen spielen.<\/p>\n<p>Und dennoch ist es umso wichtiger, auch diejenigen, die gegebenenfalls denken, entsprechende Vorw\u00fcrfe seien \u201e<em>\u00fcbertrieben<\/em>\u201c zu erreichen und aufzuzeigen, wie sehr die Opfer von Mobbing und Gewalt im Alltag leiden.<\/p>\n<p>Gleichzeitig bieten beide Dokus einen spannenden Einblick in das Leben queerer Menschen und k\u00f6nnen sicherlich auch dabei helfen, Vorurteile abzubauen. Dementsprechend lohnt es sich vor allem f\u00fcr diejenigen, die Interesse an einem Blick \u00fcber den Tellerrand haben, hereinzuschauen. Vielen Queers d\u00fcrften die Dokus auch zeigen, dass sie nicht allein sind. Und wer wei\u00df? Vielleicht ermutigt die ein oder andere Szene ja auch zum eigenen Coming Out?<\/p>\n<p>W\u00e4hrend sich klassische Dating-Shows (verst\u00e4ndlicherweise) eher mit einem unterhaltenden und oberfl\u00e4chlichen Themenbereich befassen, tauchen sowohl &#8220;<em>Hass gegen LGBTQ \u2013 Von Diskriminierung und Widerstand<\/em>&#8221; als auch &#8220;<em>Mein K\u00f6rper, meine Liebe \u2013 Lesben, Schwule, Transgender<\/em>&#8221; mehr in die Materie ein und bieten auch verschiedene L\u00f6sungsans\u00e4tze. Inwieweit diese dann im eigenen Alltag umgesetzt werden, ist von der pers\u00f6nlichen Einstellung zum Thema abh\u00e4ngig.<\/p>\n<p>&nbsp;<\/p>\n<p>Hier findest du sinnvolle und effektive <a title=\"\u00dcbungen f\u00fcr die Unterarme\" href=\"https:\/\/planet-randy.com\/blog\/uebungen-fuer-die-unterarme\/\" rel=\"bookmark\">\u00dcbungen f\u00fcr die Unterarme<\/a>.<\/p>\n","protected":false},"excerpt":{"rendered":"<p>3sat zeigt Dokus rund um queeres Leben Wer ein wenig mehr \u201equeeres TV-Programm\u201c genie\u00dfen m\u00f6chte, muss nicht nur zwangsl\u00e4ufig Prince Charming einschalten. Auch 3sat widmet dem Thema einen Abend. Am 09. Juni 2021 ist es soweit. Um 20:15 Uhr startet die Doku &#8220;Mein K\u00f6rper, meine Liebe \u2013 Lesben, Schwule, Transgender&#8221; bevor im Anschluss &#8220;Hass gegen [&hellip;]<\/p>\n","protected":false},"author":3,"featured_media":7391,"comment_status":"open","ping_status":"open","sticky":false,"template":"","format":"standard","meta":{"footnotes":""},"categories":[4],"tags":[],"class_list":["post-7390","post","type-post","status-publish","format-standard","has-post-thumbnail","hentry","category-news-aus-der-community","wp-sticky"],"_links":{"self":[{"href":"https:\/\/planet-randy.com\/blog\/wp-json\/wp\/v2\/posts\/7390","targetHints":{"allow":["GET"]}}],"collection":[{"href":"https:\/\/planet-randy.com\/blog\/wp-json\/wp\/v2\/posts"}],"about":[{"href":"https:\/\/planet-randy.com\/blog\/wp-json\/wp\/v2\/types\/post"}],"author":[{"embeddable":true,"href":"https:\/\/planet-randy.com\/blog\/wp-json\/wp\/v2\/users\/3"}],"replies":[{"embeddable":true,"href":"https:\/\/planet-randy.com\/blog\/wp-json\/wp\/v2\/comments?post=7390"}],"version-history":[{"count":3,"href":"https:\/\/planet-randy.com\/blog\/wp-json\/wp\/v2\/posts\/7390\/revisions"}],"predecessor-version":[{"id":9406,"href":"https:\/\/planet-randy.com\/blog\/wp-json\/wp\/v2\/posts\/7390\/revisions\/9406"}],"wp:featuredmedia":[{"embeddable":true,"href":"https:\/\/planet-randy.com\/blog\/wp-json\/wp\/v2\/media\/7391"}],"wp:attachment":[{"href":"https:\/\/planet-randy.com\/blog\/wp-json\/wp\/v2\/media?parent=7390"}],"wp:term":[{"taxonomy":"category","embeddable":true,"href":"https:\/\/planet-randy.com\/blog\/wp-json\/wp\/v2\/categories?post=7390"},{"taxonomy":"post_tag","embeddable":true,"href":"https:\/\/planet-randy.com\/blog\/wp-json\/wp\/v2\/tags?post=7390"}],"curies":[{"name":"wp","href":"https:\/\/api.w.org\/{rel}","templated":true}]}}