{"id":7134,"date":"2021-05-23T20:00:23","date_gmt":"2021-05-23T18:00:23","guid":{"rendered":"https:\/\/planet-randy.com\/blog\/?p=7134"},"modified":"2021-11-01T11:54:10","modified_gmt":"2021-11-01T10:54:10","slug":"sam-und-rafi-sind-getrennt","status":"publish","type":"post","link":"https:\/\/planet-randy.com\/blog\/sam-und-rafi-sind-getrennt\/","title":{"rendered":"Sam und Rafi sind getrennt"},"content":{"rendered":"<h2>Die Trash TV Stars Sam Dylan und Rafi Rachek haben sich voneinander getrennt.<\/h2>\n<p>Sie galten seit Monaten als das Traumpaar der Trash TV Szene. Unter anderem planten Rafi und Sam sogar schon, ein Kind zu adoptieren. Nun ist anscheinend alles aus. Die beiden haben sich getrennt. Genauer gesagt soll es Sam gewesen sein, der entschied, einen Schlussstrich unter die Beziehung zu setzen.<\/p>\n<p>Nun ist es also \u2013 zun\u00e4chst f\u00fcrs Erste \u2013 vorbei mit lustigen Videos der beiden. Unter anderem hatten sie es mit ihren Instagram Clips sogar in Oliver Pochers Bildschirmkontrolle geschafft.<\/p>\n<p><img fetchpriority=\"high\" decoding=\"async\" class=\"alignnone size-full wp-image-7136\" src=\"https:\/\/planet-randy.com\/blog\/wp-content\/uploads\/2021\/05\/82486-sam-dylan-rafi-rachek-getrennt.jpg\" alt=\"Sam und Rafi sind getrennt\" width=\"758\" height=\"479\" srcset=\"https:\/\/planet-randy.com\/blog\/wp-content\/uploads\/2021\/05\/82486-sam-dylan-rafi-rachek-getrennt.jpg 758w, https:\/\/planet-randy.com\/blog\/wp-content\/uploads\/2021\/05\/82486-sam-dylan-rafi-rachek-getrennt-200x126.jpg 200w\" sizes=\"(max-width: 758px) 100vw, 758px\" \/><\/p>\n<h3>Sam Dylan mit eindeutigem Statement<\/h3>\n<p>Wie viele andere in der heutigen Zeit hat auch Sam die Trennung \u00fcber die Sozialen Netzwerke ver\u00f6ffentlicht. Der Text: &#8220;Vor diesem Moment hat es mich immer gegraust und ich habe gehofft, dass er niemals kommt. Doch leider ist der Punkt gekommen, dass es nicht weiter geht. Ich habe mich von Rafi getrennt&#8221;.<\/p>\n<p>Sein Ziel sei es, die letzten beiden Jahre in guter Erinnerung zu behalten. Daher hoffe er, dass das Ganze \u201e<em>in Frieden<\/em>\u201c zu Ende gebracht werden k\u00f6nne.<\/p>\n<p>So ganz einig scheinen sich die beiden jedoch unter anderem auch mit Hinblick auf die Trennung nicht zu sein. Denn: zwischenzeitlich meldete sich auch Rafi zu Wort. Er betonte, er sei derjenige gewesen, der sich getrennt habe.<\/p>\n<p>Auch \u00fcber den Grund f\u00fcr die Trennung scheinen sich beide nicht so wirklich einig zu sein. W\u00e4hrend Rafi in einem Interview mit der BILD von den Anspannungen in der Corona Zeit und der Herausforderung, in einer kleinen Wohnung zu leben, gesprochen hat, erkl\u00e4rte Sam wiederrum, dass es sich hierbei nicht um den ausschlaggebenden Faktor gehandelt habe. Die Wahrheit wissen nur die beiden.<\/p>\n<h4><strong>Sam und Rafi \u2013 eine On- und Off-Story<\/strong><\/h4>\n<p>Sam und Rafi Fans, die es immer wieder liebten, die Reisen und die Gespr\u00e4che der beiden via Instagram zu verfolgen, wissen, dass das Paar zwar unterhaltsam, zwischenzeitlich aber alles andere als harmonisch war.<\/p>\n<p>Unter anderem sorgte auch Sams enge Freundschaft zu Georgina und ein medienwirksamer Dubai Trip daf\u00fcr, dass der Haussegen \u00f6fter schiefhing. Nach ein paar Tagen waren die Wogen dann wieder gegl\u00e4ttet. Dementsprechend k\u00f6nnte es theoretisch durchaus sein, dass beide sich erneut zusammenraufen.<\/p>\n<p><img decoding=\"async\" class=\"alignnone size-full wp-image-7135\" src=\"https:\/\/planet-randy.com\/blog\/wp-content\/uploads\/2021\/05\/Sam-und-Rafi-sind-getrennt.jpg\" alt=\"Sam und Rafi sind getrennt\" width=\"2400\" height=\"1350\" srcset=\"https:\/\/planet-randy.com\/blog\/wp-content\/uploads\/2021\/05\/Sam-und-Rafi-sind-getrennt.jpg 2400w, https:\/\/planet-randy.com\/blog\/wp-content\/uploads\/2021\/05\/Sam-und-Rafi-sind-getrennt-200x113.jpg 200w, https:\/\/planet-randy.com\/blog\/wp-content\/uploads\/2021\/05\/Sam-und-Rafi-sind-getrennt-1200x675.jpg 1200w, https:\/\/planet-randy.com\/blog\/wp-content\/uploads\/2021\/05\/Sam-und-Rafi-sind-getrennt-768x432.jpg 768w, https:\/\/planet-randy.com\/blog\/wp-content\/uploads\/2021\/05\/Sam-und-Rafi-sind-getrennt-1536x864.jpg 1536w, https:\/\/planet-randy.com\/blog\/wp-content\/uploads\/2021\/05\/Sam-und-Rafi-sind-getrennt-2048x1152.jpg 2048w\" sizes=\"(max-width: 2400px) 100vw, 2400px\" \/><\/p>\n<h5><strong>Rafi und sein Coming Out \u2013 ein unvergesslicher TV-Moment<\/strong><\/h5>\n<p>Wer sich ein wenig mit Rafis Geschichte auseinandersetzt, erinnert sich sicherlich schnell daran, dass er eines der \u00f6ffentlichkeitswirksamsten Outings der j\u00fcngsten TV Geschichte hatte. Urspr\u00fcnglich nahm er an Bachelor in Paradise teil, um hier (m\u00f6glicherweise) die Frau seines Lebens zu treffen. In einer Nacht der Rosen platzte es jedoch aus ihm heraus. Nachdem er immer wieder bestritten hatte, schwul zu sein, erkl\u00e4rte er vor allen anderen Teilnehmern unter Tr\u00e4nen, schwul zu sein.<\/p>\n<p>Ob es sich hierbei wirklich um eine spontane Aktion handelte oder ob es von Vornherein Rafis Plan war, ein wenig PR zu erhalten, wurde immer wieder diskutiert.<\/p>\n<p>Sam Dylan machte anfangs durch seine Teilnahme an Next, Please! Und Prince Charming von sich Reden. Sein Bekanntheitsgrad steigerte sich immer weiter und irgendwann schaffte er es, aus Rafis Schatten herauszutreten. Unl\u00e4ngst nahm er am Promiboxen und an Ich bin ein Star \u2013 Die gro\u00dfe Dschungelshow teil.<\/p>\n<p>\u00dcber einen zu geringen medialen Erfolg k\u00f6nnen sich die beiden aktuell dementsprechend nicht beschweren. Und wer wei\u00df? Vielleicht raufen sie sich ja doch wieder zusammen?<\/p>\n<p>Aktuell herrscht jedoch Funkstille. Wer Rafi und Sam kennt, d\u00fcrfte sich jedoch denken, dass besagter Zustand der Stille sicherlich nicht lange anhalten wird. Mal sehen, wann sich einer der beiden wieder zu Wort meldet\u2026<\/p>\n<p>&nbsp;<\/p>\n<p>\u00dcbrigens&#8230; die\u00a0<a title=\"Popikone Cher feiert 75. Geburtstag\" href=\"https:\/\/planet-randy.com\/blog\/popikone-cher-feiert-75-geburtstag\/\" rel=\"bookmark\">Popikone Cher feiert bereits ihren 75. Geburtstag<\/a><\/p>\n","protected":false},"excerpt":{"rendered":"<p>Die Trash TV Stars Sam Dylan und Rafi Rachek haben sich voneinander getrennt. Sie galten seit Monaten als das Traumpaar der Trash TV Szene. Unter anderem planten Rafi und Sam sogar schon, ein Kind zu adoptieren. Nun ist anscheinend alles aus. Die beiden haben sich getrennt. Genauer gesagt soll es Sam gewesen sein, der entschied, [&hellip;]<\/p>\n","protected":false},"author":3,"featured_media":7135,"comment_status":"open","ping_status":"open","sticky":false,"template":"","format":"standard","meta":{"footnotes":""},"categories":[4],"tags":[],"class_list":["post-7134","post","type-post","status-publish","format-standard","has-post-thumbnail","hentry","category-news-aus-der-community","wp-sticky"],"_links":{"self":[{"href":"https:\/\/planet-randy.com\/blog\/wp-json\/wp\/v2\/posts\/7134","targetHints":{"allow":["GET"]}}],"collection":[{"href":"https:\/\/planet-randy.com\/blog\/wp-json\/wp\/v2\/posts"}],"about":[{"href":"https:\/\/planet-randy.com\/blog\/wp-json\/wp\/v2\/types\/post"}],"author":[{"embeddable":true,"href":"https:\/\/planet-randy.com\/blog\/wp-json\/wp\/v2\/users\/3"}],"replies":[{"embeddable":true,"href":"https:\/\/planet-randy.com\/blog\/wp-json\/wp\/v2\/comments?post=7134"}],"version-history":[{"count":3,"href":"https:\/\/planet-randy.com\/blog\/wp-json\/wp\/v2\/posts\/7134\/revisions"}],"predecessor-version":[{"id":9446,"href":"https:\/\/planet-randy.com\/blog\/wp-json\/wp\/v2\/posts\/7134\/revisions\/9446"}],"wp:featuredmedia":[{"embeddable":true,"href":"https:\/\/planet-randy.com\/blog\/wp-json\/wp\/v2\/media\/7135"}],"wp:attachment":[{"href":"https:\/\/planet-randy.com\/blog\/wp-json\/wp\/v2\/media?parent=7134"}],"wp:term":[{"taxonomy":"category","embeddable":true,"href":"https:\/\/planet-randy.com\/blog\/wp-json\/wp\/v2\/categories?post=7134"},{"taxonomy":"post_tag","embeddable":true,"href":"https:\/\/planet-randy.com\/blog\/wp-json\/wp\/v2\/tags?post=7134"}],"curies":[{"name":"wp","href":"https:\/\/api.w.org\/{rel}","templated":true}]}}