{"id":6704,"date":"2021-04-28T13:19:57","date_gmt":"2021-04-28T11:19:57","guid":{"rendered":"https:\/\/planet-randy.com\/blog\/?p=6704"},"modified":"2021-11-01T13:56:47","modified_gmt":"2021-11-01T12:56:47","slug":"nagellack-fuer-maenner","status":"publish","type":"post","link":"https:\/\/planet-randy.com\/blog\/nagellack-fuer-maenner\/","title":{"rendered":"Nagellack f\u00fcr M\u00e4nner?"},"content":{"rendered":"<p><strong>M\u00e4nner stehen immer mehr auf\u00a0Nagellack vor allen in Bunten Farben &amp; verschiedenen Varianten<\/strong><\/p>\n<p><img fetchpriority=\"high\" decoding=\"async\" class=\"alignnone size-full wp-image-6705\" src=\"https:\/\/planet-randy.com\/blog\/wp-content\/uploads\/2021\/04\/Nagellack-fuer-Maenner.jpg\" alt=\"Nagellack f\u00fcr M\u00e4nner\" width=\"1080\" height=\"720\" srcset=\"https:\/\/planet-randy.com\/blog\/wp-content\/uploads\/2021\/04\/Nagellack-fuer-Maenner.jpg 1080w, https:\/\/planet-randy.com\/blog\/wp-content\/uploads\/2021\/04\/Nagellack-fuer-Maenner-200x133.jpg 200w, https:\/\/planet-randy.com\/blog\/wp-content\/uploads\/2021\/04\/Nagellack-fuer-Maenner-768x512.jpg 768w\" sizes=\"(max-width: 1080px) 100vw, 1080px\" \/><br \/>\nDavid Beckham und Co. haben es schon lange vorgemacht: ja, auch M\u00e4nner k\u00f6nnen Nagellack tragen! Der Anteil an m\u00e4nnlichen Kunden im Nagelstudio nimmt kontinuierlich zu und immer mehr entdecken ihre Vorliebe f\u00fcr bunte N\u00e4gel.<\/p>\n<p>Damit dieser Trend jedoch auch wirklich optimal zur Geltung kommt, sollten einige \u201e<em>Grundregeln<\/em>\u201c beachtet werden. Immerhin ist es wichtig, dass der Lack den eigenen Typ unterstreicht und authentisch in Erscheinung tritt.<\/p>\n<p>Wer hier das n\u00f6tige Feingef\u00fchl an den Tag legt, kann in der Regel nicht viel falsch machen.<\/p>\n<h2>Variante Nr. 1: der Klarlack<\/h2>\n<p>Hierbei handelt es sich um eine wunderbare Option f\u00fcr alle, die ihre N\u00e4gel lediglich ein wenig h\u00e4rten m\u00f6chten, ohne gleich mit farblichen Highlights aufzutrumpfen.<\/p>\n<p>Der Klarlack verleiht den N\u00e4geln einen leichten Glanz und macht sie \u2013 je nach Produkt \u2013 oft auch widerstandsf\u00e4higer.<\/p>\n<h3>Variante Nr. 2: Gedeckte Farben<\/h3>\n<p>Lust auf einen farblichen Touch, aber vielleicht nicht auf die besonders auff\u00e4llige Variante? In diesem Fall kann es sich lohnen, ein wenig mit hellen Erdt\u00f6nen zu experimentieren. Vor allem helles Beige und Braun ist in dieser Variante besonders beliebt.<\/p>\n<h4><strong>Variante Nr. 3: Chrom<\/strong><\/h4>\n<p>Ein echtes Highlight f\u00fcr diejenigen, die es lieben, aufzufallen! Chrom Nagellacke sind unter anderem auch auf den Laufstegen dieser Welt vertreten und schaffen es immer wieder, auf vielseitige Weise zu punkten.<\/p>\n<p>Was fr\u00fcher noch fast ausschlie\u00dflich im Nagelstudio angeboten wurde, erfreut sich nun auch in der \u201e<em>ganz normalen Nagellackflasche<\/em>\u201c einer ausgesprochenen Beliebtheit.<\/p>\n<p>Besonders chic wirkt das Ganze dann, wenn besagter Chrom Nagellack mit einzelnen Ringen und anderen Accessoires kombiniert wird.<\/p>\n<h5><strong>Variante Nr. 4: Knallige Farben<\/strong><\/h5>\n<p>Aufgepasst! Hierbei handelt es sich m\u00f6glicherweise nicht um den typischen B\u00fcrolook, aber definitiv um einen Eyecatcher! Bunte, knallige Farben kommen besonders gut im Mix mit schwarzen Anz\u00fcgen (und anderen unifarbenen Looks) zum Tragen.<\/p>\n<h6><strong>Was sollte bei Nagellack f\u00fcr M\u00e4nner beachtet werden?<\/strong><\/h6>\n<p>Noch vor einigen Jahren handelte es sich hierbei um ein echtes \u201e<em>Tabu-Thema<\/em>\u201c. Im Laufe der Zeit haben unter anderem jedoch viele Promis und Models daf\u00fcr gesorgt, dass der Nagellack f\u00fcr M\u00e4nner in gewisser Weise \u201e<em>gesellschaftsf\u00e4hig<\/em>\u201c wurde.<\/p>\n<p>Wer die Farbe auf den N\u00e4geln jedoch besonders stilsicher tragen m\u00f6chte, sollte unter anderem auch die folgenden Punkte beachten:<\/p>\n<ol>\n<li><em>Nagellack bitte immer nur auf gepflegten H\u00e4nden und N\u00e4geln auftragen! Ansonsten wirkt die Farbe eher deplatziert.<\/em><\/li>\n<li><em>Absplitternder Nagellack ist ein absolutes No-Go. L\u00f6st sich ein Teil der Farbe, sollte der Rest auch entfernt und das Ganze \u2013 wenn gew\u00fcnscht \u2013 neu aufgetragen werden.<\/em><\/li>\n<li><em>Mehr ist nicht mehr! Zu schrille Farbkombinationen verfehlen oft das Ziel und k\u00f6nnten das Gegen\u00fcber \u2013 zum Beispiel beim ersten Date \u2013 verschrecken. Wer seinen Nagellack selbstsicher tragen m\u00f6chte, sollte auf eine harmonische Farbzusammenstellung achten.<\/em><\/li>\n<\/ol>\n<p>Fest steht: Die Gesellschaft ist gegen\u00fcber Farbe auf den N\u00e4geln mittlerweile deutlich offener geworden. Dies bedeutet jedoch nicht, dass die bunten Highlights wirklich immer gut ankommen w\u00fcrden.<\/p>\n<p>Wie mit Hinblick auf den passenden Gesamtlook ist es auch beim Nagellack wichtig, den jeweiligen Anlass richtig einzusch\u00e4tzen. Wer sich um einen Job im Bankgewerbe bewirbt, sollte hier wahrscheinlich eher \u00fcber seinen Hang zu Farben nachdenken als jemand, der seine Chancen in Bezug auf eine Anstellung in der Kreativbranche erh\u00f6hen m\u00f6chte.<\/p>\n<p>Hin und wieder gilt es dann, einfach anzuerkennen, dass Farbe auf den N\u00e4geln nicht immer gut ankommt, aber so gut wie immer gut aussieht. Wer die jeweiligen Situationen ein wenig besser einsch\u00e4tzen kann, ist hier klar im Vorteil.<\/p>\n<div class=\"flex-video widescreen\"><iframe title=\"Warum N\u00e4gel lackieren als Mann?\" width=\"745\" height=\"419\" src=\"https:\/\/www.youtube.com\/embed\/apVGwAT0K4A?feature=oembed\" frameborder=\"0\" allow=\"accelerometer; autoplay; clipboard-write; encrypted-media; gyroscope; picture-in-picture\" allowfullscreen><\/iframe><\/div>\n<p>&nbsp;<\/p>\n<p>Auch interessant f\u00fcr dich k\u00f6nnte dieser Beitrag sein: <a title=\"Dritter Prince Charming steht fest!\" href=\"https:\/\/planet-randy.com\/blog\/dritter-prince-charming-steht-fest\/\" rel=\"bookmark\">Dritter Prince Charming steht endlich fest!<\/a><\/p>\n","protected":false},"excerpt":{"rendered":"<p>M\u00e4nner stehen immer mehr auf\u00a0Nagellack vor allen in Bunten Farben &amp; verschiedenen Varianten David Beckham und Co. haben es schon lange vorgemacht: ja, auch M\u00e4nner k\u00f6nnen Nagellack tragen! Der Anteil an m\u00e4nnlichen Kunden im Nagelstudio nimmt kontinuierlich zu und immer mehr entdecken ihre Vorliebe f\u00fcr bunte N\u00e4gel. Damit dieser Trend jedoch auch wirklich optimal zur [&hellip;]<\/p>\n","protected":false},"author":3,"featured_media":6705,"comment_status":"open","ping_status":"open","sticky":false,"template":"","format":"standard","meta":{"footnotes":""},"categories":[4],"tags":[],"class_list":["post-6704","post","type-post","status-publish","format-standard","has-post-thumbnail","hentry","category-news-aus-der-community","wp-sticky"],"_links":{"self":[{"href":"https:\/\/planet-randy.com\/blog\/wp-json\/wp\/v2\/posts\/6704","targetHints":{"allow":["GET"]}}],"collection":[{"href":"https:\/\/planet-randy.com\/blog\/wp-json\/wp\/v2\/posts"}],"about":[{"href":"https:\/\/planet-randy.com\/blog\/wp-json\/wp\/v2\/types\/post"}],"author":[{"embeddable":true,"href":"https:\/\/planet-randy.com\/blog\/wp-json\/wp\/v2\/users\/3"}],"replies":[{"embeddable":true,"href":"https:\/\/planet-randy.com\/blog\/wp-json\/wp\/v2\/comments?post=6704"}],"version-history":[{"count":3,"href":"https:\/\/planet-randy.com\/blog\/wp-json\/wp\/v2\/posts\/6704\/revisions"}],"predecessor-version":[{"id":9514,"href":"https:\/\/planet-randy.com\/blog\/wp-json\/wp\/v2\/posts\/6704\/revisions\/9514"}],"wp:featuredmedia":[{"embeddable":true,"href":"https:\/\/planet-randy.com\/blog\/wp-json\/wp\/v2\/media\/6705"}],"wp:attachment":[{"href":"https:\/\/planet-randy.com\/blog\/wp-json\/wp\/v2\/media?parent=6704"}],"wp:term":[{"taxonomy":"category","embeddable":true,"href":"https:\/\/planet-randy.com\/blog\/wp-json\/wp\/v2\/categories?post=6704"},{"taxonomy":"post_tag","embeddable":true,"href":"https:\/\/planet-randy.com\/blog\/wp-json\/wp\/v2\/tags?post=6704"}],"curies":[{"name":"wp","href":"https:\/\/api.w.org\/{rel}","templated":true}]}}