{"id":6619,"date":"2021-04-23T15:02:28","date_gmt":"2021-04-23T13:02:28","guid":{"rendered":"https:\/\/planet-randy.com\/blog\/?p=6619"},"modified":"2021-11-01T15:39:03","modified_gmt":"2021-11-01T14:39:03","slug":"modische-trends-fuer-den-fruehsommer","status":"publish","type":"post","link":"https:\/\/planet-randy.com\/blog\/modische-trends-fuer-den-fruehsommer\/","title":{"rendered":"Modische Trends f\u00fcr den Fr\u00fchsommer"},"content":{"rendered":"<p>Die Tage werden l\u00e4nger, die Hosen aber nicht immer k\u00fcrzer. Denn: diesen Fr\u00fchsommer fokussiert sich die Modewelt auf eine schlichte Eleganz, die jedoch durchaus von auff\u00e4lligen Farben und Highlights unterbrochen werden \u201edarf\u201c.<\/p>\n<p>Doch was ist aktuell und in den kommenden Wochen eigentlich angesagt? Welche Must-Pieces d\u00fcrfen nicht fehlen, wenn es darum geht, den Kleiderschrank auf Vordermann zu bringen?<\/p>\n<p>Die gute Nachricht ist, dass die M\u00e4nner-Fr\u00fchsommermode in diesem Jahr alltagstauglicher denn je ist. Egal, ob im B\u00fcro oder in der Freizeit: die Kleidungsst\u00fccke lassen sich quasi \u00fcberall tragen.<\/p>\n<h2 style=\"text-align: center;\">Trend Nr. 1: erdige Farben<\/h2>\n<p><img fetchpriority=\"high\" decoding=\"async\" class=\"aligncenter wp-image-6620\" src=\"https:\/\/planet-randy.com\/blog\/wp-content\/uploads\/2021\/04\/6c178d605bc297fe7dca8e05a10e1a2d.jpg\" alt=\"Trend Nr. 1: erdige Farben\" width=\"600\" height=\"534\" srcset=\"https:\/\/planet-randy.com\/blog\/wp-content\/uploads\/2021\/04\/6c178d605bc297fe7dca8e05a10e1a2d.jpg 750w, https:\/\/planet-randy.com\/blog\/wp-content\/uploads\/2021\/04\/6c178d605bc297fe7dca8e05a10e1a2d-168x150.jpg 168w\" sizes=\"(max-width: 600px) 100vw, 600px\" \/>Wer hat eigentlich jemals behauptet, dass Braun, Beige und Co. langweilig sein m\u00fcssen? Die Fr\u00fchsommer-Mode zeigt, dass auch auf vergleichsweise schlichte Farben zu echten Eyecatchern avancieren k\u00f6nnen.<\/p>\n<p>Ein weiterer Vorteil hierbei ist, dass sich die besagten erdigen Farben unter anderem super miteinander kombinieren lassen. Egal, ob Hose und Shirt oder Jacke und Sweater: die M\u00f6glichkeiten sind vielseitig und bieten eine tolle Grundlage f\u00fcr viele interessante Looks.<\/p>\n<h3 style=\"text-align: center;\">Trend Nr. 2: Shorts<\/h3>\n<p><img decoding=\"async\" class=\"aligncenter wp-image-6621\" src=\"https:\/\/planet-randy.com\/blog\/wp-content\/uploads\/2021\/04\/iStock-610690580-724x460-1.jpg\" alt=\"Trend Nr. 2: Shorts\" width=\"600\" height=\"381\" srcset=\"https:\/\/planet-randy.com\/blog\/wp-content\/uploads\/2021\/04\/iStock-610690580-724x460-1.jpg 724w, https:\/\/planet-randy.com\/blog\/wp-content\/uploads\/2021\/04\/iStock-610690580-724x460-1-200x127.jpg 200w\" sizes=\"(max-width: 600px) 100vw, 600px\" \/>Ja, in diesem Fr\u00fchsommer sind sie wieder \u201eerlaubt\u201c: die kurzen Hosen. Auch wenn in den letzten Jahren der Trend zunehmend \u2013 auch bei hohen Temperaturen \u2013 in Richtung lange Hosen ging, stehen nun unter anderem die Shorts wieder im Fokus der Designer.<\/p>\n<p>Auf auff\u00e4llige Details wird in der Regel verzichtet. Stattdessen steht auch hier die bereits erw\u00e4hnte, schlichte Eleganz im Fokus.<\/p>\n<p>Viele Shorts sind dabei \u00fcbrigens so bequem, dass sie sich sowohl drau\u00dfen als auch auf der heimischen Couch nutzen lassen, um den Fr\u00fchsommer auch in modischer Hinsicht mit all seinen Facetten zu genie\u00dfen.<\/p>\n<h4 style=\"text-align: center;\"><strong>Trend Nr. 3: Leinen<\/strong><\/h4>\n<p><img decoding=\"async\" class=\"aligncenter wp-image-6623\" src=\"https:\/\/planet-randy.com\/blog\/wp-content\/uploads\/2021\/04\/ba-kl-herren-mode-hemden-fs21.jpg\" alt=\"Trend Nr. 3: Leinen\" width=\"600\" height=\"416\" srcset=\"https:\/\/planet-randy.com\/blog\/wp-content\/uploads\/2021\/04\/ba-kl-herren-mode-hemden-fs21.jpg 800w, https:\/\/planet-randy.com\/blog\/wp-content\/uploads\/2021\/04\/ba-kl-herren-mode-hemden-fs21-200x139.jpg 200w, https:\/\/planet-randy.com\/blog\/wp-content\/uploads\/2021\/04\/ba-kl-herren-mode-hemden-fs21-768x533.jpg 768w\" sizes=\"(max-width: 600px) 100vw, 600px\" \/>Sicherlich gibt es kein Material, das die Vorfreude auf den Sommer so sch\u00fcrt, wie Leinen. Leinen f\u00fchlt sich leicht auf der Haut an und besticht durch seine nat\u00fcrliche Optik. Egal, ob als Hose oder als kompletter Anzug: hier macht es besonders viel Spa\u00df, sich auszuprobieren.<\/p>\n<p>Vor allem im Mittelmeerraum geh\u00f6rt das Material in den warmen Monaten zum Standard. Die aktuellen Trends sorgen nun daf\u00fcr, dass es auch hierzulande ein kleines Revival erf\u00e4hrt.<\/p>\n<h5 style=\"text-align: center;\"><strong>Trend Nr. 4: auff\u00e4llige Prints<\/strong><\/h5>\n<p><img loading=\"lazy\" decoding=\"async\" class=\"aligncenter wp-image-6624\" src=\"https:\/\/planet-randy.com\/blog\/wp-content\/uploads\/2021\/04\/Trend-Nr.-4-auffaellige-Prints.jpg\" alt=\"Trend Nr. 4 auff\u00e4llige Prints\" width=\"600\" height=\"477\" srcset=\"https:\/\/planet-randy.com\/blog\/wp-content\/uploads\/2021\/04\/Trend-Nr.-4-auffaellige-Prints.jpg 877w, https:\/\/planet-randy.com\/blog\/wp-content\/uploads\/2021\/04\/Trend-Nr.-4-auffaellige-Prints-189x150.jpg 189w, https:\/\/planet-randy.com\/blog\/wp-content\/uploads\/2021\/04\/Trend-Nr.-4-auffaellige-Prints-768x610.jpg 768w\" sizes=\"(max-width: 600px) 100vw, 600px\" \/>Keine Sorge! Auch diejenigen, die keine Lust auf den unifarbenen Look haben, kommen bei dem modischen Fr\u00fchsommer Looks auf ihre Kosten. Denn: neben den schlichten Designs kann 2021 auch getrost auf die etwas auff\u00e4lligeren Varianten gesetzt werden.<\/p>\n<p>Wie w\u00e4re es zum Beispiel mit einem Shirt mit Statement Print? Je nach Farbe kann dieses dann weitestgehend flexibel beispielsweise mit einer beigen Hose oder einem braunen Cardigan kombiniert werden.<\/p>\n<h6 style=\"text-align: center;\"><strong>Trend Nr. 5: funktionale Accessoires<\/strong><\/h6>\n<p><img loading=\"lazy\" decoding=\"async\" class=\"aligncenter wp-image-6625\" src=\"https:\/\/planet-randy.com\/blog\/wp-content\/uploads\/2021\/04\/Accessoires-Herren.jpg\" alt=\"Trend Nr. 5: funktionale Accessoires\" width=\"600\" height=\"318\" srcset=\"https:\/\/planet-randy.com\/blog\/wp-content\/uploads\/2021\/04\/Accessoires-Herren.jpg 851w, https:\/\/planet-randy.com\/blog\/wp-content\/uploads\/2021\/04\/Accessoires-Herren-200x106.jpg 200w, https:\/\/planet-randy.com\/blog\/wp-content\/uploads\/2021\/04\/Accessoires-Herren-768x407.jpg 768w\" sizes=\"(max-width: 600px) 100vw, 600px\" \/><\/p>\n<p>2021 ist das Jahr der Accessoires! Und was lie\u00dfe sich besser im Fr\u00fchsommer nutzen als eine Sonnenbrille? Weder zu auff\u00e4llig noch zu unscheinbar wird diese schnell zum Highlight auf der Nase oder auf dem Kopf.<\/p>\n<p>Vor allem die runden Modelle im John Lennon Style sind heutzutage angesagter denn je. \u201eGanz nebenbei\u201c handelt es sich hierbei um tolle Flirtutensilien, \u00fcber die \u2013 ganz l\u00e4ssig \u2013 Blickkontakt gesucht werden kann.<\/p>\n<p>Weitere Accessoires, die sich in diesem Jahr einer besonderen Beliebtheit erfreuen, sind Schals (gerne auch im Mix mit der erw\u00e4hnten Leinenhose) und Uhren.<\/p>\n<p>Selten war es einfacher als heutzutage, Funktionalit\u00e4t mit einem hohen optischen Anspruch zu verbinden.<\/p>\n<p><strong>Zusatztipp: Immer auch den eigenen Typ ber\u00fccksichtigen!<\/strong><br \/>\nDamit ein Look im Fr\u00fchsommer 2021 optimal wirken kann, ist es unter anderem auch wichtig, auf den eigenen Typ R\u00fccksicht zu nehmen. Details wie Haar- und Hautfarbe k\u00f6nnen ausschlaggebend daf\u00fcr sein, ob beispielsweise eher zu Beige oder eher zu Braun gegriffen werden sollte. Selbstverst\u00e4ndlich spielt auch der pers\u00f6nliche Geschmack eine wichtige Rolle. Immerhin bestimmt auch das eigene Wohlbefinden dar\u00fcber, wie ein Outfit beim Gegen\u00fcber ankommt.<\/p>\n<p>&nbsp;<\/p>\n<p>Hast du Lust etwas zu lesen? Denn <a title=\"Olivia Jones ver\u00f6ffentlicht Biografie\" href=\"https:\/\/planet-randy.com\/blog\/olivia-jones-veroeffentlicht-biografie\/\" rel=\"bookmark\">Olivia Jones hat ihre Biografie ver\u00f6ffentlicht<\/a>.<\/p>\n","protected":false},"excerpt":{"rendered":"<p>Die Tage werden l\u00e4nger, die Hosen aber nicht immer k\u00fcrzer. Denn: diesen Fr\u00fchsommer fokussiert sich die Modewelt auf eine schlichte Eleganz, die jedoch durchaus von auff\u00e4lligen Farben und Highlights unterbrochen werden \u201edarf\u201c. Doch was ist aktuell und in den kommenden Wochen eigentlich angesagt? Welche Must-Pieces d\u00fcrfen nicht fehlen, wenn es darum geht, den Kleiderschrank auf [&hellip;]<\/p>\n","protected":false},"author":3,"featured_media":6622,"comment_status":"open","ping_status":"open","sticky":false,"template":"","format":"standard","meta":{"footnotes":""},"categories":[4],"tags":[],"class_list":["post-6619","post","type-post","status-publish","format-standard","has-post-thumbnail","hentry","category-news-aus-der-community","wp-sticky"],"_links":{"self":[{"href":"https:\/\/planet-randy.com\/blog\/wp-json\/wp\/v2\/posts\/6619","targetHints":{"allow":["GET"]}}],"collection":[{"href":"https:\/\/planet-randy.com\/blog\/wp-json\/wp\/v2\/posts"}],"about":[{"href":"https:\/\/planet-randy.com\/blog\/wp-json\/wp\/v2\/types\/post"}],"author":[{"embeddable":true,"href":"https:\/\/planet-randy.com\/blog\/wp-json\/wp\/v2\/users\/3"}],"replies":[{"embeddable":true,"href":"https:\/\/planet-randy.com\/blog\/wp-json\/wp\/v2\/comments?post=6619"}],"version-history":[{"count":2,"href":"https:\/\/planet-randy.com\/blog\/wp-json\/wp\/v2\/posts\/6619\/revisions"}],"predecessor-version":[{"id":9563,"href":"https:\/\/planet-randy.com\/blog\/wp-json\/wp\/v2\/posts\/6619\/revisions\/9563"}],"wp:featuredmedia":[{"embeddable":true,"href":"https:\/\/planet-randy.com\/blog\/wp-json\/wp\/v2\/media\/6622"}],"wp:attachment":[{"href":"https:\/\/planet-randy.com\/blog\/wp-json\/wp\/v2\/media?parent=6619"}],"wp:term":[{"taxonomy":"category","embeddable":true,"href":"https:\/\/planet-randy.com\/blog\/wp-json\/wp\/v2\/categories?post=6619"},{"taxonomy":"post_tag","embeddable":true,"href":"https:\/\/planet-randy.com\/blog\/wp-json\/wp\/v2\/tags?post=6619"}],"curies":[{"name":"wp","href":"https:\/\/api.w.org\/{rel}","templated":true}]}}