{"id":14651,"date":"2022-12-24T13:00:28","date_gmt":"2022-12-24T12:00:28","guid":{"rendered":"https:\/\/planet-randy.com\/blog\/?p=14651"},"modified":"2022-12-27T00:09:52","modified_gmt":"2022-12-26T23:09:52","slug":"papis-loveday-zieht-ins-dschungelcamp","status":"publish","type":"post","link":"https:\/\/planet-randy.com\/blog\/papis-loveday-zieht-ins-dschungelcamp\/","title":{"rendered":"Papis Loveday zieht ins Dschungelcamp"},"content":{"rendered":"<h2>Zum Dschungelcamp 2023: Wer ist eigentlich Papis Loveday?<\/h2>\n<p>Es ist noch nicht allzu lange her, <a href=\"https:\/\/www.rtl.de\/cms\/dschungelcamp-start-2023-alles-wichtige-zu-den-neuen-folgen-von-ibes-kandidaten-sendetermine-co-5001632.html\" rel=\"noopener\">dass RTL die Teilnehmerliste f\u00fcr das Dschungelcamp 2023 bekannt gegeben hat<\/a>. Einer der Teilnehmer ist Model Papis Loveday. Viele kennen sein Gesicht. Er war unter anderem in der Vergangenheit bei Germany\u2019s Next Topmodel mit dabei. Nun wird er eine der Liegen im australischen Dschungel beziehen.<\/p>\n<p>Wer sich ein wenig genauer mit Papis Lebenslauf befasst, erkennt schnell, dass er zu den besonders spannenden Teilnehmern geh\u00f6ren d\u00fcrfte. Er hat schon viel erlebt und sein Leben verlief nicht immer so, wie man es sich w\u00fcnschen w\u00fcrde.<\/p>\n<p>\u201eGanz nebenbei\u201c geh\u00f6rt er zur Community und k\u00f6nnte die Sichtbarkeit im Dschungel auch dazu nutzen, um wichtige Botschaften zu verbreiten. H\u00f6chste Zeit, sich diesen interessanten Charakter ein wenig genauer anzuschauen.<\/p>\n<p><img fetchpriority=\"high\" decoding=\"async\" class=\"alignnone wp-image-14654 size-full\" src=\"https:\/\/planet-randy.com\/blog\/wp-content\/uploads\/2022\/12\/Papis-Loveday-zieht-ins-Dschungelcamp-2.jpg\" alt=\"Papis Loveday zieht ins Dschungelcamp\" width=\"2362\" height=\"1329\" srcset=\"https:\/\/planet-randy.com\/blog\/wp-content\/uploads\/2022\/12\/Papis-Loveday-zieht-ins-Dschungelcamp-2.jpg 2362w, https:\/\/planet-randy.com\/blog\/wp-content\/uploads\/2022\/12\/Papis-Loveday-zieht-ins-Dschungelcamp-2-200x113.jpg 200w, https:\/\/planet-randy.com\/blog\/wp-content\/uploads\/2022\/12\/Papis-Loveday-zieht-ins-Dschungelcamp-2-1200x675.jpg 1200w, https:\/\/planet-randy.com\/blog\/wp-content\/uploads\/2022\/12\/Papis-Loveday-zieht-ins-Dschungelcamp-2-768x432.jpg 768w, https:\/\/planet-randy.com\/blog\/wp-content\/uploads\/2022\/12\/Papis-Loveday-zieht-ins-Dschungelcamp-2-1536x864.jpg 1536w, https:\/\/planet-randy.com\/blog\/wp-content\/uploads\/2022\/12\/Papis-Loveday-zieht-ins-Dschungelcamp-2-2048x1152.jpg 2048w\" sizes=\"(max-width: 2362px) 100vw, 2362px\" \/><\/p>\n<h3>Papis Loveday \u2013 eine ganz besondere Erfolgsgeschichte<\/h3>\n<p>Papis Loveday wurde 1977 in Dakar im Senegal geboren. Er hat insgesamt 25 Geschwister und Halbgeschwister. Als er dann \u00e4lter wurde, besuchte er eine Privatschule. Eigentlich h\u00e4tte danach alles ganz anders kommen k\u00f6nnen. Er wollte n\u00e4mlich eigentlich Profi-L\u00e4ufer werden. Er machte sein Abitur und zog nach Paris, um Informatik zu studieren.<\/p>\n<p>Im Rahmen der Leichtathletik-WM wurde er dann entdeckt und zu einem Gesicht der Benetton-Kampagne &#8220;United Colours&#8221;. Seitdem war er als Model aktiv. Er lief unter anderem in der Vergangenheit bereits f\u00fcr John Galliano, Dior und Versace. Es dauerte nicht lange, bis der zum meistgebuchten schwarzen Topmodel weltweit wurde. Auch in anderer Hinsicht entdeckte er seine Leidenschaft f\u00fcr die Mode. Er gr\u00fcndete seine eigene Jeans-Marke &#8220;Loveday Jeans&#8221;.<\/p>\n<p><img decoding=\"async\" class=\"alignnone wp-image-14652 size-full\" src=\"https:\/\/planet-randy.com\/blog\/wp-content\/uploads\/2022\/12\/Papis-Loveday-zieht-ins-Dschungelcamp-3.jpg\" alt=\"Papis Loveday zieht ins Dschungelcamp\" width=\"1686\" height=\"948\" srcset=\"https:\/\/planet-randy.com\/blog\/wp-content\/uploads\/2022\/12\/Papis-Loveday-zieht-ins-Dschungelcamp-3.jpg 1686w, https:\/\/planet-randy.com\/blog\/wp-content\/uploads\/2022\/12\/Papis-Loveday-zieht-ins-Dschungelcamp-3-200x112.jpg 200w, https:\/\/planet-randy.com\/blog\/wp-content\/uploads\/2022\/12\/Papis-Loveday-zieht-ins-Dschungelcamp-3-1200x675.jpg 1200w, https:\/\/planet-randy.com\/blog\/wp-content\/uploads\/2022\/12\/Papis-Loveday-zieht-ins-Dschungelcamp-3-768x432.jpg 768w, https:\/\/planet-randy.com\/blog\/wp-content\/uploads\/2022\/12\/Papis-Loveday-zieht-ins-Dschungelcamp-3-1536x864.jpg 1536w\" sizes=\"(max-width: 1686px) 100vw, 1686px\" \/><\/p>\n<h4>Eine Karriere, die auch Schattenseiten hat<\/h4>\n<p>Loveday war gerade auf dem H\u00f6hepunkt seiner bisherigen Karriere, als eine ersch\u00fctternde Schlagzeile die Runde machte. Bei ihm wurden im Rahmen einer Razzia 1,2 Gramm Koks gefunden. Gegen die Zahlung einer f\u00fcnfstelligen Summe wurde das Verfahren dann jedoch eingestellt.<\/p>\n<p>Papis raffte sich wieder auf. Es zog ihn immer mehr ins TV. Er war unter anderem bei \u201eNext Topmodel\u201c in Deutschland, in \u00d6sterreich und in der <a href=\"https:\/\/planet-randy.com\/blog\/verbot-von-homo-heilungen-in-der-schweiz\/\">Schweiz<\/a> mit dabei. Zudem wirkte er bei &#8220;About You &#8211; Das Fashion Duell&#8221;, bei \u201ePromi Shopping Queen\u201c und bei \u201ePromi Big Brother\u201c mit. Hier schaffte er es sogar bis ins Finale und schlussendlich auf Platz 4.<\/p>\n<p>Sp\u00e4testens jetzt war er auch einem breiteren Publikum bekannt, dass sein Gesicht nicht nur mit Mode-Kampagnen und den Laufstegen dieser Welt verband. Die Teilnahme bei \u201eIch bin ein Star, holt mich hier raus!\u201c zeigt, dass er offenbar Gefallen am Reality TV gefunden hat. Und wer wei\u00df? Vielleicht schafft er es ja dieses Mal bis aufs Treppchen? Oder vielleicht holt er sich sogar den Sieg?<\/p>\n<p><img decoding=\"async\" class=\"alignnone wp-image-14653 size-full\" src=\"https:\/\/planet-randy.com\/blog\/wp-content\/uploads\/2022\/12\/Papis-Loveday-zieht-ins-Dschungelcamp-1-scaled.jpg\" alt=\"Papis Loveday zieht ins Dschungelcamp\" width=\"2560\" height=\"1706\" srcset=\"https:\/\/planet-randy.com\/blog\/wp-content\/uploads\/2022\/12\/Papis-Loveday-zieht-ins-Dschungelcamp-1-scaled.jpg 2560w, https:\/\/planet-randy.com\/blog\/wp-content\/uploads\/2022\/12\/Papis-Loveday-zieht-ins-Dschungelcamp-1-200x133.jpg 200w, https:\/\/planet-randy.com\/blog\/wp-content\/uploads\/2022\/12\/Papis-Loveday-zieht-ins-Dschungelcamp-1-1200x800.jpg 1200w, https:\/\/planet-randy.com\/blog\/wp-content\/uploads\/2022\/12\/Papis-Loveday-zieht-ins-Dschungelcamp-1-768x512.jpg 768w, https:\/\/planet-randy.com\/blog\/wp-content\/uploads\/2022\/12\/Papis-Loveday-zieht-ins-Dschungelcamp-1-1536x1023.jpg 1536w, https:\/\/planet-randy.com\/blog\/wp-content\/uploads\/2022\/12\/Papis-Loveday-zieht-ins-Dschungelcamp-1-2048x1365.jpg 2048w\" sizes=\"(max-width: 2560px) 100vw, 2560px\" \/><\/p>\n<h4>Papis Loveday, sein Engagement und die Aussichten auf den Sieg<\/h4>\n<p>Papis Loveday hat seine Pr\u00e4senz in der \u00d6ffentlichkeit schon \u00f6fter dazu genutzt, um das Augenmerk auf wichtige Themen zu lenken. Unter anderem ist er UNESCO Pate und setzt sich in dieser Funktion aktiv gegen Rassismus ein.<\/p>\n<p>Wie hoch seine Chancen sind, im <a href=\"https:\/\/planet-randy.com\/blog\/das-dschungelcamp-ohne-twenty4tim\/\">Dschungelcamp<\/a> 2023 zu gewinnen, ist nat\u00fcrlich noch nicht klar. Einige andere seiner Mitstreiter erfreuen sich vielleicht eines etwas h\u00f6heren Bekanntheitsgrades. Aber: Es w\u00e4re nicht das erste Mal, dass ein Teilnehmer es in einem solchen Format schafft, das Feld von hinten aufzur\u00e4umen. Immerhin geht es bei \u201eIch bin ein Star, holt mich hier raus!\u201c nicht nur um die Anzahl der Follower oder den Bekanntheitsgrad, sondern auch um Sympathie und darum, eine echte Pers\u00f6nlichkeit mitzubringen.<\/p>\n<p>Und genau daran d\u00fcrfte es bei Papis Loveday sicherlich nicht scheitern. Sicherlich werden auch viele derjenigen, die schon bei <a href=\"https:\/\/planet-randy.com\/blog\/promi-big-brother-rafi-ist-raus\/\">Promi Big Brother<\/a> von ihm begeistert waren, f\u00fcr ihn voten. Die Fan Basis ist definitiv vorhanden.<\/p>\n<p>&nbsp;<\/p>\n<p>So geht es derzeit\u00a0<a href=\"https:\/\/planet-randy.com\/blog\/homosexuelle-paare-in-der-schweiz\/\">Homosexuellen Paaren in der Schweiz<\/a><\/p>\n","protected":false},"excerpt":{"rendered":"<p>Zum Dschungelcamp 2023: Wer ist eigentlich Papis Loveday? Es ist noch nicht allzu lange her, dass RTL die Teilnehmerliste f\u00fcr das Dschungelcamp 2023 bekannt gegeben hat. Einer der Teilnehmer ist Model Papis Loveday. Viele kennen sein Gesicht. Er war unter anderem in der Vergangenheit bei Germany\u2019s Next Topmodel mit dabei. Nun wird er eine der [&hellip;]<\/p>\n","protected":false},"author":3,"featured_media":14652,"comment_status":"open","ping_status":"open","sticky":false,"template":"","format":"standard","meta":{"footnotes":""},"categories":[4],"tags":[],"class_list":["post-14651","post","type-post","status-publish","format-standard","has-post-thumbnail","hentry","category-news-aus-der-community","wp-sticky"],"_links":{"self":[{"href":"https:\/\/planet-randy.com\/blog\/wp-json\/wp\/v2\/posts\/14651","targetHints":{"allow":["GET"]}}],"collection":[{"href":"https:\/\/planet-randy.com\/blog\/wp-json\/wp\/v2\/posts"}],"about":[{"href":"https:\/\/planet-randy.com\/blog\/wp-json\/wp\/v2\/types\/post"}],"author":[{"embeddable":true,"href":"https:\/\/planet-randy.com\/blog\/wp-json\/wp\/v2\/users\/3"}],"replies":[{"embeddable":true,"href":"https:\/\/planet-randy.com\/blog\/wp-json\/wp\/v2\/comments?post=14651"}],"version-history":[{"count":2,"href":"https:\/\/planet-randy.com\/blog\/wp-json\/wp\/v2\/posts\/14651\/revisions"}],"predecessor-version":[{"id":14657,"href":"https:\/\/planet-randy.com\/blog\/wp-json\/wp\/v2\/posts\/14651\/revisions\/14657"}],"wp:featuredmedia":[{"embeddable":true,"href":"https:\/\/planet-randy.com\/blog\/wp-json\/wp\/v2\/media\/14652"}],"wp:attachment":[{"href":"https:\/\/planet-randy.com\/blog\/wp-json\/wp\/v2\/media?parent=14651"}],"wp:term":[{"taxonomy":"category","embeddable":true,"href":"https:\/\/planet-randy.com\/blog\/wp-json\/wp\/v2\/categories?post=14651"},{"taxonomy":"post_tag","embeddable":true,"href":"https:\/\/planet-randy.com\/blog\/wp-json\/wp\/v2\/tags?post=14651"}],"curies":[{"name":"wp","href":"https:\/\/api.w.org\/{rel}","templated":true}]}}