{"id":14614,"date":"2022-12-19T13:16:59","date_gmt":"2022-12-19T12:16:59","guid":{"rendered":"https:\/\/planet-randy.com\/blog\/?p=14614"},"modified":"2022-12-20T19:29:44","modified_gmt":"2022-12-20T18:29:44","slug":"das-dschungelcamp-ohne-twenty4tim","status":"publish","type":"post","link":"https:\/\/planet-randy.com\/blog\/das-dschungelcamp-ohne-twenty4tim\/","title":{"rendered":"Das Dschungelcamp ohne Twenty4Tim"},"content":{"rendered":"<h2>Das Dschungelcamp 2023: Entgegen vieler Ger\u00fcchte ist TikTok-Star Twenty4Tim doch nicht dabei<\/h2>\n<p>Nun steht der Starttermin f\u00fcr das Dschungelcamp 2023 endlich fest: Am Freitag, den 13. Januar 2023 startet die nunmehr 16. Staffel des Kultformats! Aber wer wird eigentlich die ber\u00fchmten Dschungelpritschen von \u201eIch bin ein Star \u2013 Holt mich hier raus!&#8221; beziehen?<\/p>\n<p>Soeben hat sich RTL ganz offiziell zu den Kandidaten ge\u00e4u\u00dfert \u2013 und ganz nebenbei auch ein hei\u00dfes Ger\u00fccht zerschlagen. Eigentlich dachten viele, TikTok-Star Twenty4Tim w\u00fcrde eine der Dschungelliegen beziehen. Jetzt zeigte sich jedoch, dass er doch nicht einziehen wird.<\/p>\n<p>Stattdessen sorgen Olivia Jones und<a href=\"https:\/\/planet-randy.com\/blog\/papis-loveday-spricht-ueber-das-queer-sein\/\"> Papis Loveday<\/a> daf\u00fcr, dass die queere Sichtbarkeit bei IBES 2023 unterst\u00fctzt wird. Jones moderiert die Aftershow, Papis ist als Kandidat mit dabei.<\/p>\n<p><img fetchpriority=\"high\" decoding=\"async\" class=\"alignnone wp-image-14615 size-full\" src=\"https:\/\/planet-randy.com\/blog\/wp-content\/uploads\/2022\/12\/Das-Dschungelcamp-ohne-Twenty4Tim.webp\" alt=\"Das Dschungelcamp ohne Twenty4Tim\" width=\"1280\" height=\"720\" srcset=\"https:\/\/planet-randy.com\/blog\/wp-content\/uploads\/2022\/12\/Das-Dschungelcamp-ohne-Twenty4Tim.webp 1280w, https:\/\/planet-randy.com\/blog\/wp-content\/uploads\/2022\/12\/Das-Dschungelcamp-ohne-Twenty4Tim-200x113.webp 200w, https:\/\/planet-randy.com\/blog\/wp-content\/uploads\/2022\/12\/Das-Dschungelcamp-ohne-Twenty4Tim-1200x675.webp 1200w, https:\/\/planet-randy.com\/blog\/wp-content\/uploads\/2022\/12\/Das-Dschungelcamp-ohne-Twenty4Tim-768x432.webp 768w\" sizes=\"(max-width: 1280px) 100vw, 1280px\" \/><\/p>\n<h3>\u201eIch bin ein Star \u2013 Holt mich hier raus\u201c findet wieder in Australien statt<\/h3>\n<p>Lange dauert es nicht mehr, bis es wieder hei\u00dft \u201eDschungelpr\u00fcfung, bitte!\u201c. Und echte Fans des Formats d\u00fcrften sich freuen, denn: Es geht wieder nach Australien. Nachdem \u201eIBES\u201c einmal in K\u00f6ln und einmal in S\u00fcdafrika stattfinden musste, kehrt das Format wieder zu seinen Wurzeln zur\u00fcck.<\/p>\n<p>Wie auch in den Staffeln zuvor hielt sich <a href=\"https:\/\/www.rtl.de\/cms\/sendungen\/ich-bin-ein-star.html\" rel=\"noopener\">RTL<\/a> mit Hinblick auf die Riege der Teilnehmer lange bedeckt. Nun braucht es keine Spekulationen mehr. Die Dschungelcampbewohner stehen fest \u2013 und bieten f\u00fcr so gut wie jeden etwas \u2013 sowohl Influencer als auch Trash-TV Gr\u00f6\u00dfen und Schauspieler sind vertreten.<\/p>\n<h4>IBES: Am 13. Januar 2023 geht es los!<\/h4>\n<p>Die n\u00e4chste Staffel von \u201eIBES\u201c startet am Freitag, den 13. Januar, um 21:30 Uhr bei RTL. Und wer absolut nicht genug vom Dschungel bekommen kann, kann sich dieses Mal \u00fcber eine Live Show mehr freuen. Am Sonntag, dem 29. Januar 2023, <a href=\"https:\/\/planet-randy.com\/blog\/wo-findet-der-esc-2023-statt\/\">findet dann das gro\u00dfe Finale statt<\/a>. Dann wird der amtierende Dschungelk\u00f6nig <a href=\"https:\/\/planet-randy.com\/blog\/gloeoeckler\/\">Filip Pavlovi\u0107<\/a> seine Dschungelkrone an seinen Nachfolger oder seine Nachfolgerin abgeben.<\/p>\n<p>Ein absolutes Highlight d\u00fcrfte auch dieses Mal wieder die Reunion sein. Hier werden die \u201ealten Kamellen\u201c, die oft zu Streit im Camp gef\u00fchrt haben, dann noch einmal \u201eaufgew\u00e4rmt\u201c. Das \u201eGro\u00dfe Wiedersehen\u201c findet dann am Montag, dem 30. Januar 2023, statt.<\/p>\n<p>Und auch \u00fcber eine weitere Konstante k\u00f6nnen sich die Fans des Formats freuen. <a href=\"https:\/\/planet-randy.com\/blog\/olivia-jones-veroeffentlicht-biografie\/\">Olivia Jones<\/a> moderiert wieder die Aftershow, zu der oft Kandidaten aus vergangenen Staffeln eingeladen werden. Auf Daniel Hartwich m\u00fcssen die Fans jedoch verzichten. Er hat sich dazu entschieden, das Dschungelcamp nicht mehr zu moderieren, weil er ansonsten zu lange von seiner Familie getrennt w\u00e4re. Als seine Kinder noch kleiner waren, soll er immer mit allen angereist sein. Nun, da die Kinder jedoch schulpflichtig sind, f\u00e4llt diese Option weg. Daf\u00fcr feiert kommendes Jahr Jan K\u00f6ppen seinen Einstand als Moderator an der Seite von Sonja Zietlow. Und damit niemand Angst vor wilden Tieren haben muss, ist selbstverst\u00e4ndlich auch wieder Doctor Bob am Start.<\/p>\n<p><img decoding=\"async\" class=\"alignnone wp-image-14616 size-full\" src=\"https:\/\/planet-randy.com\/blog\/wp-content\/uploads\/2022\/12\/Das-Dschungelcamp-ohne-Twenty4Tim.jpg\" alt=\"Das Dschungelcamp ohne Twenty4Tim\" width=\"750\" height=\"422\" srcset=\"https:\/\/planet-randy.com\/blog\/wp-content\/uploads\/2022\/12\/Das-Dschungelcamp-ohne-Twenty4Tim.jpg 750w, https:\/\/planet-randy.com\/blog\/wp-content\/uploads\/2022\/12\/Das-Dschungelcamp-ohne-Twenty4Tim-200x113.jpg 200w\" sizes=\"(max-width: 750px) 100vw, 750px\" \/><\/p>\n<h4>Dieser queere TikTok Star zieht doch nicht in den Dschungel<\/h4>\n<p>Wie auch in den Jahren zuvor wurde wieder wild spekuliert. Nun hat RTL Klarheit in die Sache gebracht. Der queere TikTok-Star Twenty4Tim wird nicht in den Dschungel ziehen. Seine Fans h\u00e4tte es sicherlich gefreut. Zudem geh\u00f6rt er aktuell zu den bekanntesten TikTokern Deutschlands. Immerhin landete vor noch nicht allzu langer Zeit mit dem Ohrwurm &#8220;G\u00f6nn&#8217; dir&#8221; einen echten Hit und schaffte es an die Spitze der deutschen Singlecharts. Und offenbar hat er keine Lust darauf, ein One Hit Wonder zu sein. Auch sein zweiter Song, \u201eGalaxie\u201c, ist aktuell sehr erfolgreich.<\/p>\n<p>Andere Vermutungen, wie zum Beispiel Claudia Effenberg, Cosimo (bekannt als \u201eDer Checker vom Neckar\u201c), Jana Pallaske und Tessa Bergmeier (\u201eGermany\u2019s next Top Model\u201c) best\u00e4tigten sich jedoch. Und was auch klar sein d\u00fcrfte: Es wird sicherlich nicht immer harmonisch am Lagerfeuer werden.<\/p>\n<p>&nbsp;<\/p>\n<p>Auch der queere Netflix super Hit &#8220;<a href=\"https:\/\/planet-randy.com\/blog\/young-royals-geht-in-die-verlaengerung\/\">Young Royals<\/a>&#8221; geht endlich in die n\u00e4chste Verl\u00e4ngerung<\/p>\n","protected":false},"excerpt":{"rendered":"<p>Das Dschungelcamp 2023: Entgegen vieler Ger\u00fcchte ist TikTok-Star Twenty4Tim doch nicht dabei Nun steht der Starttermin f\u00fcr das Dschungelcamp 2023 endlich fest: Am Freitag, den 13. Januar 2023 startet die nunmehr 16. Staffel des Kultformats! Aber wer wird eigentlich die ber\u00fchmten Dschungelpritschen von \u201eIch bin ein Star \u2013 Holt mich hier raus!&#8221; beziehen? Soeben hat [&hellip;]<\/p>\n","protected":false},"author":3,"featured_media":14615,"comment_status":"open","ping_status":"open","sticky":false,"template":"","format":"standard","meta":{"footnotes":""},"categories":[4],"tags":[],"class_list":["post-14614","post","type-post","status-publish","format-standard","has-post-thumbnail","hentry","category-news-aus-der-community","wp-sticky"],"_links":{"self":[{"href":"https:\/\/planet-randy.com\/blog\/wp-json\/wp\/v2\/posts\/14614","targetHints":{"allow":["GET"]}}],"collection":[{"href":"https:\/\/planet-randy.com\/blog\/wp-json\/wp\/v2\/posts"}],"about":[{"href":"https:\/\/planet-randy.com\/blog\/wp-json\/wp\/v2\/types\/post"}],"author":[{"embeddable":true,"href":"https:\/\/planet-randy.com\/blog\/wp-json\/wp\/v2\/users\/3"}],"replies":[{"embeddable":true,"href":"https:\/\/planet-randy.com\/blog\/wp-json\/wp\/v2\/comments?post=14614"}],"version-history":[{"count":4,"href":"https:\/\/planet-randy.com\/blog\/wp-json\/wp\/v2\/posts\/14614\/revisions"}],"predecessor-version":[{"id":14620,"href":"https:\/\/planet-randy.com\/blog\/wp-json\/wp\/v2\/posts\/14614\/revisions\/14620"}],"wp:featuredmedia":[{"embeddable":true,"href":"https:\/\/planet-randy.com\/blog\/wp-json\/wp\/v2\/media\/14615"}],"wp:attachment":[{"href":"https:\/\/planet-randy.com\/blog\/wp-json\/wp\/v2\/media?parent=14614"}],"wp:term":[{"taxonomy":"category","embeddable":true,"href":"https:\/\/planet-randy.com\/blog\/wp-json\/wp\/v2\/categories?post=14614"},{"taxonomy":"post_tag","embeddable":true,"href":"https:\/\/planet-randy.com\/blog\/wp-json\/wp\/v2\/tags?post=14614"}],"curies":[{"name":"wp","href":"https:\/\/api.w.org\/{rel}","templated":true}]}}