{"id":14176,"date":"2022-10-26T15:27:32","date_gmt":"2022-10-26T13:27:32","guid":{"rendered":"https:\/\/planet-randy.com\/blog\/?p=14176"},"modified":"2022-10-29T15:52:26","modified_gmt":"2022-10-29T13:52:26","slug":"mehr-schutz-von-queers-in-der-eu","status":"publish","type":"post","link":"https:\/\/planet-randy.com\/blog\/mehr-schutz-von-queers-in-der-eu\/","title":{"rendered":"Mehr Schutz von Queers in der EU"},"content":{"rendered":"<h2>Das Europaparlament setzt sich f\u00fcr einen umfangreicheren Schutz von Queers ein<\/h2>\n<p>Im Europarat wurde eine Resolution verabschiedet. Diese ist insofern unter anderem f\u00fcr die Szene von besonderer Bedeutung, weil auf ihrer Basis der Schutz der Community weiter ausgebaut werden soll.<\/p>\n<p>Immer mehr Hassverbrechen gegen Queers zeigen, dass es an der Zeit ist, zu handeln. Erst k\u00fcrzlich schockte in diesem Zusammenhang der Doppelmord an zwei Menschen in der Slowakei. Der T\u00e4ter brachte sich, nachdem er zwei M\u00e4nner erschossen hatte, selbst um.<\/p>\n<p><img fetchpriority=\"high\" decoding=\"async\" class=\"alignnone wp-image-14179 size-full\" src=\"https:\/\/planet-randy.com\/blog\/wp-content\/uploads\/2022\/10\/Mehr-Schutz-von-Queers-in-der-EU-2.png\" alt=\"Mehr Schutz von Queers in der EU\" width=\"1280\" height=\"530\" srcset=\"https:\/\/planet-randy.com\/blog\/wp-content\/uploads\/2022\/10\/Mehr-Schutz-von-Queers-in-der-EU-2.png 1280w, https:\/\/planet-randy.com\/blog\/wp-content\/uploads\/2022\/10\/Mehr-Schutz-von-Queers-in-der-EU-2-200x83.png 200w, https:\/\/planet-randy.com\/blog\/wp-content\/uploads\/2022\/10\/Mehr-Schutz-von-Queers-in-der-EU-2-1200x497.png 1200w, https:\/\/planet-randy.com\/blog\/wp-content\/uploads\/2022\/10\/Mehr-Schutz-von-Queers-in-der-EU-2-768x318.png 768w\" sizes=\"(max-width: 1280px) 100vw, 1280px\" \/><\/p>\n<h3>Die Resolution und eine beeindruckende Mehrheit<\/h3>\n<p>F\u00fcr die Resolution, die den Schutz <a href=\"https:\/\/planet-randy.com\/blog\/queere-menschen-von-sakramenten-ausgeschlossen\/\">queerer Menschen<\/a> weiter ausbauen soll, stimmten insgesamt 447 EU-Abgeordnete. 78 Abgeordnete stimmten dagegen, 45 enthielten sich. Viele der \u201eDagegen-Stimmen\u201c stammten von Abgeordneten aus den L\u00e4ndern Polen und Ungarn. Aber auch einige Italiener waren mit den Neuerungen nicht einverstanden.<\/p>\n<p>Schon jetzt werden in diesem Zusammenhang Stimmen laut, die dazu auffordern, diese Entwicklung ernst zu nehmen. Viele Menschen empfinden es als sehr besorgniserregend, dass manche Abgeordnete Hassverbrechen, wie sie beispielsweise in der Slowakei passiert sind, nicht durch sch\u00e4rfere Gesetze u. \u00e4. verhindern wollen. Die Forderungen der Bef\u00fcrworter der Resolution sind klar: Eine st\u00e4rkere Bek\u00e4mpfung von Hassreden und mehr <a href=\"https:\/\/planet-randy.com\/blog\/aufklaerung\/\">Aufkl\u00e4rung<\/a> in der Gesellschaft.<\/p>\n<p>Unter anderem werden in diesem Zusammenhang auch immer wieder die Verbindungen vieler Hassverbrecher zur rechtsextremen Szene betont.<\/p>\n<h4>Auch die Slowakei selbst wird kritisiert<\/h4>\n<p>Die Situation f\u00fcr Menschen, die der LGBTQIA+ Community in der Slowakei angeh\u00f6ren, ist besorgniserregend \u2026 und das nicht erst seit dem ersch\u00fctternden Doppelmord, der sich hier k\u00fcrzlich ereignet hat. Immer wieder werden und wurden hier Menschenrechte verletzt und Falschinformationen verbreitet.<\/p>\n<p>Viele Aktivisten, Angeh\u00f6rige der Community und Politiker fordern schon l\u00e4nger, dass die Rechte von Queers in der Slowakei weiter ausgebaut werden m\u00fcssten.<\/p>\n<p>Der Vollst\u00e4ndigkeit halber sei jedoch erw\u00e4hnt, dass die Slowakei nicht das einzige Land ist, in dem es mit Hinblick auf mehr Toleranz und Gleichberechtigung noch \u201eLuft nach oben\u201c gibt. Innerhalb der EU gibt es viele Staaten, in denen gleichgeschlechtliche Paare bis heute nicht akzeptiert werden.<\/p>\n<p><img decoding=\"async\" class=\"alignnone wp-image-14178 size-full\" src=\"https:\/\/planet-randy.com\/blog\/wp-content\/uploads\/2022\/10\/Mehr-Schutz-von-Queers-in-der-EU-1.png\" alt=\"Mehr Schutz von Queers in der EU\" width=\"2074\" height=\"1272\" srcset=\"https:\/\/planet-randy.com\/blog\/wp-content\/uploads\/2022\/10\/Mehr-Schutz-von-Queers-in-der-EU-1.png 2074w, https:\/\/planet-randy.com\/blog\/wp-content\/uploads\/2022\/10\/Mehr-Schutz-von-Queers-in-der-EU-1-200x123.png 200w, https:\/\/planet-randy.com\/blog\/wp-content\/uploads\/2022\/10\/Mehr-Schutz-von-Queers-in-der-EU-1-1200x736.png 1200w, https:\/\/planet-randy.com\/blog\/wp-content\/uploads\/2022\/10\/Mehr-Schutz-von-Queers-in-der-EU-1-768x471.png 768w, https:\/\/planet-randy.com\/blog\/wp-content\/uploads\/2022\/10\/Mehr-Schutz-von-Queers-in-der-EU-1-1536x942.png 1536w, https:\/\/planet-randy.com\/blog\/wp-content\/uploads\/2022\/10\/Mehr-Schutz-von-Queers-in-der-EU-1-2048x1256.png 2048w\" sizes=\"(max-width: 2074px) 100vw, 2074px\" \/><\/p>\n<h4>Slowakei: Musikfestival wird zu einer Art Gedenkveranstaltung<\/h4>\n<p>Die Entscheidung des EU Parlaments, die Rechte von Queers weiter zu st\u00e4rken und sich noch mehr gegen rechtsextremistische bzw. homophobe Bewegungen zu stellen, zeigt, dass sich innerhalb der Gesellschaft aktuell viele \u00c4nderungen zeigen.<\/p>\n<p>Um zu unterstreichen, dass die beiden Opfer des Doppelmordes in der Slowakei auf keinen Fall vergessen werden, haben die Veranstalter eines bekannten Musikfestivals der Slowakei bereits verlauten lassen, dass sie die Veranstaltung, die im November 2022 stattfinden wird, den beiden <a href=\"https:\/\/planet-randy.com\/blog\/ist-mein-schwarm-auch-schwul\/\">schwulen<\/a> ermordeten M\u00e4nnern widmen werden.<\/p>\n<p>Hierbei handelt es sich definitiv nicht um \u201eirgendein\u201c Event, sondern vielmehr um eine komplette Reihe, an der etwa 70 K\u00fcnstlerinnen und K\u00fcnstler teilnehmen werden. Das Ganze findet an mehr als 40 Orten im Land statt.<\/p>\n<h4>Wie gestaltet sich die Situation von Queers in der EU?<\/h4>\n<p>Es ist schlicht nicht m\u00f6glich, diese Frage standardisiert zu beantworten. Auch in den L\u00e4ndern, in denen die Gesellschaft weitestgehend offen mit ihrer Community umgeht, gibt es immer wieder Zwischenf\u00e4lle, die zeigen, dass es bis zur vollkommenen Gleichberechtigung noch ein langer Weg ist.<\/p>\n<p>Mittlerweile werden jedoch in vielen L\u00e4ndern, \u00e4hnlich wie im EU Parlament, immer mehr Stimmen laut, die fordern, h\u00e4rter gegen Hassverbrechen unterschiedlicher Art vorzugehen. In einigen Staaten werden Justizbeamte auch insbesondere darauf geschult, in den entsprechenden Situationen richtig zu reagieren und die Opfer auch in psychologischer Hinsicht richtig zu unterst\u00fctzen.<\/p>\n<p>&nbsp;<\/p>\n<p>Schon geh\u00f6rt?\u00a0<a href=\"https:\/\/planet-randy.com\/blog\/peter-fox-veroeffentlicht-zukunft-pink\/\">Peter Fox ver\u00f6ffentlicht sein Album \u201eZukunft Pink\u201c<\/a><\/p>\n","protected":false},"excerpt":{"rendered":"<p>Das Europaparlament setzt sich f\u00fcr einen umfangreicheren Schutz von Queers ein Im Europarat wurde eine Resolution verabschiedet. Diese ist insofern unter anderem f\u00fcr die Szene von besonderer Bedeutung, weil auf ihrer Basis der Schutz der Community weiter ausgebaut werden soll. Immer mehr Hassverbrechen gegen Queers zeigen, dass es an der Zeit ist, zu handeln. Erst [&hellip;]<\/p>\n","protected":false},"author":3,"featured_media":14179,"comment_status":"open","ping_status":"open","sticky":false,"template":"","format":"standard","meta":{"footnotes":""},"categories":[4],"tags":[],"class_list":["post-14176","post","type-post","status-publish","format-standard","has-post-thumbnail","hentry","category-news-aus-der-community","wp-sticky"],"_links":{"self":[{"href":"https:\/\/planet-randy.com\/blog\/wp-json\/wp\/v2\/posts\/14176","targetHints":{"allow":["GET"]}}],"collection":[{"href":"https:\/\/planet-randy.com\/blog\/wp-json\/wp\/v2\/posts"}],"about":[{"href":"https:\/\/planet-randy.com\/blog\/wp-json\/wp\/v2\/types\/post"}],"author":[{"embeddable":true,"href":"https:\/\/planet-randy.com\/blog\/wp-json\/wp\/v2\/users\/3"}],"replies":[{"embeddable":true,"href":"https:\/\/planet-randy.com\/blog\/wp-json\/wp\/v2\/comments?post=14176"}],"version-history":[{"count":3,"href":"https:\/\/planet-randy.com\/blog\/wp-json\/wp\/v2\/posts\/14176\/revisions"}],"predecessor-version":[{"id":14182,"href":"https:\/\/planet-randy.com\/blog\/wp-json\/wp\/v2\/posts\/14176\/revisions\/14182"}],"wp:featuredmedia":[{"embeddable":true,"href":"https:\/\/planet-randy.com\/blog\/wp-json\/wp\/v2\/media\/14179"}],"wp:attachment":[{"href":"https:\/\/planet-randy.com\/blog\/wp-json\/wp\/v2\/media?parent=14176"}],"wp:term":[{"taxonomy":"category","embeddable":true,"href":"https:\/\/planet-randy.com\/blog\/wp-json\/wp\/v2\/categories?post=14176"},{"taxonomy":"post_tag","embeddable":true,"href":"https:\/\/planet-randy.com\/blog\/wp-json\/wp\/v2\/tags?post=14176"}],"curies":[{"name":"wp","href":"https:\/\/api.w.org\/{rel}","templated":true}]}}