{"id":13910,"date":"2022-09-15T11:10:52","date_gmt":"2022-09-15T09:10:52","guid":{"rendered":"https:\/\/planet-randy.com\/blog\/?p=13910"},"modified":"2022-09-18T11:24:35","modified_gmt":"2022-09-18T09:24:35","slug":"lysander-laier-outet-sich-als-transsexuell","status":"publish","type":"post","link":"https:\/\/planet-randy.com\/blog\/lysander-laier-outet-sich-als-transsexuell\/","title":{"rendered":"Lysander Laier outet sich als transsexuell"},"content":{"rendered":"<h2>Lysander Laier ist transsexuell<\/h2>\n<p>Seit zwei Jahren ist Lysander Laier im Stadtrat W\u00fcrzburg t\u00e4tig. In der Zeit vorher engagierte er sich bei der Gr\u00fcnen Jugend und in der Fl\u00fcchtlingspolitik. Sein Einsatz wurde belohnt. Die Jugendabteilung der Gr\u00fcnen w\u00e4hlte ihn in den Vorstand.<\/p>\n<p>Jetzt sorgt er mit seinem Coming Out erneut f\u00fcr Schlagzeilen. Der 24- j\u00e4hrige Gr\u00fcnenpolitiker ist transsexuell.<\/p>\n<p>Unter anderem sprach er mit dem Sender TV Mainfranken \u00fcber diesen wichtigen Schritt. Mit Lysander hat sich ein weiterer Mensch, der in der \u00d6ffentlichkeit steht, als queer geoutet. Er d\u00fcrfte damit vielen anderen Mut gemacht haben. Doch wie reagieren eigentlich seine Parteikollegen? Und wie kam das Outing in der \u00d6ffentlichkeit an?<\/p>\n<p><img fetchpriority=\"high\" decoding=\"async\" class=\"alignnone wp-image-13911 size-full\" src=\"https:\/\/planet-randy.com\/blog\/wp-content\/uploads\/2022\/09\/Lysander-Laier-outet-sich-als-transsexuell-1.jpg\" alt=\"Lysander Laier outet sich als transsexuell\" width=\"1099\" height=\"618\" srcset=\"https:\/\/planet-randy.com\/blog\/wp-content\/uploads\/2022\/09\/Lysander-Laier-outet-sich-als-transsexuell-1.jpg 1099w, https:\/\/planet-randy.com\/blog\/wp-content\/uploads\/2022\/09\/Lysander-Laier-outet-sich-als-transsexuell-1-200x112.jpg 200w, https:\/\/planet-randy.com\/blog\/wp-content\/uploads\/2022\/09\/Lysander-Laier-outet-sich-als-transsexuell-1-768x432.jpg 768w\" sizes=\"(max-width: 1099px) 100vw, 1099px\" \/><\/p>\n<h3>Laier hat sich jahrelang unwohl gef\u00fchlt<\/h3>\n<p>Bei dem Gespr\u00e4ch mit TV Mainfranken gab Laier tiefe Einblicke in seine \u201eGender-Krise\u201c und berichtete ausf\u00fchrlich \u00fcber seine Transsexualit\u00e4t.<\/p>\n<p>Vor einem halben Jahr hatte er sein erstes Coming Out vor einem eingeschr\u00e4nkten Personenkreis. Etwas sp\u00e4ter folgte nun sein \u00f6ffentliches Statement. Viele transsexuelle Personen bemerken \u00fcbrigens schon im Kindesalter, dass sie im falschen K\u00f6rper geboren wurden und beginnen deswegen oft, sich anders zu kleiden, um sich selbst zu finden.<\/p>\n<p>Bei Lysander Laier hingegen war es vollkommen anders. Denn er war sich erst ziemlich sp\u00e4t dar\u00fcber bewusst, dass er transsexuell ist. Er sp\u00fcrte nur, dass er sich in den letzten Jahren sehr unwohl in seinem K\u00f6rper f\u00fchlte und begann deswegen ein Gespr\u00e4ch mit einem transsexuellen Freund, dem er sich anvertrauen konnte. Erst diese Unterhaltung machte ihn darauf aufmerksam, dass er vielleicht transsexuell sein k\u00f6nnte.<\/p>\n<p>Kurz darauf probierte er einen neuen Look aus. M\u00e4nnliche Kleidung und kurze Haare gaben ihm ein gutes Gef\u00fchl und er erkannte immer mehr, dass er transsexuell ist.<\/p>\n<p>In beruflicher Hinsicht durfte er sich schon jetzt \u00fcber viel Unterst\u00fctzung freuen. Viele seiner Parteimitglieder empfinden sein Outing als mutig und unterst\u00fctzen den Gr\u00fcnen Kommunalpolitiker nat\u00fcrlich auch jetzt noch. Hinzu kommt, dass viele dieses Thema ohnehin als \u201eprivat\u201c ansehen. Das bedeutet: Dass Lysander sich geoutet hat, ist vollkommen wichtig und in Ordnung, mit Hinblick auf seine Arbeit jedoch nicht relevant.<\/p>\n<p><img decoding=\"async\" class=\"alignnone wp-image-13912 size-full\" src=\"https:\/\/planet-randy.com\/blog\/wp-content\/uploads\/2022\/09\/Lysander-Laier-outet-sich-als-transsexuell-2.jpg\" alt=\"Lysander Laier outet sich als transsexuell\" width=\"1099\" height=\"618\" srcset=\"https:\/\/planet-randy.com\/blog\/wp-content\/uploads\/2022\/09\/Lysander-Laier-outet-sich-als-transsexuell-2.jpg 1099w, https:\/\/planet-randy.com\/blog\/wp-content\/uploads\/2022\/09\/Lysander-Laier-outet-sich-als-transsexuell-2-200x112.jpg 200w, https:\/\/planet-randy.com\/blog\/wp-content\/uploads\/2022\/09\/Lysander-Laier-outet-sich-als-transsexuell-2-768x432.jpg 768w\" sizes=\"(max-width: 1099px) 100vw, 1099px\" \/><\/p>\n<h4>Laiers Coming Out beeinflusst seine Karriere nicht negativ<\/h4>\n<p>Laier bef\u00fcrchtete, dass er als Politiker nach seinem Coming Out nicht mehr ernst genommen werden w\u00fcrde. Diese Bef\u00fcrchtung hat sich jedoch nicht best\u00e4tigt. Sowohl Parteikollegen als auch -kolleginnen stehen hinter ihm. Viele gratulierten ihm auch zu diesem mutigen Schritt.<\/p>\n<p>Und wenn das Selbstbestimmungsgesetz irgendwann einmal verabschiedet wird, plant Laier auch, seinen Deadnamen \u00e4ndern zu lassen. Wie lange es dauern wird, bis genau das m\u00f6glich ist, bleibt abzuwarten. Auch wenn sich die Ampelkoalition immer wieder positiv gegen\u00fcber besagtem Gesetz ge\u00e4u\u00dfert hat, gilt es hier, noch einige Hindernisse zu \u00fcberwinden.<\/p>\n<p>Einer der Hauptkritikpunkte an der aktuellen Situation ist es, dass es transsexuellen Menschen aktuell noch sehr schwer gemacht wird, ihr Geschlecht ganz offiziell \u2013 zum Beispiel in den Ausweispapieren \u2013 anpassen zu lassen. Das Procedere, das hier durchlaufen werden muss, ist langwierig und oft auch sehr kostspielig. Hinzu kommt, dass sich die Betroffenen mit vielen Fragen zu ihrer Person und ihrem Sexualverhalten konfrontiert sehen und sich im Verlauf des Verfahrens diskriminiert f\u00fchlen.<\/p>\n<p>Mit dem bereits erw\u00e4hnten Selbstbestimmungsgesetz soll sich jedoch genau das \u00e4ndern. Und hiervon d\u00fcrfte dann auch Lysander Laier profitieren.<\/p>\n<p>&nbsp;<\/p>\n<p>Weiter gehts zu:\u00a0<a href=\"https:\/\/planet-randy.com\/blog\/neil-patrick-harris-feiert-8-hochzeitstag\/\">Neil Patrick Harris feiert seinen 8 Hochzeitstag<\/a><\/p>\n","protected":false},"excerpt":{"rendered":"<p>Lysander Laier ist transsexuell Seit zwei Jahren ist Lysander Laier im Stadtrat W\u00fcrzburg t\u00e4tig. In der Zeit vorher engagierte er sich bei der Gr\u00fcnen Jugend und in der Fl\u00fcchtlingspolitik. Sein Einsatz wurde belohnt. Die Jugendabteilung der Gr\u00fcnen w\u00e4hlte ihn in den Vorstand. Jetzt sorgt er mit seinem Coming Out erneut f\u00fcr Schlagzeilen. Der 24- j\u00e4hrige [&hellip;]<\/p>\n","protected":false},"author":3,"featured_media":13911,"comment_status":"open","ping_status":"open","sticky":false,"template":"","format":"standard","meta":{"footnotes":""},"categories":[4],"tags":[],"class_list":["post-13910","post","type-post","status-publish","format-standard","has-post-thumbnail","hentry","category-news-aus-der-community","wp-sticky"],"_links":{"self":[{"href":"https:\/\/planet-randy.com\/blog\/wp-json\/wp\/v2\/posts\/13910","targetHints":{"allow":["GET"]}}],"collection":[{"href":"https:\/\/planet-randy.com\/blog\/wp-json\/wp\/v2\/posts"}],"about":[{"href":"https:\/\/planet-randy.com\/blog\/wp-json\/wp\/v2\/types\/post"}],"author":[{"embeddable":true,"href":"https:\/\/planet-randy.com\/blog\/wp-json\/wp\/v2\/users\/3"}],"replies":[{"embeddable":true,"href":"https:\/\/planet-randy.com\/blog\/wp-json\/wp\/v2\/comments?post=13910"}],"version-history":[{"count":2,"href":"https:\/\/planet-randy.com\/blog\/wp-json\/wp\/v2\/posts\/13910\/revisions"}],"predecessor-version":[{"id":13914,"href":"https:\/\/planet-randy.com\/blog\/wp-json\/wp\/v2\/posts\/13910\/revisions\/13914"}],"wp:featuredmedia":[{"embeddable":true,"href":"https:\/\/planet-randy.com\/blog\/wp-json\/wp\/v2\/media\/13911"}],"wp:attachment":[{"href":"https:\/\/planet-randy.com\/blog\/wp-json\/wp\/v2\/media?parent=13910"}],"wp:term":[{"taxonomy":"category","embeddable":true,"href":"https:\/\/planet-randy.com\/blog\/wp-json\/wp\/v2\/categories?post=13910"},{"taxonomy":"post_tag","embeddable":true,"href":"https:\/\/planet-randy.com\/blog\/wp-json\/wp\/v2\/tags?post=13910"}],"curies":[{"name":"wp","href":"https:\/\/api.w.org\/{rel}","templated":true}]}}