{"id":12543,"date":"2022-08-19T13:29:48","date_gmt":"2022-08-19T11:29:48","guid":{"rendered":"https:\/\/planet-randy.com\/blog\/?p=12543"},"modified":"2022-08-19T00:39:36","modified_gmt":"2022-08-18T22:39:36","slug":"der-rosa-tag-im-heide-park","status":"publish","type":"post","link":"https:\/\/planet-randy.com\/blog\/der-rosa-tag-im-heide-park\/","title":{"rendered":"Der Rosa Tag im Heide Park"},"content":{"rendered":"<h2>Der Heide Park hat seine Vorgaben zum \u201eRosa Tag\u201c gelockert \u2013 zumindest ein wenig<\/h2>\n<p>Der Heide Park in Soltau stand unl\u00e4ngst bei einem gro\u00dfen Teil der Community in der Kritik. Denn: Im Zusammenhang mit dem anstehenden Rosa Tag wurden einige Verbote ausgesprochen. Nun rudern die Verantwortlichen ein wenig zur\u00fcck.<\/p>\n<p>Das vorweg ausgesprochene Verbot rund um die Darstellung von Fetischen und Masken wurde gelockert. Aber was bedeutet das genau?<\/p>\n<p><img fetchpriority=\"high\" decoding=\"async\" class=\"alignnone size-full wp-image-12545\" src=\"https:\/\/planet-randy.com\/blog\/wp-content\/uploads\/2022\/08\/Der-Rosa-Tag-im-Heide-Park.png\" alt=\"Der Rosa Tag im Heide Park\" width=\"1000\" height=\"715\" srcset=\"https:\/\/planet-randy.com\/blog\/wp-content\/uploads\/2022\/08\/Der-Rosa-Tag-im-Heide-Park.png 1000w, https:\/\/planet-randy.com\/blog\/wp-content\/uploads\/2022\/08\/Der-Rosa-Tag-im-Heide-Park-200x143.png 200w, https:\/\/planet-randy.com\/blog\/wp-content\/uploads\/2022\/08\/Der-Rosa-Tag-im-Heide-Park-768x549.png 768w\" sizes=\"(max-width: 1000px) 100vw, 1000px\" \/><\/p>\n<h3>Der Heide Park und sein \u201eRosa Tag\u201c \u2013 was war passiert?<\/h3>\n<p><a href=\"https:\/\/www.heide-park.de\/entdecken\/events\/pride-festival-2022\/\" rel=\"noopener\">Am 03. und am 04. September wird im Heide Park in Soltau der Rosa Tag gefeiert<\/a>. Es ist noch nicht allzu lange her, dass ein offizielles Statement ver\u00f6ffentlicht wurde, aus dem hervorging, dass die Darstellung von Fetischen in jeglicher Form und auch Masken verboten seien.<\/p>\n<p>Genau das f\u00fchrte dazu, dass sich etliche Queers in ihrer Freiheit eingeschr\u00e4nkt sahen. Immerhin wurde ihnen so die M\u00f6glichkeit genommen, komplett zu sich selbst zu stehen und ihre Leidenschaft nach au\u00dfen zu tragen.<\/p>\n<p>Jetzt haben sich die Verantwortlichen offenbar dazu entschlossen, doch eine etwas andere Richtung einzuschlagen und etwas mehr Flexibilit\u00e4t zuzulassen. Auf der Seite des Heide Park hei\u00dft es inzwischen, dass es leider einige Unklarheiten und Missverst\u00e4ndnisse gegeben habe.<\/p>\n<p>Selbstverst\u00e4ndlich richte sich das Pride Festival an alle Alters- und Zielgruppen. Es solle aber auch selbstverst\u00e4ndlich sein, \u201e[\u2026] dass auf die Darstellung von sexistischem Fetisch, Bondage, Phallus-Symbolen, Latex-Masken etc. komplett verzichtet wird.\u201c. Wer Wert auf die Details legt, erkennt schnell, dass inzwischen nicht mehr alle Masken, sondern nur noch Latex Masken untersagt sind.<\/p>\n<p>Es dauerte jedoch nicht lange, bis \u2013 unter anderem in den sozialen Netzwerken dar\u00fcber diskutiert wurde, was unter einem sexistischen Fetisch zu verstehen sei.<\/p>\n<p>Das abschlie\u00dfende Statement des Heide Parks ist dann jedoch wiederrum mehr als deutlich. Die Besucher sollen aufeinander R\u00fccksicht nehmen und sich gegenseitig tolerieren. So lie\u00dfen sich Hemmschwellen gemeinsam abbauen und die Community k\u00f6nnte aktiv unterst\u00fctzt werden.<\/p>\n<h4>Das Phallus Symbol-Verbot bleibt<\/h4>\n<p>An einer Stelle blieben die Verantwortlichen des Heide Parks jedoch bei ihrer urspr\u00fcnglichen Meinung: Das Verbot der Phallus Darstellung bleibt erhalten. Genau das k\u00f6nnte daf\u00fcr sorgen, dass einige Besucher ihren Look noch einmal \u00fcberdenken m\u00fcssen. Immerhin gibt es bei \u00e4hnlichen Veranstaltungen, zum Beispiel beim CSD, auch immer wieder Outfits, in die Penisse eingearbeitet wurden \u2013 mal mehr, mal weniger gro\u00df.<\/p>\n<h4>Der Rosa Tag wird nicht von allen positiv aufgenommen<\/h4>\n<p>Es gibt unter anderem auch einige negative Stimmen bez\u00fcglich des geplanten Rosa Tages im Heide Park. Unter anderem beschwerten sich einige Queers, hierbei handele es sich lediglich um eine Form von Pinkwashing. Vor allem die oben bereits erw\u00e4hnte Regeln stie\u00dfen einigen sauer auf. Auf ihrer Basis w\u00fcrden Teile der Community ausgegrenzt.<\/p>\n<p>Dar\u00fcber, ob die Darstellungen von Phallen und Co. zu Events dieser Art geh\u00f6rt oder nicht, wird immer wieder diskutiert.<\/p>\n<p>Klar: Vor allem diejenigen, die sich noch nie mit der Diversit\u00e4t der Szene besch\u00e4ftigt haben, k\u00f6nnten im ersten Moment erschrocken reagieren, wenn ihnen Menschen im Bondage Look und mit Tiermasken begegnen. Aber: Auch Fetische geh\u00f6ren zur Szene.<\/p>\n<p>Dar\u00fcber, wie explizit sie dargestellt werden sollten, scheiden sich jedoch die Geister. Und wer einen Blick in die Sozialen Netzwerke wagt, um die Stimmung rund um den Rosa Tag im Heide Park zu checken, k\u00f6nnte den Eindruck erhalten, dass das letzte Wort hier noch nicht gesprochen ist. Und selbst WENN der Heide Park bei den aktuellen Vorgaben bleibt: Es d\u00fcrfte nicht lange dauern, bis \u00dcberlegungen wie diese bei einem der n\u00e4chsten queeren Events wieder angestellt werden.<\/p>\n<p>&nbsp;<\/p>\n<p><a href=\"https:\/\/planet-randy.com\/blog\/riccardo-simonetti-moderiert-glow-up\/\">Schon geh\u00f6rt?\u00a0Riccardo Simonetti moderiert die neue Show \u201eGlow Up\u201c<\/a><\/p>\n","protected":false},"excerpt":{"rendered":"<p>Der Heide Park hat seine Vorgaben zum \u201eRosa Tag\u201c gelockert \u2013 zumindest ein wenig Der Heide Park in Soltau stand unl\u00e4ngst bei einem gro\u00dfen Teil der Community in der Kritik. Denn: Im Zusammenhang mit dem anstehenden Rosa Tag wurden einige Verbote ausgesprochen. Nun rudern die Verantwortlichen ein wenig zur\u00fcck. Das vorweg ausgesprochene Verbot rund um [&hellip;]<\/p>\n","protected":false},"author":3,"featured_media":12545,"comment_status":"open","ping_status":"open","sticky":false,"template":"","format":"standard","meta":{"footnotes":""},"categories":[4],"tags":[],"class_list":["post-12543","post","type-post","status-publish","format-standard","has-post-thumbnail","hentry","category-news-aus-der-community","wp-sticky"],"_links":{"self":[{"href":"https:\/\/planet-randy.com\/blog\/wp-json\/wp\/v2\/posts\/12543","targetHints":{"allow":["GET"]}}],"collection":[{"href":"https:\/\/planet-randy.com\/blog\/wp-json\/wp\/v2\/posts"}],"about":[{"href":"https:\/\/planet-randy.com\/blog\/wp-json\/wp\/v2\/types\/post"}],"author":[{"embeddable":true,"href":"https:\/\/planet-randy.com\/blog\/wp-json\/wp\/v2\/users\/3"}],"replies":[{"embeddable":true,"href":"https:\/\/planet-randy.com\/blog\/wp-json\/wp\/v2\/comments?post=12543"}],"version-history":[{"count":1,"href":"https:\/\/planet-randy.com\/blog\/wp-json\/wp\/v2\/posts\/12543\/revisions"}],"predecessor-version":[{"id":12546,"href":"https:\/\/planet-randy.com\/blog\/wp-json\/wp\/v2\/posts\/12543\/revisions\/12546"}],"wp:featuredmedia":[{"embeddable":true,"href":"https:\/\/planet-randy.com\/blog\/wp-json\/wp\/v2\/media\/12545"}],"wp:attachment":[{"href":"https:\/\/planet-randy.com\/blog\/wp-json\/wp\/v2\/media?parent=12543"}],"wp:term":[{"taxonomy":"category","embeddable":true,"href":"https:\/\/planet-randy.com\/blog\/wp-json\/wp\/v2\/categories?post=12543"},{"taxonomy":"post_tag","embeddable":true,"href":"https:\/\/planet-randy.com\/blog\/wp-json\/wp\/v2\/tags?post=12543"}],"curies":[{"name":"wp","href":"https:\/\/api.w.org\/{rel}","templated":true}]}}