{"id":12021,"date":"2022-06-23T18:47:54","date_gmt":"2022-06-23T16:47:54","guid":{"rendered":"https:\/\/planet-randy.com\/blog\/?p=12021"},"modified":"2022-06-24T19:00:29","modified_gmt":"2022-06-24T17:00:29","slug":"angriff-auf-einen-queeren-gottesdienst","status":"publish","type":"post","link":"https:\/\/planet-randy.com\/blog\/angriff-auf-einen-queeren-gottesdienst\/","title":{"rendered":"Angriff auf einen queeren Gottesdienst"},"content":{"rendered":"<h2>Z\u00fcrich: Angriff auf queeren Gottesdienst \u2013 was ist bisher bekannt?<\/h2>\n<p>Vor ein paar Tagen wurde in Z\u00fcrich ein Pride Gottesdienst gefeiert. In diesem Zusammenhang kam es zu einer homophoben Tat. Eine Gruppe von M\u00e4nnern, die allesamt vermummt und komplett in Wei\u00df gekleidet waren, st\u00fcrmten den queeren Gottesdienst, der zu dieser Zeit gerade in der Kirche St. Peter abgehalten wurde. Schlussendlich konnten die Angreifer in die Flucht geschlagen werden. Aber: Der Schock bleibt.<br \/>\nBisher ist noch nicht klar, wer sich hinter dem \u00dcbergriff verbirgt. Die Polizei hat jedoch bereits die Ermittlungen aufgenommen. Einschl\u00e4gige Statistiken zu Hassverbrechen gegen die queere Community, die von der Polizei selbst gef\u00fchrt werden, gibt es in der Schweiz nicht. Einige Queer Organisationen haben es sich jedoch zur Aufgabe gemacht, die Verbrechen nachzuhalten.<\/p>\n<p><img fetchpriority=\"high\" decoding=\"async\" class=\"alignnone size-full wp-image-12023\" src=\"https:\/\/planet-randy.com\/blog\/wp-content\/uploads\/2022\/06\/Angriff-auf-einen-queeren-Gottesdienst-2.jpg\" alt=\"Angriff auf einen queeren Gottesdienst\" width=\"1440\" height=\"809\" srcset=\"https:\/\/planet-randy.com\/blog\/wp-content\/uploads\/2022\/06\/Angriff-auf-einen-queeren-Gottesdienst-2.jpg 1440w, https:\/\/planet-randy.com\/blog\/wp-content\/uploads\/2022\/06\/Angriff-auf-einen-queeren-Gottesdienst-2-200x112.jpg 200w, https:\/\/planet-randy.com\/blog\/wp-content\/uploads\/2022\/06\/Angriff-auf-einen-queeren-Gottesdienst-2-1200x674.jpg 1200w, https:\/\/planet-randy.com\/blog\/wp-content\/uploads\/2022\/06\/Angriff-auf-einen-queeren-Gottesdienst-2-768x431.jpg 768w\" sizes=\"(max-width: 1440px) 100vw, 1440px\" \/><\/p>\n<h3>Kommen die T\u00e4ter aus der rechten Szene?<\/h3>\n<p>Da die T\u00e4ter die Kirche komplett vermummt st\u00fcrmten, ist bisher noch nichts \u00fcber sie bekannt. Wer sich jedoch ein wenig Zeit nimmt, um einen Blick in die Sozialen Netzwerke zu werfen, sieht schnell, dass die Ger\u00fcchtek\u00fcche l\u00e4ngst brodelt. Unter anderem wird im Zuge der entsprechenden Spekulationen immer wieder von der Gruppierung \u201eJunge Tat\u201c gesprochen. Hierbei handelt es sich um eine Bezeichnung f\u00fcr eine Schweizer Neonazi Gruppe.<\/p>\n<p>Entsprechende Vermutungen wurden \u2013 ebenfalls \u00fcber die Sozialen Netzwerke \u2013 von Thomas Sutter ge\u00e4u\u00dfert. Der Co-Pr\u00e4sident der Sozialdemokratischen Partei Z\u00fcrich erkl\u00e4rte in diesem Zusammenhang auch, dass es extrem wichtig sei, gerade jetzt Prides abzuhalten\u2026 Unter anderem auch deswegen, weil Queers immer \u00f6fter zu Opfern von Homophobie w\u00fcrden, die wiederrum von rechtsextremen Gruppen ausgeht. Genau das b\u00f6te Anlass zur Sorge.<\/p>\n<p>Mittlerweile werden auch immer mehr Stimmen laut, die fordern, dass Events dieser Art, die offenbar rechte oder homophobe St\u00f6renfriede auf den Plan rufen, besser von der Polizei gesch\u00fctzt werden.<\/p>\n<h4>Bei vielen Prides wird mehr Unterst\u00fctzung gefordert<\/h4>\n<p>Nicht nur Aktivisten in Z\u00fcrich sind der Meinung, dass Community und Polizei in Zukunft verst\u00e4rkt zusammenarbeiten sollten. Auch in vielen anderen gr\u00f6\u00dferen St\u00e4dten gehen die Forderungen, die im Zuge der Paraden vorgetragen werden, in eine \u00e4hnliche Richtung.<br \/>\nZudem geht es darum, mehr Aufkl\u00e4rung in Bezug auf homophobe Verbrechen zu unterst\u00fctzen. Das bedeutet: Ein homophober \u00dcbergriff soll auch als solcher in der Polizeiakte aufgenommen werden und dementsprechend in der Statistik auftauchen.<br \/>\nHieraus erhoffen sich viele, dass auch die Menschen, die ansonsten weniger (oder nichts) mit der Szene zu tun haben, ein wenig in Bezug auf dieses Thema sensibilisiert werden.<\/p>\n<p><img decoding=\"async\" class=\"alignnone size-full wp-image-12022\" src=\"https:\/\/planet-randy.com\/blog\/wp-content\/uploads\/2022\/06\/Angriff-auf-einen-queeren-Gottesdienst-1.jpg\" alt=\"Angriff auf einen queeren Gottesdienst\" width=\"1646\" height=\"823\" srcset=\"https:\/\/planet-randy.com\/blog\/wp-content\/uploads\/2022\/06\/Angriff-auf-einen-queeren-Gottesdienst-1.jpg 1646w, https:\/\/planet-randy.com\/blog\/wp-content\/uploads\/2022\/06\/Angriff-auf-einen-queeren-Gottesdienst-1-200x100.jpg 200w, https:\/\/planet-randy.com\/blog\/wp-content\/uploads\/2022\/06\/Angriff-auf-einen-queeren-Gottesdienst-1-1200x600.jpg 1200w, https:\/\/planet-randy.com\/blog\/wp-content\/uploads\/2022\/06\/Angriff-auf-einen-queeren-Gottesdienst-1-768x384.jpg 768w, https:\/\/planet-randy.com\/blog\/wp-content\/uploads\/2022\/06\/Angriff-auf-einen-queeren-Gottesdienst-1-1536x768.jpg 1536w\" sizes=\"(max-width: 1646px) 100vw, 1646px\" \/><\/p>\n<h4>Wer verbirgt sich hinter der Gruppe \u201eJunge Tat\u201c?<\/h4>\n<p>Die \u201eJunge Tat\u201c entwickelte sich in der Schweiz aus der sogenannten \u201eEisenjugend\u201c. Die Mitglieder setzen sich f\u00fcr eine Herrschaft der wei\u00dfen Menschen ein. Ein Einfl\u00fcsse sind dementsprechend klar rechts-au\u00dfen gepr\u00e4gt. Auch in Deutschland gibt es \u00e4hnliche Gruppierungen.<\/p>\n<p>Einmal mehr f\u00e4llt auf, wie eng Rassismus und Homophobie anscheinend miteinander verwoben sind und wie wichtig es ist, hier aufmerksam zu bleiben. Vorf\u00e4lle wie diese sind es auch, die bewirken d\u00fcrften, dass die Forderungen nach einem umfassenden Schutz der Community lauter werden. Immerhin war \u2013 so auch die Meinung vieler Twitter User \u2013 in gewisser Weise davon auszugehen, dass der queere Gottesdienst auch \u201eKritiker\u201c auf den Plan rufen w\u00fcrde. Wie weit diese bereit sind, zu gehen, wurde mit dem Vorfall in Z\u00fcrich einmal mehr deutlich.<\/p>\n<h4>Die Z\u00fcrich Pride 2022<\/h4>\n<p>Abgesehen von diesem erschreckenden \u00dcbergriff war die<a href=\"https:\/\/planet-randy.com\/blog\/alles-zur-wiener-regenbogenparade-2022\/\"> Z\u00fcrich Pride<\/a> sicherlich ein Ereignis, das man im Nachhinein als \u201evollen Erfolg\u201c bezeichnen kann. In diesem Jahr standen, nach \u201eCorona Zwangspause\u201c vor allem die Rechte der Trans-Community im Fokus. Tausende von Menschen kamen auf die Stra\u00dfe, um zu feiern und auf ihre Forderungen aufmerksam zu machen.<\/p>\n<p>&nbsp;<\/p>\n<p><a href=\"https:\/\/planet-randy.com\/blog\/prince-charming-geht-in-die-4-staffel\/\">Schon mitbekommen? Prince Charming geht bald in die 4. Staffel!<\/a><\/p>\n","protected":false},"excerpt":{"rendered":"<p>Z\u00fcrich: Angriff auf queeren Gottesdienst \u2013 was ist bisher bekannt? Vor ein paar Tagen wurde in Z\u00fcrich ein Pride Gottesdienst gefeiert. In diesem Zusammenhang kam es zu einer homophoben Tat. Eine Gruppe von M\u00e4nnern, die allesamt vermummt und komplett in Wei\u00df gekleidet waren, st\u00fcrmten den queeren Gottesdienst, der zu dieser Zeit gerade in der Kirche [&hellip;]<\/p>\n","protected":false},"author":3,"featured_media":12023,"comment_status":"open","ping_status":"open","sticky":false,"template":"","format":"standard","meta":{"footnotes":""},"categories":[4],"tags":[],"class_list":["post-12021","post","type-post","status-publish","format-standard","has-post-thumbnail","hentry","category-news-aus-der-community","wp-sticky"],"_links":{"self":[{"href":"https:\/\/planet-randy.com\/blog\/wp-json\/wp\/v2\/posts\/12021","targetHints":{"allow":["GET"]}}],"collection":[{"href":"https:\/\/planet-randy.com\/blog\/wp-json\/wp\/v2\/posts"}],"about":[{"href":"https:\/\/planet-randy.com\/blog\/wp-json\/wp\/v2\/types\/post"}],"author":[{"embeddable":true,"href":"https:\/\/planet-randy.com\/blog\/wp-json\/wp\/v2\/users\/3"}],"replies":[{"embeddable":true,"href":"https:\/\/planet-randy.com\/blog\/wp-json\/wp\/v2\/comments?post=12021"}],"version-history":[{"count":1,"href":"https:\/\/planet-randy.com\/blog\/wp-json\/wp\/v2\/posts\/12021\/revisions"}],"predecessor-version":[{"id":12024,"href":"https:\/\/planet-randy.com\/blog\/wp-json\/wp\/v2\/posts\/12021\/revisions\/12024"}],"wp:featuredmedia":[{"embeddable":true,"href":"https:\/\/planet-randy.com\/blog\/wp-json\/wp\/v2\/media\/12023"}],"wp:attachment":[{"href":"https:\/\/planet-randy.com\/blog\/wp-json\/wp\/v2\/media?parent=12021"}],"wp:term":[{"taxonomy":"category","embeddable":true,"href":"https:\/\/planet-randy.com\/blog\/wp-json\/wp\/v2\/categories?post=12021"},{"taxonomy":"post_tag","embeddable":true,"href":"https:\/\/planet-randy.com\/blog\/wp-json\/wp\/v2\/tags?post=12021"}],"curies":[{"name":"wp","href":"https:\/\/api.w.org\/{rel}","templated":true}]}}