{"id":11837,"date":"2022-06-02T23:13:37","date_gmt":"2022-06-02T21:13:37","guid":{"rendered":"https:\/\/planet-randy.com\/blog\/?p=11837"},"modified":"2022-06-02T23:13:37","modified_gmt":"2022-06-02T21:13:37","slug":"christina-baum-beleidigt-sven-lehmann","status":"publish","type":"post","link":"https:\/\/planet-randy.com\/blog\/christina-baum-beleidigt-sven-lehmann\/","title":{"rendered":"Christina Baum beleidigt Sven Lehmann"},"content":{"rendered":"<h2>Beleidigung im Bundestag: Christina Baum (AfD) bezeichnet Sven Lehmann als \u201ev\u00f6llig durchgeknallten homosexuellen Queerbeauftragten\u201c<\/h2>\n<p>Im Bundestag geht es wieder heftig zur Sache. Im Zentrum stehen queerfeindliche \u00c4u\u00dferungen der AfD. Dieses Mal trifft es den Queerbeauftragten Sven Lehmann. In einem Post auf Facebook hat die Abgeordnete Christina Baum kein gutes Wort f\u00fcr ihn \u00fcbrig.<\/p>\n<p>Unter anderem spricht sie in ihrem l\u00e4ngeren Statement beispielsweise von \u201eideologischer Genderwahnsinn im Endstadium.\u201c<\/p>\n<p>Gleichzeitig soll die Partei die Einf\u00fchrung eines \u201eHomo-Propaganda\u201c-Verbots planen. Die Fronten sind verh\u00e4rtet und in den Sozialen Netzwerken wird heftig diskutiert.<\/p>\n<p><img fetchpriority=\"high\" decoding=\"async\" class=\"alignnone size-full wp-image-11844\" src=\"https:\/\/planet-randy.com\/blog\/wp-content\/uploads\/2022\/06\/media.media_.400f8afa-249c-4782-b606-bdc808f6c427.original1024.jpg\" alt=\"Christina Baum beleidigt Sven Lehmann\" width=\"1024\" height=\"673\" srcset=\"https:\/\/planet-randy.com\/blog\/wp-content\/uploads\/2022\/06\/media.media_.400f8afa-249c-4782-b606-bdc808f6c427.original1024.jpg 1024w, https:\/\/planet-randy.com\/blog\/wp-content\/uploads\/2022\/06\/media.media_.400f8afa-249c-4782-b606-bdc808f6c427.original1024-200x131.jpg 200w, https:\/\/planet-randy.com\/blog\/wp-content\/uploads\/2022\/06\/media.media_.400f8afa-249c-4782-b606-bdc808f6c427.original1024-768x505.jpg 768w\" sizes=\"(max-width: 1024px) 100vw, 1024px\" \/><\/p>\n<h3>Wie kam es zu dem Beitrag?<\/h3>\n<p>Schon die Er\u00f6ffnung des Facebook Posts l\u00e4sst schnell darauf schlie\u00dfen, gegen wen sich der Text richtet. Mit Beleidigungen und queerfeindlichen \u00c4u\u00dferungen versucht die baden-w\u00fcrttembergische Bundestagsabgeordnete, gegen die LGBTQI+ Community zu agieren und l\u00e4sst ihren Gedanken freien Lauf.<br \/>\nDie eigentliche Grundlage f\u00fcr ihren Post bildete die Reaktion des Queerbeauftragten Sven Lehmann auf einen Offenen Brief an die Zeitschrift \u201eEmma\u201c. In dem Brief schrieb die Mutter, eines bereits erwachsenen Kindes, unter anderem, dass sie gegen das geplante Selbstbestimmungsgesetz sei und Jugendliche von queeren Menschen \u201eextrem verwirrt\u201c werden w\u00fcrden.<\/p>\n<p>Sven Lehmann stufte die Argumentation der Dame als \u201equeer- und transfeindlich\u201c ein. Zudem machte er deutlich, dass die Aussage \u201eso auch von evangelikanen Christ*innen und b\u00fcrgerlichen Faschos\u201c stammen k\u00f6nnte.<br \/>\nDie ersten, die sich diesem Statement Lehmanns annahmen und ebenfalls Stellung bezogen, waren einige Autoren rechter Publikationen, welche behaupteten, Lehmann w\u00fcrde eine \u201ef\u00fcrsorgliche Mutter\u201c beleidigen und niedermachen.<\/p>\n<p><img decoding=\"async\" class=\"alignnone size-full wp-image-11843\" src=\"https:\/\/planet-randy.com\/blog\/wp-content\/uploads\/2022\/06\/baum-fb-210720.png\" alt=\"Christina Baum beleidigt Sven Lehmann\" width=\"1024\" height=\"722\" srcset=\"https:\/\/planet-randy.com\/blog\/wp-content\/uploads\/2022\/06\/baum-fb-210720.png 1024w, https:\/\/planet-randy.com\/blog\/wp-content\/uploads\/2022\/06\/baum-fb-210720-200x141.png 200w, https:\/\/planet-randy.com\/blog\/wp-content\/uploads\/2022\/06\/baum-fb-210720-768x542.png 768w\" sizes=\"(max-width: 1024px) 100vw, 1024px\" \/><\/p>\n<h4>Sven Lehmann ist \u2013 laut Christina Baum &#8211; eine \u201eRiesengefahr\u201c<\/h4>\n<p>Christina Baum bezeichnet in ihrem Post den Queerbeauftragten Sven Lehmann weiter unter anderem als \u201eRiesengefahr\u201c, weil er sich nicht f\u00fcr psychisch und k\u00f6rperlich gesunde Menschen einsetze.<\/p>\n<p>Dass hiermit die cis-Gesellschaft gemeint sein muss, sollte klar sein. Genau das impliziert wiederum, dass queere Menschen weder k\u00f6rperlich noch psychisch gesund seien. Einige Zeilen sp\u00e4ter schreibt Baum: \u201eWas dieser Person (Sven Lehmann) anscheinend nicht bewusst ist, dass sich das Geschlecht nicht \u00e4ndern l\u00e4sst, die Opfer werden lediglich sterilisiert und verst\u00fcmmelt.\u201c<\/p>\n<p>Und als seien diese Vorw\u00fcrfe noch nicht ausreichend, holt die AfD Abgeordnete zudem auch noch explizit gegen homosexuelle Personen aus. Diesen sollte es \u2013 ihrer Meinung nach \u2013 nicht erlaubt sein, Kinder gro\u00dfzuziehen, Adoptionsforderungen von Homosexuellen seien stattdessen abzulehnen.<\/p>\n<h4>AfD fordert \u201eHomo-Propaganda\u201c Verbot<\/h4>\n<p>Aktuell versucht die AfD einmal mehr, die Rechte Homosexueller Menschen zu beschneiden. Sie m\u00f6chte ihnen nicht nur das Recht auf Ehe und Adoption absprechen, sondern plant offenbar auch, Kinder und Jugend vor queeren Menschen und Inhalten zu \u201esch\u00fctzen\u201c. \u00c4hnlich, wie die Mutter in dem Offenen Brief (s. o.), sind auch viele Parteimitglieder der Meinung, dass Kinder und Jugendliche von queeren Menschen verwirrt werden w\u00fcrden.<\/p>\n<p>Die entsprechenden Statements erinnern unter anderem auch ein wenig an die \u201e<a href=\"https:\/\/planet-randy.com\/blog\/das-dont-say-gay-gesetz-ist-durch\/\">Don\u2019t Say Gay<\/a>\u201c Gesetze in den USA und die Diskriminierung von Queers, wie sie in vielen osteurop\u00e4ischen Staaten aktuell stattfindet.<\/p>\n<p><img decoding=\"async\" class=\"alignnone size-full wp-image-11845\" src=\"https:\/\/planet-randy.com\/blog\/wp-content\/uploads\/2022\/06\/FTC8OfPXsAYGeMt.jpg\" alt=\"Christina Baum beleidigt Sven Lehmann\" width=\"1170\" height=\"649\" srcset=\"https:\/\/planet-randy.com\/blog\/wp-content\/uploads\/2022\/06\/FTC8OfPXsAYGeMt.jpg 1170w, https:\/\/planet-randy.com\/blog\/wp-content\/uploads\/2022\/06\/FTC8OfPXsAYGeMt-200x111.jpg 200w, https:\/\/planet-randy.com\/blog\/wp-content\/uploads\/2022\/06\/FTC8OfPXsAYGeMt-768x426.jpg 768w\" sizes=\"(max-width: 1170px) 100vw, 1170px\" \/><\/p>\n<h4>Der Queerbeauftragte scheint der AfD ein Dorn im Auge zu sein<\/h4>\n<p>Die AfD reagierte von Anfang an sehr empfindlich darauf, dass es nun mit Sven Lehmann einen Queerbeauftragten im Deutschen Bundestag heben sollte. Auch andere Politiker, zum Beispiel einige Abgeordnete der CDU, reagierten skeptisch.<br \/>\nDamals erkl\u00e4rte unter anderem auch Beatrix von Storch nach seiner Ernennung, dass man gegen die Pl\u00e4ne Lehmanns vorgehen wolle. Bis jetzt h\u00e4lt sich die AfD an dieses Versprechen. Gl\u00fccklicherweise l\u00e4sst sich Lehmann hiervon jedoch offenbar nicht einsch\u00fcchtern.<\/p>\n<p>&nbsp;<\/p>\n<p><a href=\"https:\/\/planet-randy.com\/blog\/amoklauf-wird-auf-die-community-abgewaelzt\/\">Schon geh\u00f6rt? Das Schulmassaker von Texas\u00a0wird auf die Community abgew\u00e4lzt!<\/a><\/p>\n","protected":false},"excerpt":{"rendered":"<p>Beleidigung im Bundestag: Christina Baum (AfD) bezeichnet Sven Lehmann als \u201ev\u00f6llig durchgeknallten homosexuellen Queerbeauftragten\u201c Im Bundestag geht es wieder heftig zur Sache. Im Zentrum stehen queerfeindliche \u00c4u\u00dferungen der AfD. Dieses Mal trifft es den Queerbeauftragten Sven Lehmann. In einem Post auf Facebook hat die Abgeordnete Christina Baum kein gutes Wort f\u00fcr ihn \u00fcbrig. Unter anderem [&hellip;]<\/p>\n","protected":false},"author":3,"featured_media":11844,"comment_status":"open","ping_status":"open","sticky":false,"template":"","format":"standard","meta":{"footnotes":""},"categories":[4],"tags":[],"class_list":["post-11837","post","type-post","status-publish","format-standard","has-post-thumbnail","hentry","category-news-aus-der-community","wp-sticky"],"_links":{"self":[{"href":"https:\/\/planet-randy.com\/blog\/wp-json\/wp\/v2\/posts\/11837","targetHints":{"allow":["GET"]}}],"collection":[{"href":"https:\/\/planet-randy.com\/blog\/wp-json\/wp\/v2\/posts"}],"about":[{"href":"https:\/\/planet-randy.com\/blog\/wp-json\/wp\/v2\/types\/post"}],"author":[{"embeddable":true,"href":"https:\/\/planet-randy.com\/blog\/wp-json\/wp\/v2\/users\/3"}],"replies":[{"embeddable":true,"href":"https:\/\/planet-randy.com\/blog\/wp-json\/wp\/v2\/comments?post=11837"}],"version-history":[{"count":1,"href":"https:\/\/planet-randy.com\/blog\/wp-json\/wp\/v2\/posts\/11837\/revisions"}],"predecessor-version":[{"id":11846,"href":"https:\/\/planet-randy.com\/blog\/wp-json\/wp\/v2\/posts\/11837\/revisions\/11846"}],"wp:featuredmedia":[{"embeddable":true,"href":"https:\/\/planet-randy.com\/blog\/wp-json\/wp\/v2\/media\/11844"}],"wp:attachment":[{"href":"https:\/\/planet-randy.com\/blog\/wp-json\/wp\/v2\/media?parent=11837"}],"wp:term":[{"taxonomy":"category","embeddable":true,"href":"https:\/\/planet-randy.com\/blog\/wp-json\/wp\/v2\/categories?post=11837"},{"taxonomy":"post_tag","embeddable":true,"href":"https:\/\/planet-randy.com\/blog\/wp-json\/wp\/v2\/tags?post=11837"}],"curies":[{"name":"wp","href":"https:\/\/api.w.org\/{rel}","templated":true}]}}