{"id":11757,"date":"2022-05-19T16:41:09","date_gmt":"2022-05-19T14:41:09","guid":{"rendered":"https:\/\/planet-randy.com\/blog\/?p=11757"},"modified":"2022-05-28T17:00:21","modified_gmt":"2022-05-28T15:00:21","slug":"der-papst-ueber-die-queere-community","status":"publish","type":"post","link":"https:\/\/planet-randy.com\/blog\/der-papst-ueber-die-queere-community\/","title":{"rendered":"Der Papst \u00fcber die queere Community"},"content":{"rendered":"<h2>Der Papst und die queere Community \u2013 vers\u00f6hnliche Worte?<\/h2>\n<p>Wer sich in der letzten Zeit ein wenig intensiver mit dem Verh\u00e4ltnis zwischen der katholischen Kirche und der Queer Community auseinandergesetzt hat, d\u00fcrfte mitbekommen haben, dass es hier immer noch \u201edie alten\u201c Spannungen zu geben scheint. Kleine Hoffnungsschimmer stellen in diesem Zusammenhang unter anderem die Segnungsgottesdienste f\u00fcr queere Paare dar, die auch von vielen Vertretern der Kirche bef\u00fcrwortet werden.<\/p>\n<p>Nun wurde der Papst in einem Interview zum Thema befragt. Einige d\u00fcrften seine j\u00fcngsten Aussagen \u00fcberrascht haben. Denn: Die T\u00f6ne, die hier angeschlagen werden, klingen fast schon \u201evers\u00f6hnlich\u201c\u2026, auch, wenn definitiv noch ein weiter Weg zu gehen ist.<\/p>\n<p><img fetchpriority=\"high\" decoding=\"async\" class=\"alignnone size-full wp-image-11758\" src=\"https:\/\/planet-randy.com\/blog\/wp-content\/uploads\/2022\/05\/papst-petersplatz-social.jpg\" alt=\"Der Papst \u00fcber die queere Community\" width=\"1080\" height=\"567\" srcset=\"https:\/\/planet-randy.com\/blog\/wp-content\/uploads\/2022\/05\/papst-petersplatz-social.jpg 1080w, https:\/\/planet-randy.com\/blog\/wp-content\/uploads\/2022\/05\/papst-petersplatz-social-200x105.jpg 200w, https:\/\/planet-randy.com\/blog\/wp-content\/uploads\/2022\/05\/papst-petersplatz-social-768x403.jpg 768w\" sizes=\"(max-width: 1080px) 100vw, 1080px\" \/><\/p>\n<h3>Papst beantwortet Fragen handschriftlich<\/h3>\n<p>Das Interview, das vielen gl\u00e4ubigen Queers durchaus ein wenig Hoffnung machen k\u00f6nnte, ist nicht lang. Genaugenommen wurden dem Oberhaupt insgesamt drei Fragen gestellt. Diese kamen von der Organisation \u201eOutreach\u201c.<br \/>\nDie Hauptbotschaft des Pontifex: Gott ist auch f\u00fcr Queers da. In einem handschriftlichen Statement erkl\u00e4rte der Papst, dass das Wichtigste, was Queers \u00fcber Gott wissen sollten, sei, dass keines \u201eseiner Kinder\u201c verleugnet werde. Stattdessen seien \u201eN\u00e4he, Barmherzigkeit und Z\u00e4rtlichkeit\u201c \u201eGottes Stil\u201c. So k\u00f6nne letztendlich auch Gott gefunden werden.<\/p>\n<h4>Viele Queers f\u00fchlen sich von der Kirche nicht akzeptiert<\/h4>\n<p>Letztendlich sind bzw. waren es auch viele \u00c4u\u00dferungen der Vergangenheit, die daf\u00fcr gesorgt haben, dass sich viele Queers von der Kirche nicht akzeptiert f\u00fchlen. Genau hiermit wurde auch der Papst im Rahmen der kleinen Fragereihe konfrontiert. Die Interviewenden wollten wissen, was der Papst jemandem entgegnen w\u00fcrde, der sich von der katholischen Glaubensgemeinschaft nicht akzeptiert f\u00fchle. Daraufhin antwortete er, dass die Kirche eine Art \u201eMutter\u201c sei, die alle ihre Kinder zusammenrufe. Eine Kirche, die hier selektieren w\u00fcrden, sei keine Kirche, sondern vielmehr eine Sekte.<\/p>\n<p>Was sich in einem Moment durchaus hoffnungsvoll anh\u00f6rt, entt\u00e4uscht \u2013 zumindest teilweise \u2013 im n\u00e4chsten Augenblick. Denn\u2026<\/p>\n<h4>Der Papst ist immer noch dagegen, queere Paare zu segnen<\/h4>\n<p>Wie auch schon im letzten Jahr, werden auch in 2022 wieder queere Paare gesegnet. Der Papst ist genau DAMIT jedoch nicht einverstanden. In der Vergangenheit lie\u00df er keine Zweifel daran, dass er sich mit dieser M\u00f6glichkeit nicht anfreunden kann.<\/p>\n<p>Seine Entscheidung, sich gegen die Segnung gleichgeschlechtlicher Paare auszusprechen, stie\u00df bei vielen Menschen auf Unverst\u00e4ndnis und l\u00f6ste Diskussionen \u2013 unter anderem in den Sozialen Netzwerken \u2013 aus.<\/p>\n<p>Queers bekamen und bekommen mittlerweile jedoch verst\u00e4rkt R\u00fcckendeckung von vielen Verantwortlichen innerhalb der katholischen Kirche. Die Forderung: Eine st\u00e4rkere \u00d6ffnung gegen\u00fcber der Queer Community und die Erkenntnis, dass sich sexuelle Orientierungen und Glaube nicht ausschlie\u00dfen m\u00fcssen.<br \/>\nWer nun jedoch dachte, dass innerhalb der verschiedenen Gemeinden klein beigegeben w\u00fcrde, der irrt. Es haben sich stattdessen viele Verantwortliche dazu entschlossen, queere Paare zu segnen und so eine ganz besondere Botschaft zu versenden.<\/p>\n<p>Dass jedoch der Papst selbst hier in Zukunft einlenken wird, ist h\u00f6chst unwahrscheinlich. Immerhin lie\u00df er in der Vergangenheit immer wieder verlauten, dass es Homosexuellen weiterhin untersagt sein solle, kirchlich zu heiraten. Die Frage \u201eWie passen das j\u00fcngste Interview und Statements wie diese zusammen?\u201c d\u00fcrfte jetzt \u2013 berechtigterweise \u2013 von vielen gestellt werden.<\/p>\n<h4>Steht die Kirche vor einer kleinen, gro\u00dfen Revolution?<\/h4>\n<p>Keine Frage: Die Wahrscheinlichkeit, dass sich \u201evon jetzt auf gleich\u201c etwas am Umgang der Kirche mit Queers \u00e4ndert, ist gering. Neue Ausrichtungen und eine 180\u00b0 Wende brauchen Zeit. Es zeigt sich jedoch auch, dass mittlerweile auch viele Bisch\u00f6fe hinter der Community stehen.<\/p>\n<p>Bleibt abzuwarten, wie der Papst mit dem Druck, der jetzt entsteht, umgehen wird. Immerhin hat er in seinen Reihen auch viele Vertreter, die am alten Status Quo festhalten wollen.<\/p>\n<p>&nbsp;<\/p>\n<p><a href=\"https:\/\/planet-randy.com\/blog\/wm-hotels-in-katar-lehnen-homosexuelle-ab\/\">Schon gewusst, dass WM-Hotels in Katar Homosexuelle ab<span style=\"font-size: 1.0625rem;\">lehnen?<\/span><\/a><\/p>\n","protected":false},"excerpt":{"rendered":"<p>Der Papst und die queere Community \u2013 vers\u00f6hnliche Worte? Wer sich in der letzten Zeit ein wenig intensiver mit dem Verh\u00e4ltnis zwischen der katholischen Kirche und der Queer Community auseinandergesetzt hat, d\u00fcrfte mitbekommen haben, dass es hier immer noch \u201edie alten\u201c Spannungen zu geben scheint. Kleine Hoffnungsschimmer stellen in diesem Zusammenhang unter anderem die Segnungsgottesdienste [&hellip;]<\/p>\n","protected":false},"author":3,"featured_media":11758,"comment_status":"open","ping_status":"open","sticky":false,"template":"","format":"standard","meta":{"footnotes":""},"categories":[4],"tags":[],"class_list":["post-11757","post","type-post","status-publish","format-standard","has-post-thumbnail","hentry","category-news-aus-der-community","wp-sticky"],"_links":{"self":[{"href":"https:\/\/planet-randy.com\/blog\/wp-json\/wp\/v2\/posts\/11757","targetHints":{"allow":["GET"]}}],"collection":[{"href":"https:\/\/planet-randy.com\/blog\/wp-json\/wp\/v2\/posts"}],"about":[{"href":"https:\/\/planet-randy.com\/blog\/wp-json\/wp\/v2\/types\/post"}],"author":[{"embeddable":true,"href":"https:\/\/planet-randy.com\/blog\/wp-json\/wp\/v2\/users\/3"}],"replies":[{"embeddable":true,"href":"https:\/\/planet-randy.com\/blog\/wp-json\/wp\/v2\/comments?post=11757"}],"version-history":[{"count":1,"href":"https:\/\/planet-randy.com\/blog\/wp-json\/wp\/v2\/posts\/11757\/revisions"}],"predecessor-version":[{"id":11759,"href":"https:\/\/planet-randy.com\/blog\/wp-json\/wp\/v2\/posts\/11757\/revisions\/11759"}],"wp:featuredmedia":[{"embeddable":true,"href":"https:\/\/planet-randy.com\/blog\/wp-json\/wp\/v2\/media\/11758"}],"wp:attachment":[{"href":"https:\/\/planet-randy.com\/blog\/wp-json\/wp\/v2\/media?parent=11757"}],"wp:term":[{"taxonomy":"category","embeddable":true,"href":"https:\/\/planet-randy.com\/blog\/wp-json\/wp\/v2\/categories?post=11757"},{"taxonomy":"post_tag","embeddable":true,"href":"https:\/\/planet-randy.com\/blog\/wp-json\/wp\/v2\/tags?post=11757"}],"curies":[{"name":"wp","href":"https:\/\/api.w.org\/{rel}","templated":true}]}}