{"id":11730,"date":"2022-05-17T07:38:42","date_gmt":"2022-05-17T05:38:42","guid":{"rendered":"https:\/\/planet-randy.com\/blog\/?p=11730"},"modified":"2022-05-17T07:38:42","modified_gmt":"2022-05-17T05:38:42","slug":"jacopo-guarnieri-setzt-ein-zeichen","status":"publish","type":"post","link":"https:\/\/planet-randy.com\/blog\/jacopo-guarnieri-setzt-ein-zeichen\/","title":{"rendered":"Jacopo Guarnieri setzt ein Zeichen"},"content":{"rendered":"<h2>Rennfahrer aus Italien setzt beim Giro d\u2019Italia ein Zeichen<\/h2>\n<p>Dass im Rahmen von Sportveranstaltungen immer wieder auf die Rechte von Queers aufmerksam gemacht wird, ist nicht neu. Unter anderem sorgten keine Geringeren als Sebastian Vettel und Lewis Hamilton im letzten Jahr daf\u00fcr, dass die Augen der Welt \u2013 zumindest f\u00fcr einen kurzen Zeitraum \u2013 auf die Regenbogenflagge gerichtet waren.<br \/>\nNun wurde auch im Radsport, genauer gesagt: beim Giro d\u2019Italia, ein besonderes Zeichen gesetzt. Hier entschied sich ein italienischer Radfahrer dazu, ein Armband in Transfarben zu tragen. Besonders interessant: der Start des Giro d\u2019Italia findet in Ungarn statt und damit in einem Land, in dem Homophobie (leider) immer noch besonders weitverbreitet ist.<\/p>\n<p><img fetchpriority=\"high\" decoding=\"async\" class=\"alignnone size-full wp-image-11732\" src=\"https:\/\/planet-randy.com\/blog\/wp-content\/uploads\/2022\/05\/3199973-65554728-2560-1440.jpg\" alt=\" Jacopo Guarnieri setzt ein Zeichen \" width=\"1200\" height=\"675\" srcset=\"https:\/\/planet-randy.com\/blog\/wp-content\/uploads\/2022\/05\/3199973-65554728-2560-1440.jpg 1200w, https:\/\/planet-randy.com\/blog\/wp-content\/uploads\/2022\/05\/3199973-65554728-2560-1440-200x113.jpg 200w, https:\/\/planet-randy.com\/blog\/wp-content\/uploads\/2022\/05\/3199973-65554728-2560-1440-768x432.jpg 768w\" sizes=\"(max-width: 1200px) 100vw, 1200px\" \/><\/p>\n<h3>Was ist der Giro d\u2019Italia?<\/h3>\n<p>Viele passionierte Radsportfans m\u00f6chten sich den Giro d\u2019Italia ebenso wenig entgehen lassen, wie die Tour de France. Jetzt war es wieder so weit! Das Rennen ist gestartet. Los ging es in Budapest, der Hauptstadt Ungarns. Die kommenden Tage d\u00fcrften f\u00fcr diejenigen, die sich f\u00fcr den Radsport begeistern k\u00f6nnen, dementsprechend spannend werden. Erst Ende Mai, genauer gesagt: am 29. Mai 2022, wird der diesj\u00e4hrige Giro d\u2019Italia beendet sein.<br \/>\nDass es viele Sportler gibt, die es sich zur Aufgabe gemacht haben, auch in der heutigen Zeit noch ein Zeichen zu setzen, zeigte unter anderem er: Jacopo Guarnieri. Er hab ein ganz besonderes Statement ab und unterstrich damit, wie wichtig es ist, auch gerade als Person, die in der \u00d6ffentlichkeit steht, Stellung zu beziehen.<\/p>\n<p><img decoding=\"async\" class=\"alignnone size-full wp-image-11731\" src=\"https:\/\/planet-randy.com\/blog\/wp-content\/uploads\/2022\/05\/800px-Giro_dItalia.svg_.png\" alt=\" Jacopo Guarnieri setzt ein Zeichen \" width=\"800\" height=\"509\" srcset=\"https:\/\/planet-randy.com\/blog\/wp-content\/uploads\/2022\/05\/800px-Giro_dItalia.svg_.png 800w, https:\/\/planet-randy.com\/blog\/wp-content\/uploads\/2022\/05\/800px-Giro_dItalia.svg_-200x127.png 200w, https:\/\/planet-randy.com\/blog\/wp-content\/uploads\/2022\/05\/800px-Giro_dItalia.svg_-768x489.png 768w\" sizes=\"(max-width: 800px) 100vw, 800px\" \/><\/p>\n<h3>Die Trans-Armbinde bleibt nicht unbemerkt<\/h3>\n<p>Es dauerte nicht lange, bis \u2013 unter anderem auf Twitter \u2013 \u00fcber die Trans-Armbinde des Radfahrers diskutiert wurde. Vor allem viele Mitglieder der Community dankten Jacopo Guarnieri daf\u00fcr, mit dieser Aktion f\u00fcr mehr Sichtbarkeit gesorgt zu haben. Interessanterweise entschied sich der Sportler nicht f\u00fcr die klassische Regenbogenfahne, sondern f\u00fcr die Transversion.<\/p>\n<p>Vielleicht auch deswegen, weil er wusste, dass diese besonders viel Aufmerksamkeit erregen k\u00f6nnte? Immerhin ist sie \u2013 gerade au\u00dferhalb der Community \u2013 bei Weitem nicht so bekannt wie der Regenbogen.<\/p>\n<p>So oder so: Die Armbinde wurde f\u00fcr viele zum Hingucker des Tages\u2026 Wahrscheinlich auch deswegen, weil der Sportler damit zeigte, wie wichtig ihm die Thematik ist?<br \/>\nEine Pressekonferenz mit pikanten Fragen<\/p>\n<p>Passend zur Armbinde ging es auch im Rahmen der PK rund um den Giro d\u2019Italia kurz um die LGBTQIA+ Community. Immerhin ist es kein Geheimnis, dass es viele Menschen in Ungarn gibt, die unter der teilweise homophoben Gesetzgebung und unter Intoleranz leiden m\u00fcssen. Ein paar Journalisten entschlossen sich, genau das anzusprechen und auf die Gesetze, die sich gegen die Queers im Land richten, aufmerksam zu machen.<\/p>\n<p>Der Veranstalter des Giro d\u2019Italia bezog jedoch nicht klar Stellung. Er erkl\u00e4rte, er sei Sportveranstalter und der Meinung, dass jeder im Sport seine pers\u00f6nlichen F\u00e4higkeiten zeigen k\u00f6nne. Hier g\u00e4be es keine Einschr\u00e4nkungen. Und genau das w\u00fcrde er sich auch vom Giro d\u2019Italia in Ungarn w\u00fcnschen.<\/p>\n<p>Ob es sich hierbei nun um eine versteckte Botschaft oder einfach nur um eine \u201ewischi-waschi\u201c-Antwort handelt, d\u00fcrfte jeder selbst bewerten.<\/p>\n<h4>Jacopo Guarnieri wird gefeiert<\/h4>\n<p>Das Statement des Radfahrers war definitiv weitaus eindeutiger. Und genau daf\u00fcr wird er heute im Internet gefeiert. Er verlor nicht viele Worte, sondern trug das Trans-Band selbstverst\u00e4ndlich. Gleichzeitig zeigte er sich auf Twitter bewegt davon, wie positiv die Reaktionen auf seine Aktion ausgefallen seien.<\/p>\n<p>Und wer wei\u00df? Der Giro d\u2019Italia dauert noch lange. Vielleicht hat der Italiener ja auch noch die ein oder andere \u00dcberraschungsbotschaft in petto? Die Community und ihre Unterst\u00fctzer w\u00fcrde es ganz sicher freuen.<\/p>\n<p>&nbsp;<\/p>\n<p><a href=\"https:\/\/planet-randy.com\/blog\/das-rainbow-europe-ranking-2022\/\">Hast du schon, dass Rainbow Europe Ranking von 2022 gesehen?<\/a><\/p>\n","protected":false},"excerpt":{"rendered":"<p>Rennfahrer aus Italien setzt beim Giro d\u2019Italia ein Zeichen Dass im Rahmen von Sportveranstaltungen immer wieder auf die Rechte von Queers aufmerksam gemacht wird, ist nicht neu. Unter anderem sorgten keine Geringeren als Sebastian Vettel und Lewis Hamilton im letzten Jahr daf\u00fcr, dass die Augen der Welt \u2013 zumindest f\u00fcr einen kurzen Zeitraum \u2013 auf [&hellip;]<\/p>\n","protected":false},"author":3,"featured_media":11732,"comment_status":"open","ping_status":"open","sticky":false,"template":"","format":"standard","meta":{"footnotes":""},"categories":[4],"tags":[],"class_list":["post-11730","post","type-post","status-publish","format-standard","has-post-thumbnail","hentry","category-news-aus-der-community","wp-sticky"],"_links":{"self":[{"href":"https:\/\/planet-randy.com\/blog\/wp-json\/wp\/v2\/posts\/11730","targetHints":{"allow":["GET"]}}],"collection":[{"href":"https:\/\/planet-randy.com\/blog\/wp-json\/wp\/v2\/posts"}],"about":[{"href":"https:\/\/planet-randy.com\/blog\/wp-json\/wp\/v2\/types\/post"}],"author":[{"embeddable":true,"href":"https:\/\/planet-randy.com\/blog\/wp-json\/wp\/v2\/users\/3"}],"replies":[{"embeddable":true,"href":"https:\/\/planet-randy.com\/blog\/wp-json\/wp\/v2\/comments?post=11730"}],"version-history":[{"count":1,"href":"https:\/\/planet-randy.com\/blog\/wp-json\/wp\/v2\/posts\/11730\/revisions"}],"predecessor-version":[{"id":11733,"href":"https:\/\/planet-randy.com\/blog\/wp-json\/wp\/v2\/posts\/11730\/revisions\/11733"}],"wp:featuredmedia":[{"embeddable":true,"href":"https:\/\/planet-randy.com\/blog\/wp-json\/wp\/v2\/media\/11732"}],"wp:attachment":[{"href":"https:\/\/planet-randy.com\/blog\/wp-json\/wp\/v2\/media?parent=11730"}],"wp:term":[{"taxonomy":"category","embeddable":true,"href":"https:\/\/planet-randy.com\/blog\/wp-json\/wp\/v2\/categories?post=11730"},{"taxonomy":"post_tag","embeddable":true,"href":"https:\/\/planet-randy.com\/blog\/wp-json\/wp\/v2\/tags?post=11730"}],"curies":[{"name":"wp","href":"https:\/\/api.w.org\/{rel}","templated":true}]}}