{"id":11612,"date":"2022-04-28T14:13:38","date_gmt":"2022-04-28T12:13:38","guid":{"rendered":"https:\/\/planet-randy.com\/blog\/?p=11612"},"modified":"2022-04-30T22:09:20","modified_gmt":"2022-04-30T20:09:20","slug":"die-neue-begruessung-bei-der-tagesschau","status":"publish","type":"post","link":"https:\/\/planet-randy.com\/blog\/die-neue-begruessung-bei-der-tagesschau\/","title":{"rendered":"Die neue Begr\u00fc\u00dfung bei der Tagesschau"},"content":{"rendered":"<h2>Begr\u00fc\u00dfung bei der Tagesschau l\u00f6st Diskussionen aus<\/h2>\n<p>Ein einfacher Satz sorgt aktuell f\u00fcr gro\u00dfe Aufregung in der Medienwelt und jeder hat \u2013 zumindest gef\u00fchlt \u2013 etwas zur Thematik beizutragen. Der Stein des Ansto\u00dfes ist die neue Begr\u00fc\u00dfung bei der Tagesschau. Seit der Erstausstrahlung im Jahre 1952 wurde das Publikum mit den Worten: \u201eGuten Abend, meine Damen und Herren, ich begr\u00fc\u00dfe Sie zur Tagesschau.\u201c Verbal in Empfang genommen.<\/p>\n<p>Nun begr\u00fc\u00dfte der Chefsprecher der ARD-Nachrichtensendung, Jens Riewa, das Publikum mit einem einfachen: \u201eGuten Abend und willkommen zur Tagesschau.\u201c Dieser einfache Satz ist nun der Ausl\u00f6ser f\u00fcr hitzige Diskussionen im Internet.<\/p>\n<p><img fetchpriority=\"high\" decoding=\"async\" class=\"alignnone size-full wp-image-11613\" src=\"https:\/\/planet-randy.com\/blog\/wp-content\/uploads\/2022\/04\/tslogo-101__v-original.jpg\" alt=\"Die neue Begr\u00fc\u00dfung bei der Tagesschau\" width=\"1920\" height=\"1080\" srcset=\"https:\/\/planet-randy.com\/blog\/wp-content\/uploads\/2022\/04\/tslogo-101__v-original.jpg 1920w, https:\/\/planet-randy.com\/blog\/wp-content\/uploads\/2022\/04\/tslogo-101__v-original-200x113.jpg 200w, https:\/\/planet-randy.com\/blog\/wp-content\/uploads\/2022\/04\/tslogo-101__v-original-1200x675.jpg 1200w, https:\/\/planet-randy.com\/blog\/wp-content\/uploads\/2022\/04\/tslogo-101__v-original-768x432.jpg 768w, https:\/\/planet-randy.com\/blog\/wp-content\/uploads\/2022\/04\/tslogo-101__v-original-1536x864.jpg 1536w\" sizes=\"(max-width: 1920px) 100vw, 1920px\" \/><\/p>\n<h3>Emp\u00f6rung und Begeisterung \u2013 es ist sichtlich schwer, alle zufriedenzustellen<\/h3>\n<p>\u00dcber kaum ein Thema wird aktuell so viel (und so leidenschaftlich) diskutiert, wie \u00fcber das Gendern. W\u00e4hrend der Wechsel auf die geschlechtsneutrale Ansprache vor allem von vielen Mitgliedern der LGBTQI+ Community unterst\u00fctzt wird, gibt es mindestens genauso viele, die sich mit der sprachlichen Neuerung absolut nicht anfreunden k\u00f6nnen. Unter den knapp 11,7 Millionen Zuschauern, welche die Tagesschau fast t\u00e4glich ansehen, gibt es Anh\u00e4nger beider Sichtweisen. Genau das zeigt sich auch an den Kommentaren in den Sozialen Netzwerken.<\/p>\n<p>Wer Lust darauf hat, sich einen genaueren Einblick zu verschaffen, sollte unter anderem auf Twitter vorbeischauen. Hier l\u00e4sst sich das breite Spektrum an Meinungen besonders gut beobachten. Die einen bef\u00fcrworten die neue Begr\u00fc\u00dfung und heben die \u201esprachlich elegante L\u00f6sung\u201c hervor. Einige Kritiker sprechen in diesem Zusammenhang unter anderem auch von Gender-Mainstream\u2026 Eine Bezeichnung, die hinter der neuen Art zu sprechen und hinter dem, was sich damit verbinden l\u00e4sst, nur einen Trend sehen.<\/p>\n<p>Besonders spannend ist es in diesem Zusammenhang, dass die neue Begr\u00fc\u00dfung f\u00fcr die meisten ziemlich \u00fcberraschend gekommen sein d\u00fcrfte. Eine gr\u00f6\u00dfere Ank\u00fcndigung o. \u00e4. zu dem Thema gab es nicht.<\/p>\n<h3>Ob gegendert wird oder nicht, entscheiden die Redaktionen f\u00fcr sich selbst<\/h3>\n<p>Die ARD und das ZDF lassen die einzelnen Redaktionen selbst dar\u00fcber entscheiden, ob sie eine genderneutrale Schrei- bzw. Sprechweise nutzen oder nicht. In den sozialen Medien, wie beispielsweise auf Instagram, hat die ARD schon l\u00e4ngst mit genderneutralen Formulierungen begonnen. Das j\u00fcngste Beispiel zeigt, dass das Ganze nun auch auf das TV \u00fcbertragen wird \u2013 zumindest teilweise.<\/p>\n<p>Durch die Neuerung hat die Tagesschau einen weiteren, wichtigen Schritt in Richtung Gleichberechtigung getan. Nun d\u00fcrften sich noch mehr Zuschauer, beispielsweise auch non-bin\u00e4re Personen, angesprochen f\u00fchlen. Was f\u00fcr die einen eine \u201eKleinigkeit\u201c ist, ist f\u00fcr die anderen mit einem hohen Ma\u00df an Toleranz verbunden.<\/p>\n<h4>Was denken die Deutschen zum Thema Gendern?<\/h4>\n<p>Wie bereits angedeutet: Wer aktuell Lust auf lebhafte Diskussionen mit viel Leidenschaft und Emotionen hat, muss den Fokus im Gespr\u00e4ch mit Freunden und Bekannten eigentlich nur auf das Thema \u201eGendern\u201c richten.<br \/>\nDie verschiedenen Meinungen stehen einander oft direkt gegen\u00fcber \u2013 und k\u00f6nnten stellenweise nicht weiter voneinander entfernt sein: W\u00e4hrend die einen im Gendern eine tolle M\u00f6glichkeit sehen, m\u00f6glichst niemanden auszuschlie\u00dfen, bef\u00fcrchten die anderen, dass die deutsche Sprache verunstaltet wird.<\/p>\n<p>Einigen Umfragen zufolge ist es jedoch vielen Menschen schlicht \u201eegal\u201c, ob gegendert wird oder nicht. Dies zeigte sich auch im Rahmen einer Forsa Umfrage, die im Auftrag von RTL durchgef\u00fchrt und im Sommer 2021 ver\u00f6ffentlicht wurde. Hieraus ergab sich, dass ein Gro\u00dfteil der Befragten das Gendern entweder als \u201eunwichtig\u201c oder sogar als \u201est\u00f6rend\u201c (vor allem in den Medien) empfand.<\/p>\n<p>In Zahlen ausgedr\u00fcckt, bedeutet dies: Zum Umfragezeitpunkt wussten knapp 90 Prozent der Befragten, was es generell mit dem Gendern auf sich hat. Etwas mehr als 80 Prozent konnten sich mit der neuen Art des Sprechens nicht anfreunden. Mehr als die H\u00e4lfte empfanden das ber\u00fchmte \u201eSternchen\u201c als \u201egar nicht wichtig\u201c.<br \/>\nAn dieser Stelle zeigte sich jedoch auch eine Art Generationenkonflikt. Denn: J\u00fcngere Befragte standen dem Thema weitaus aufgeschlossener gegen\u00fcber als \u00e4ltere.<\/p>\n<p>&nbsp;<\/p>\n<p><a href=\"https:\/\/planet-randy.com\/blog\/jen-psaki-kritisiert-die-republikaner\/\">Hast du schon geh\u00f6rt, dass\u00a0Jen Psaki die Republikaner kritisiert?<\/a><\/p>\n","protected":false},"excerpt":{"rendered":"<p>Begr\u00fc\u00dfung bei der Tagesschau l\u00f6st Diskussionen aus Ein einfacher Satz sorgt aktuell f\u00fcr gro\u00dfe Aufregung in der Medienwelt und jeder hat \u2013 zumindest gef\u00fchlt \u2013 etwas zur Thematik beizutragen. Der Stein des Ansto\u00dfes ist die neue Begr\u00fc\u00dfung bei der Tagesschau. Seit der Erstausstrahlung im Jahre 1952 wurde das Publikum mit den Worten: \u201eGuten Abend, meine [&hellip;]<\/p>\n","protected":false},"author":3,"featured_media":11613,"comment_status":"open","ping_status":"open","sticky":false,"template":"","format":"standard","meta":{"footnotes":""},"categories":[4],"tags":[],"class_list":["post-11612","post","type-post","status-publish","format-standard","has-post-thumbnail","hentry","category-news-aus-der-community","wp-sticky"],"_links":{"self":[{"href":"https:\/\/planet-randy.com\/blog\/wp-json\/wp\/v2\/posts\/11612","targetHints":{"allow":["GET"]}}],"collection":[{"href":"https:\/\/planet-randy.com\/blog\/wp-json\/wp\/v2\/posts"}],"about":[{"href":"https:\/\/planet-randy.com\/blog\/wp-json\/wp\/v2\/types\/post"}],"author":[{"embeddable":true,"href":"https:\/\/planet-randy.com\/blog\/wp-json\/wp\/v2\/users\/3"}],"replies":[{"embeddable":true,"href":"https:\/\/planet-randy.com\/blog\/wp-json\/wp\/v2\/comments?post=11612"}],"version-history":[{"count":1,"href":"https:\/\/planet-randy.com\/blog\/wp-json\/wp\/v2\/posts\/11612\/revisions"}],"predecessor-version":[{"id":11615,"href":"https:\/\/planet-randy.com\/blog\/wp-json\/wp\/v2\/posts\/11612\/revisions\/11615"}],"wp:featuredmedia":[{"embeddable":true,"href":"https:\/\/planet-randy.com\/blog\/wp-json\/wp\/v2\/media\/11613"}],"wp:attachment":[{"href":"https:\/\/planet-randy.com\/blog\/wp-json\/wp\/v2\/media?parent=11612"}],"wp:term":[{"taxonomy":"category","embeddable":true,"href":"https:\/\/planet-randy.com\/blog\/wp-json\/wp\/v2\/categories?post=11612"},{"taxonomy":"post_tag","embeddable":true,"href":"https:\/\/planet-randy.com\/blog\/wp-json\/wp\/v2\/tags?post=11612"}],"curies":[{"name":"wp","href":"https:\/\/api.w.org\/{rel}","templated":true}]}}