{"id":11448,"date":"2022-04-07T12:44:07","date_gmt":"2022-04-07T10:44:07","guid":{"rendered":"https:\/\/planet-randy.com\/blog\/?p=11448"},"modified":"2022-04-10T21:54:33","modified_gmt":"2022-04-10T19:54:33","slug":"emeli-sande-hat-sich-neu-verliebt","status":"publish","type":"post","link":"https:\/\/planet-randy.com\/blog\/emeli-sande-hat-sich-neu-verliebt\/","title":{"rendered":"Emeli Sand\u00e9 hat sich neu verliebt"},"content":{"rendered":"<h2>Die S\u00e4ngerin Emeli Sand\u00e9 hat sich in eine Frau verliebt<\/h2>\n<p>Die schottische Soul- und R&amp;B-S\u00e4ngerin Emeli Sand\u00e9 hat eine turbulente Zeit hinter sich. Ihre Karriere feierte in der Vergangenheit einen Erfolg nach dem anderen.<br \/>\nIm Privatleben sah es jedoch \u00fcber einen langen Zeitraum hinweg nicht so gut aus. Nach ihrer Scheidung im Jahre 2014 litt die Singer- und Songwriterin unter Depressionen und hatte es schwer, sich neu aufzuraffen.<\/p>\n<p>Selbst ihre Karriere als Musikerin war akut bedroht. Vor etwa drei Jahren hatte sie unter anderem Angst davor, dass ihre Karriere zu steil nach oben gegangen sei und dass es eine logische Schlussfolgerung sei, dass der \u201egro\u00dfe Erfolg\u201c nicht dauerhaft gehalten werden k\u00f6nnte.<br \/>\nNun k\u00f6nnen jedoch ihre Fans (und nat\u00fcrlich auch Emeli Sand\u00e9 selbst) aber aufatmen. Denn: Es hat den Anschein, als habe die K\u00fcnstlerin ihre schlimmste Phase \u00fcberwunden.<\/p>\n<p>Und eine weitere <a href=\"https:\/\/planet-randy.com\/blog\/news\/\">News<\/a> macht aktuell die Runde: Die 35-j\u00e4hrige S\u00e4ngerin soll sich verliebt haben\u2026 Dieses Mal in eine Frau. Genau \u00fcber dieses Thema hat sie mit der britischen Zeitschrift \u201eMetro\u201c gesprochen.<\/p>\n<p><img fetchpriority=\"high\" decoding=\"async\" class=\"alignnone size-full wp-image-11449\" src=\"https:\/\/planet-randy.com\/blog\/wp-content\/uploads\/2022\/04\/Emeli-Sande-hat-sich-neu-verliebt.jpg\" alt=\"Emeli Sand\u00e9 hat sich neu verliebt\" width=\"2560\" height=\"1440\" srcset=\"https:\/\/planet-randy.com\/blog\/wp-content\/uploads\/2022\/04\/Emeli-Sande-hat-sich-neu-verliebt.jpg 2560w, https:\/\/planet-randy.com\/blog\/wp-content\/uploads\/2022\/04\/Emeli-Sande-hat-sich-neu-verliebt-200x113.jpg 200w, https:\/\/planet-randy.com\/blog\/wp-content\/uploads\/2022\/04\/Emeli-Sande-hat-sich-neu-verliebt-1200x675.jpg 1200w, https:\/\/planet-randy.com\/blog\/wp-content\/uploads\/2022\/04\/Emeli-Sande-hat-sich-neu-verliebt-768x432.jpg 768w, https:\/\/planet-randy.com\/blog\/wp-content\/uploads\/2022\/04\/Emeli-Sande-hat-sich-neu-verliebt-1536x864.jpg 1536w, https:\/\/planet-randy.com\/blog\/wp-content\/uploads\/2022\/04\/Emeli-Sande-hat-sich-neu-verliebt-2048x1152.jpg 2048w\" sizes=\"(max-width: 2560px) 100vw, 2560px\" \/><\/p>\n<h3>Wer hat Emeli Sand\u00e9s Herz erobert?<\/h3>\n<p>Hierbei handelt es sich um eine Frage, die naheliegt: Wer ist denn eigentlich die Neue im Leben von Emeli Sand\u00e9? Beide scheint unter anderem auch die Liebe zur Musik und zur Kunst miteinander zu verbinden. Denn: Die Frau an ihrer Seite ist eine klassische Pianistin, der Sand\u00e9 einst Unterricht gab. Die Leidenschaft zur Musik brachte die beiden Frauen einander n\u00e4her und schlie\u00dflich verliebten sie sich (offensichtlich) ineinander.<\/p>\n<p>Sand\u00e9 war lange Single. Jetzt scheint es endlich wieder gefunkt zu haben. Im Interview betonte sie, gl\u00fccklicher zu sein, als je zuvor. Dennoch d\u00fcrfte es auch ein wenig Zeit brauchen, um die entsprechenden Gef\u00fchle einzuordnen. Sicherlich stellt nicht nur sie sich die Frage, ob sie sich mit der Best\u00e4tigung ihrer Beziehung nun offiziell geoutet hat.<\/p>\n<p>Emeli Sand\u00e9 ist sich nicht wirklich sicher, von welcher sexuellen Orientierung sie sprechen sollte<br \/>\nManchmal scheint es dann eben doch wichtig zu sein, zun\u00e4chst einfach nur zu genie\u00dfen und sich dann Gedanken \u00fcber die Details zu machen. Denn: Emeli ist sich laut eigener Aussage noch nicht sicher, ob sie sich mit ihrer Beziehung zu einer Frau auch gleichzeitig ganz offiziell als bisexuell outet. Sie habe kein Problem damit, wenn sie von anderen nun so gesehen werde, aber sie zeigt vielmehr, dass sie sich offenbar in keine Schublade stecken lassen m\u00f6chte. Vielmehr verliebe sie sich in den Menschen, in den sie sich eben verliebe.<\/p>\n<p>Fans, die also auf ein ganz offizielles \u201eJa, ich bin bisexuell!\u201c gewartet haben, m\u00fcssen sich eventuell noch ein wenig gedulden. Vielleicht kommt es auch nie dazu. Das Wichtigste ist jedoch, dass sie und ihre Partnerin gl\u00fccklich sind. Manchmal braucht das \u201eKind\u201c dann eben doch keinen Namen.<\/p>\n<h4>Immer mehr Stars outen sich als queer<\/h4>\n<p>Seit einiger Zeit scheint auch in der Showbranche eine Art Umdenken stattzufinden. Denn: Immer weniger K\u00fcnstler haben Angst davor, zu sich selbst zu stehen. Egal, ob schwul, lesbisch, bi, non-bin\u00e4r oder, oder, oder: Immer wieder finden sich Berichte in den Medien, aus denen hervorgeht, dass es offenbar (und gl\u00fccklicherweise) in den allermeisten F\u00e4llen nicht schadet, wenn sich ein Mensch zu sich selbst bekennt. Die entsprechenden Botschaften werden vor allem oft in den sozialen Netzwerken gefeiert.<\/p>\n<p>Die Zur\u00fcckhaltung vom Emeli Sand\u00e9 d\u00fcrfte jedoch nichts mit Unsicherheit zu tun haben, sondern vielmehr mit einem Menschen, der gerade dabei ist, sein Liebesgl\u00fcck auf besondere Weise zu genie\u00dfen.<\/p>\n<p>&nbsp;<\/p>\n<p><a href=\"https:\/\/planet-randy.com\/blog\/ist-homophobie-eine-menschenrechtsverletzung\/\">Hast du dich auch schon gefragt, ob Homophobie eine Menschenrechtsverletzung ist?<\/a><\/p>\n","protected":false},"excerpt":{"rendered":"<p>Die S\u00e4ngerin Emeli Sand\u00e9 hat sich in eine Frau verliebt Die schottische Soul- und R&amp;B-S\u00e4ngerin Emeli Sand\u00e9 hat eine turbulente Zeit hinter sich. Ihre Karriere feierte in der Vergangenheit einen Erfolg nach dem anderen. Im Privatleben sah es jedoch \u00fcber einen langen Zeitraum hinweg nicht so gut aus. Nach ihrer Scheidung im Jahre 2014 litt [&hellip;]<\/p>\n","protected":false},"author":3,"featured_media":11449,"comment_status":"open","ping_status":"open","sticky":false,"template":"","format":"standard","meta":{"footnotes":""},"categories":[4],"tags":[],"class_list":["post-11448","post","type-post","status-publish","format-standard","has-post-thumbnail","hentry","category-news-aus-der-community","wp-sticky"],"_links":{"self":[{"href":"https:\/\/planet-randy.com\/blog\/wp-json\/wp\/v2\/posts\/11448","targetHints":{"allow":["GET"]}}],"collection":[{"href":"https:\/\/planet-randy.com\/blog\/wp-json\/wp\/v2\/posts"}],"about":[{"href":"https:\/\/planet-randy.com\/blog\/wp-json\/wp\/v2\/types\/post"}],"author":[{"embeddable":true,"href":"https:\/\/planet-randy.com\/blog\/wp-json\/wp\/v2\/users\/3"}],"replies":[{"embeddable":true,"href":"https:\/\/planet-randy.com\/blog\/wp-json\/wp\/v2\/comments?post=11448"}],"version-history":[{"count":2,"href":"https:\/\/planet-randy.com\/blog\/wp-json\/wp\/v2\/posts\/11448\/revisions"}],"predecessor-version":[{"id":12884,"href":"https:\/\/planet-randy.com\/blog\/wp-json\/wp\/v2\/posts\/11448\/revisions\/12884"}],"wp:featuredmedia":[{"embeddable":true,"href":"https:\/\/planet-randy.com\/blog\/wp-json\/wp\/v2\/media\/11449"}],"wp:attachment":[{"href":"https:\/\/planet-randy.com\/blog\/wp-json\/wp\/v2\/media?parent=11448"}],"wp:term":[{"taxonomy":"category","embeddable":true,"href":"https:\/\/planet-randy.com\/blog\/wp-json\/wp\/v2\/categories?post=11448"},{"taxonomy":"post_tag","embeddable":true,"href":"https:\/\/planet-randy.com\/blog\/wp-json\/wp\/v2\/tags?post=11448"}],"curies":[{"name":"wp","href":"https:\/\/api.w.org\/{rel}","templated":true}]}}