{"id":11410,"date":"2022-04-03T00:52:19","date_gmt":"2022-04-02T22:52:19","guid":{"rendered":"https:\/\/planet-randy.com\/blog\/?p=11410"},"modified":"2022-04-04T01:00:29","modified_gmt":"2022-04-03T23:00:29","slug":"bischof-zu-homofreundlich","status":"publish","type":"post","link":"https:\/\/planet-randy.com\/blog\/bischof-zu-homofreundlich\/","title":{"rendered":"Bischof zu homofreundlich?"},"content":{"rendered":"<h2>Der Kardinal fordert Strafe f\u00fcr einen <span style=\"font-size: 1.0625rem;\">zu homofreundlichen <\/span><span style=\"font-size: 1.0625rem;\">Bischof\u00a0<\/span><span style=\"font-size: 1.0625rem;\">\u00a0<\/span><\/h2>\n<p>Gerade noch gab es Hoffnung, dass die katholische Kirche sich vielleicht doch endlich von ihren alten Prinzipien l\u00f6sen k\u00f6nnte. Einer, auf den in diesem Zusammenhang gro\u00dfe Hoffnungen gesetzt wurden, ist Bischof Georg B\u00e4tzing.<\/p>\n<p>Der Vorsitzende der Deutschen Bischofkonferenz ist der Meinung, dass es Zeit ist, auch gleichgeschlechtliche Ehen zu schlie\u00dfen. Was f\u00fcr Freude bei den einen sorgt, st\u00f6\u00dft auf Unverst\u00e4ndnis und Emp\u00f6rung bei den anderen. So auch bei Kardinal George Pell, er verlangt, dass die positiven, homofreundlichen \u00c4u\u00dferungen des Bischofs weitgehende Konsequenzen mit sich bringen sollen.<\/p>\n<p><img fetchpriority=\"high\" decoding=\"async\" class=\"alignnone size-full wp-image-11412\" src=\"https:\/\/planet-randy.com\/blog\/wp-content\/uploads\/2022\/04\/static5.evangelisch.jpg\" alt=\"Bischof zu homofreundlich?\" width=\"1100\" height=\"619\" srcset=\"https:\/\/planet-randy.com\/blog\/wp-content\/uploads\/2022\/04\/static5.evangelisch.jpg 1100w, https:\/\/planet-randy.com\/blog\/wp-content\/uploads\/2022\/04\/static5.evangelisch-200x113.jpg 200w, https:\/\/planet-randy.com\/blog\/wp-content\/uploads\/2022\/04\/static5.evangelisch-768x432.jpg 768w\" sizes=\"(max-width: 1100px) 100vw, 1100px\" \/><\/p>\n<h3>Kardinal Pell fordert Hilfe vom Vatikan<\/h3>\n<p>Die \u00c4u\u00dferungen des Bischofs Georg B\u00e4tzing sto\u00dfen Kardinal Pell sauer auf. Genau deswegen hat der Ex- Vatikankardinal Hilfe vom Vatikan angefordert. Dieser solle sich darum k\u00fcmmern, dass die Aussagen des Vorsitzenden der Deutschen Bischofskonferenz bestraft werden m\u00fcssen. Immerhin lie\u00dfen sich die Aussagen nicht mit den Normen und Wertevorstellung der katholischen Lehre vereinbaren.<\/p>\n<p>Stattdessen handele es sich hierbei um eine \u201eIrrlehre\u201c, welche auf jeden Fall unterbunden werden m\u00fcsse. Er verweist darauf, dass die Einhaltung der Zehn Gebote die einzige Lehre sei, welche die katholische Kirche vermitteln sollte. Ein Umdenken bzw. eine neue Definition seien nicht erw\u00fcnscht.<\/p>\n<h4>Bischof B\u00e4tzing fordert die Segnung gleichgeschlechtlicher Ehen<\/h4>\n<p>Bischof B\u00e4tzing fordert hingegen eine Gleichstellung homosexueller Paare in der Kirche. Sie sollen ebenso das Sakrament der Ehe erhalten, wie heterosexuelle Paare. Zudem setzt er sich f\u00fcr eine \u00c4nderung im katholischen Arbeitsrecht ein. K\u00fcndigungen, die rein aufgrund der sexuellen Orientierung ausgesprochen werden, sollen damit nichtig sein. Wie lange es noch dauern bzw. ob es \u00fcberhaupt irgendwann einmal m\u00f6glich sein wird, dass homosexuelle Priester ganz offiziell Messen halten, bleibt abzuwarten.<\/p>\n<p>B\u00e4tzing ist jedenfalls der Meinung, dass es an der Zeit sei, auf die Menschen zuzugehen und dies unter anderem darin zu zeigen, dass es vollkommen legitim ist, dass Menschen gleichen Geschlechts heiraten. Dies sind jedoch nicht die einzigen \u00c4nderungen, die er sich f\u00fcr die katholische Kirche w\u00fcnscht.<\/p>\n<p>Deiner Meinung nach soll das Priesteramt beispielsweise von M\u00e4nnern UND Frauen gef\u00fchrt werden d\u00fcrfen. Immerhin g\u00e4be es f\u00fcr eine andere Regelung ohnehin keine rechtliche Grundlage mehr. (<em>Anmerkung: In der evangelischen Kirche sind Priesterinnen schon lange erlaubt und kein Thema mehr, \u00fcber das gro\u00df gesprochen werden w\u00fcrde.<\/em>)<\/p>\n<p><img decoding=\"async\" class=\"alignnone size-full wp-image-11411\" src=\"https:\/\/planet-randy.com\/blog\/wp-content\/uploads\/2022\/04\/Pell-frei1130.jpg\" alt=\"Bischof zu homofreundlich?\" width=\"1130\" height=\"635\" srcset=\"https:\/\/planet-randy.com\/blog\/wp-content\/uploads\/2022\/04\/Pell-frei1130.jpg 1130w, https:\/\/planet-randy.com\/blog\/wp-content\/uploads\/2022\/04\/Pell-frei1130-200x112.jpg 200w, https:\/\/planet-randy.com\/blog\/wp-content\/uploads\/2022\/04\/Pell-frei1130-768x432.jpg 768w\" sizes=\"(max-width: 1130px) 100vw, 1130px\" \/><\/p>\n<h4>Auch im Fokus: Kardinal Pells kritische \u00c4u\u00dferungen und ein Missbrauchsskandal<\/h4>\n<p>Es ist nicht das erste Mal, dass Kardinal Pells bei vielen Mitgliedern der Community f\u00fcr Kopfsch\u00fctteln sorgt. Unter anderem bezeichnete er Schwule auch schon als eine Gesundheitsgefahr.<\/p>\n<p>Die homophoben \u00c4u\u00dferungen Pells haben schon \u00f6fters f\u00fcr Schlagzeilen gesorgt, doch ein weitaus gr\u00f6\u00dferer Skandal drehte sich um einen noch schlimmeren Vorwurf. So soll er mehrere Jungen sexuell missbraucht haben. Von den sechs Jahren Haft, zu denen er verurteil wurde, sa\u00df er jedoch lediglich ein Jahr ab.<\/p>\n<h4>Wie geht es weiter?<\/h4>\n<p>Schwer zu sagen. Auf der einen Seite der Hoffnungsschimmer in Form von Bischof B\u00e4tzing, der sich traut, neue Wege zu gehen. Auf der anderen Seite ein katholischer Kirchenvertreter, der bereits offiziell Beschwerde beim Vatikan eingelegt hat.<\/p>\n<p>Viele Mitglieder der Community sind sich einig: Es w\u00e4re schade zu sehen, dass ein aufgeschlossener Geistlicher der katholischen Kirche sein Amt verlieren w\u00fcrde, weil er sich Menschen gegen\u00fcber \u00f6ffnet. Ein solcher R\u00fcckschritt w\u00fcrde sicherlich zahlreiche Gl\u00e4ubige schockieren und daf\u00fcr sorgen, dass sich noch mehr Menschen von der Institution (, aber sicherlich nicht von ihrem Glauben) abwenden d\u00fcrften.<\/p>\n<p>&nbsp;<\/p>\n<p><a href=\"https:\/\/planet-randy.com\/blog\/italiens-erste-non-binaere-person\/\">Endlich gibt es\u00a0Italiens erste \u201cNon Bin\u00e4re\u201d Person<\/a><\/p>\n","protected":false},"excerpt":{"rendered":"<p>Der Kardinal fordert Strafe f\u00fcr einen zu homofreundlichen Bischof\u00a0\u00a0 Gerade noch gab es Hoffnung, dass die katholische Kirche sich vielleicht doch endlich von ihren alten Prinzipien l\u00f6sen k\u00f6nnte. Einer, auf den in diesem Zusammenhang gro\u00dfe Hoffnungen gesetzt wurden, ist Bischof Georg B\u00e4tzing. Der Vorsitzende der Deutschen Bischofkonferenz ist der Meinung, dass es Zeit ist, auch [&hellip;]<\/p>\n","protected":false},"author":3,"featured_media":11412,"comment_status":"open","ping_status":"open","sticky":false,"template":"","format":"standard","meta":{"footnotes":""},"categories":[4],"tags":[],"class_list":["post-11410","post","type-post","status-publish","format-standard","has-post-thumbnail","hentry","category-news-aus-der-community","wp-sticky"],"_links":{"self":[{"href":"https:\/\/planet-randy.com\/blog\/wp-json\/wp\/v2\/posts\/11410","targetHints":{"allow":["GET"]}}],"collection":[{"href":"https:\/\/planet-randy.com\/blog\/wp-json\/wp\/v2\/posts"}],"about":[{"href":"https:\/\/planet-randy.com\/blog\/wp-json\/wp\/v2\/types\/post"}],"author":[{"embeddable":true,"href":"https:\/\/planet-randy.com\/blog\/wp-json\/wp\/v2\/users\/3"}],"replies":[{"embeddable":true,"href":"https:\/\/planet-randy.com\/blog\/wp-json\/wp\/v2\/comments?post=11410"}],"version-history":[{"count":1,"href":"https:\/\/planet-randy.com\/blog\/wp-json\/wp\/v2\/posts\/11410\/revisions"}],"predecessor-version":[{"id":11413,"href":"https:\/\/planet-randy.com\/blog\/wp-json\/wp\/v2\/posts\/11410\/revisions\/11413"}],"wp:featuredmedia":[{"embeddable":true,"href":"https:\/\/planet-randy.com\/blog\/wp-json\/wp\/v2\/media\/11412"}],"wp:attachment":[{"href":"https:\/\/planet-randy.com\/blog\/wp-json\/wp\/v2\/media?parent=11410"}],"wp:term":[{"taxonomy":"category","embeddable":true,"href":"https:\/\/planet-randy.com\/blog\/wp-json\/wp\/v2\/categories?post=11410"},{"taxonomy":"post_tag","embeddable":true,"href":"https:\/\/planet-randy.com\/blog\/wp-json\/wp\/v2\/tags?post=11410"}],"curies":[{"name":"wp","href":"https:\/\/api.w.org\/{rel}","templated":true}]}}