{"id":10946,"date":"2022-02-12T13:28:58","date_gmt":"2022-02-12T12:28:58","guid":{"rendered":"https:\/\/planet-randy.com\/blog\/?p=10946"},"modified":"2022-02-13T13:44:26","modified_gmt":"2022-02-13T12:44:26","slug":"emma-kohler","status":"publish","type":"post","link":"https:\/\/planet-randy.com\/blog\/emma-kohler\/","title":{"rendered":"Emma Kohler gegen das \u201eTranssexuellengesetz\u201c"},"content":{"rendered":"<h2 class=\"western\">Die Aktivistin Emma Kohler fordert die Abschaffung des \u201eTranssexuellengesetzes\u201c<\/h2>\n<p>In Deutschland leben die Menschen selbstbestimmt und m\u00fcssen hierbei keinerlei Nachteile bef\u00fcrchten,\u2026 Oder etwa doch? Wer einen Blick auf die Rechte von Queers wirft, st\u00f6\u00dft oft unweigerlich auf Baustellen. Der Satz \u201e<em>Was wollt ihr denn noch? Ihr habt doch schon alles?<\/em>\u201c \u2013 der unter anderem oft in Sozialen Netzwerken die Runde macht, ist dementsprechend nicht nur anma\u00dfend, sondern schlicht falsch.<\/p>\n<p>Homosexuelle M\u00e4nner d\u00fcrfen in vielen L\u00e4ndern bis heute nur unter gewissen Auflagen Blut spenden und auch transsexuelle Menschen m\u00fcssen einige H\u00fcrden \u00fcberstehen, ehe ihre Sexualit\u00e4t staatlich anerkannt wird.<\/p>\n<p>Immer mehr Stimmen werden gegen diese Ungerechtigkeit laut. Eine von ihnen geh\u00f6rt zur 17-j\u00e4hrigen Emma Kohler. Sie geh\u00f6rt zu den vielen transsexuellen Menschen, die unter den Bestimmungen des TSG (\u201e<em>Transsexuellengesetz<\/em>\u201c) leiden. De entsprechenden Vorgaben sind mehrere Jahrzehnte alt und erlauben es beispielsweise nicht ohne Weiteres, den eigenen Personenstand zu \u00e4ndern, wenn die geschlechtsangleichende Operation noch nicht durchgef\u00fchrt wurde. (Erg\u00e4nzend sei hier erw\u00e4hnt, dass der Name jedoch ge\u00e4ndert werden kann.)<\/p>\n<p>Emma Kohlers Petition st\u00f6\u00dft auf reges Interesse. Bisher (Stand: 11.02.2022) haben mehr als 77.000 Menschen auf change.org unterschrieben. Der Zusatz \u201e<em>Bei 150.000 Unterschriften wird diese Petition zu einer der meist gezeichneten Petitionen auf <a href=\"https:\/\/www.change.org\/\" rel=\"noopener\">Change.org<\/a>!<\/em>\u201c d\u00fcrfte zus\u00e4tzlich motivieren und zeigen, wie vielseitig das Interesse der Menschen an einer Ver\u00e4nderung des Status Quo ist.<\/p>\n<p><img fetchpriority=\"high\" decoding=\"async\" class=\"alignnone size-full wp-image-10948\" src=\"https:\/\/planet-randy.com\/blog\/wp-content\/uploads\/2022\/02\/Emma-Kohler-gegen-das-\u201eTranssexuellengesetz-2.jpg\" alt=\"Emma Kohler gegen das \u201eTranssexuellengesetz\u201c\" width=\"948\" height=\"474\" srcset=\"https:\/\/planet-randy.com\/blog\/wp-content\/uploads\/2022\/02\/Emma-Kohler-gegen-das-\u201eTranssexuellengesetz-2.jpg 948w, https:\/\/planet-randy.com\/blog\/wp-content\/uploads\/2022\/02\/Emma-Kohler-gegen-das-\u201eTranssexuellengesetz-2-200x100.jpg 200w, https:\/\/planet-randy.com\/blog\/wp-content\/uploads\/2022\/02\/Emma-Kohler-gegen-das-\u201eTranssexuellengesetz-2-768x384.jpg 768w\" sizes=\"(max-width: 948px) 100vw, 948px\" \/><\/p>\n<h3 class=\"western\">Was ist am Transsexuellengesetz eigentlich so \u201eschlimm\u201c?<\/h3>\n<p>Hierbei handelt es sich um eine Frage, die sich viele, die sich noch nicht eingehender mit dem Thema befasst haben, besch\u00e4ftigen d\u00fcrfte. Wer sich jedoch ein wenig Zeit nimmt, um sich genauer mit der Materie auseinanderzusetzen, stellt schnell fest, dass Menschen, die im falschen K\u00f6rper geboren wurden, mit dem TSG nur unn\u00f6tig Steine in den Weg gelegt werden. Unter anderem braucht es zwei psychologische Gutachten, in deren Zusammenhang erniedrigende Fragen, gestellt werden, um eine \u00c4nderung des Personenstands in die Wege zu leiten. Hinzu kommt, dass das Procedere nicht nur aufwendig und erniedrigend, sondern auch kostspielig ist. So kostspielig, dass es sich viele Betroffene schlicht nicht leisten k\u00f6nnen, die entsprechenden Schritte in die Wege zu leiten. Interessanterweise wurde das Verfahren sogar in der Vergangenheit vom Bundesverfassungsgericht f\u00fcr rechtswidrig erkl\u00e4rt. Eigentlich ist es doch dann nur noch eine Frage der Zeit, bis die Gesetzgebung nachzieht, oder doch nicht?<\/p>\n<p><img decoding=\"async\" class=\"alignnone size-full wp-image-10947\" src=\"https:\/\/planet-randy.com\/blog\/wp-content\/uploads\/2022\/02\/Emma-Kohler-gegen-das-\u201eTranssexuellengesetz-1-scaled.jpg\" alt=\"Emma Kohler gegen das \u201eTranssexuellengesetz\u201c\" width=\"2560\" height=\"1440\" srcset=\"https:\/\/planet-randy.com\/blog\/wp-content\/uploads\/2022\/02\/Emma-Kohler-gegen-das-\u201eTranssexuellengesetz-1-scaled.jpg 2560w, https:\/\/planet-randy.com\/blog\/wp-content\/uploads\/2022\/02\/Emma-Kohler-gegen-das-\u201eTranssexuellengesetz-1-200x113.jpg 200w, https:\/\/planet-randy.com\/blog\/wp-content\/uploads\/2022\/02\/Emma-Kohler-gegen-das-\u201eTranssexuellengesetz-1-1200x675.jpg 1200w, https:\/\/planet-randy.com\/blog\/wp-content\/uploads\/2022\/02\/Emma-Kohler-gegen-das-\u201eTranssexuellengesetz-1-768x432.jpg 768w, https:\/\/planet-randy.com\/blog\/wp-content\/uploads\/2022\/02\/Emma-Kohler-gegen-das-\u201eTranssexuellengesetz-1-1536x864.jpg 1536w, https:\/\/planet-randy.com\/blog\/wp-content\/uploads\/2022\/02\/Emma-Kohler-gegen-das-\u201eTranssexuellengesetz-1-2048x1152.jpg 2048w\" sizes=\"(max-width: 2560px) 100vw, 2560px\" \/><\/p>\n<h4 class=\"western\">Emma Kohlers Petition wird von verschiedenen Stellen unterst\u00fctzt<\/h4>\n<p>Emma Kohler und die mehr als 77.000 Menschen, die die Petition bisher unterschrieben haben, sind nicht allein. Mittlerweile haben sich auch immer mehr Organisationen und Vereine an ihre Seite gestellt. Der Wunsch nach #selbstbestimmung2022 wird unter anderem von dem <a href=\"https:\/\/www.bundesverband-trans.de\/\" rel=\"noopener\">Bundesverband Trans* e.V<\/a>., der <a href=\"https:\/\/dgti.org\/2021\/09\/05\/der-ergaenzungsausweis-der-dgti-e-v\/\" rel=\"noopener\">Deutschen Gesellschaft f\u00fcr Transidentit\u00e4t und Intersexualit\u00e4t e. V<\/a>. und der <a href=\"https:\/\/lesbenberatung-berlin.de\/\" rel=\"noopener\">Lesbenberatung Berlin e. V<\/a>. unterst\u00fctzt.<\/p>\n<p>Auch in den Sozialen Netzwerken erfahren die Forderungen von Emma Kohler mittlerweile viel Zuspruch. Die junge Frau ist unter anderem auf Instagram aktiv und nutzt die Aufmerksamkeit, um auf dieses wichtige Thema aufmerksam zu machen. Von Politikverdrossenheit der Jugend kann hier dementsprechend definitiv nicht die Rede sein. Unter anderem ist Emma auch bei Fridays For Future aktiv.<\/p>\n<p>Ihre Ziele? Selbstbestimmung und mehr Toleranz. Und auch wenn das Ziel, dass das TSG noch in diesem Jahr abgeschafft werden soll, ein wenig ambitioniert klingen mag, ermutigt es doch, zu sehen, mit wie viel Herzblut ein gro\u00dfer Teil der Community und viele Menschen, die sich mit der Szene verbunden f\u00fchlen, hier gerade um mehr Rechte UND Gerechtigkeit k\u00e4mpft.<\/p>\n<div class=\"flex-video widescreen\">\n<blockquote class=\"twitter-tweet\" data-width=\"550\" data-dnt=\"true\">\n<p lang=\"de\" dir=\"ltr\">Wann soll das TSG eurer Meinung nach abgeschafft werden? Nehmt an meiner Umfrage teil \u2935\ufe0f<a href=\"https:\/\/twitter.com\/hashtag\/TSGabschaffen?src=hash&amp;ref_src=twsrc%5Etfw\" rel=\"noopener\">#TSGabschaffen<\/a><a href=\"https:\/\/twitter.com\/hashtag\/Selbstbestimmung2022?src=hash&amp;ref_src=twsrc%5Etfw\" rel=\"noopener\">#Selbstbestimmung2022<\/a><a href=\"https:\/\/twitter.com\/hashtag\/Selbstbestimmungsgesetz?src=hash&amp;ref_src=twsrc%5Etfw\" rel=\"noopener\">#Selbstbestimmungsgesetz<\/a> (!B) <a href=\"https:\/\/t.co\/VXmF7JA4L0\">pic.twitter.com\/VXmF7JA4L0<\/a><\/p>\n<p>&mdash; Emma Kohler (@Emmanzipation) <a href=\"https:\/\/twitter.com\/Emmanzipation\/status\/1491054208182730755?ref_src=twsrc%5Etfw\" rel=\"noopener\">February 8, 2022<\/a><\/p><\/blockquote>\n<p><script async src=\"https:\/\/platform.twitter.com\/widgets.js\" charset=\"utf-8\"><\/script><\/div>\n<p>&nbsp;<\/p>\n<p><a href=\"https:\/\/planet-randy.com\/blog\/mehr-rechte-fuer-regenbogenfamilien\/\">Schon geh\u00f6rt? Es gibt bald mehr Rechte f\u00fcr Regenbogenfamilien<\/a><\/p>\n","protected":false},"excerpt":{"rendered":"<p>Die Aktivistin Emma Kohler fordert die Abschaffung des \u201eTranssexuellengesetzes\u201c In Deutschland leben die Menschen selbstbestimmt und m\u00fcssen hierbei keinerlei Nachteile bef\u00fcrchten,\u2026 Oder etwa doch? Wer einen Blick auf die Rechte von Queers wirft, st\u00f6\u00dft oft unweigerlich auf Baustellen. Der Satz \u201eWas wollt ihr denn noch? Ihr habt doch schon alles?\u201c \u2013 der unter anderem oft [&hellip;]<\/p>\n","protected":false},"author":3,"featured_media":10947,"comment_status":"open","ping_status":"open","sticky":false,"template":"","format":"standard","meta":{"footnotes":""},"categories":[4],"tags":[],"class_list":["post-10946","post","type-post","status-publish","format-standard","has-post-thumbnail","hentry","category-news-aus-der-community","wp-sticky"],"_links":{"self":[{"href":"https:\/\/planet-randy.com\/blog\/wp-json\/wp\/v2\/posts\/10946","targetHints":{"allow":["GET"]}}],"collection":[{"href":"https:\/\/planet-randy.com\/blog\/wp-json\/wp\/v2\/posts"}],"about":[{"href":"https:\/\/planet-randy.com\/blog\/wp-json\/wp\/v2\/types\/post"}],"author":[{"embeddable":true,"href":"https:\/\/planet-randy.com\/blog\/wp-json\/wp\/v2\/users\/3"}],"replies":[{"embeddable":true,"href":"https:\/\/planet-randy.com\/blog\/wp-json\/wp\/v2\/comments?post=10946"}],"version-history":[{"count":1,"href":"https:\/\/planet-randy.com\/blog\/wp-json\/wp\/v2\/posts\/10946\/revisions"}],"predecessor-version":[{"id":10949,"href":"https:\/\/planet-randy.com\/blog\/wp-json\/wp\/v2\/posts\/10946\/revisions\/10949"}],"wp:featuredmedia":[{"embeddable":true,"href":"https:\/\/planet-randy.com\/blog\/wp-json\/wp\/v2\/media\/10947"}],"wp:attachment":[{"href":"https:\/\/planet-randy.com\/blog\/wp-json\/wp\/v2\/media?parent=10946"}],"wp:term":[{"taxonomy":"category","embeddable":true,"href":"https:\/\/planet-randy.com\/blog\/wp-json\/wp\/v2\/categories?post=10946"},{"taxonomy":"post_tag","embeddable":true,"href":"https:\/\/planet-randy.com\/blog\/wp-json\/wp\/v2\/tags?post=10946"}],"curies":[{"name":"wp","href":"https:\/\/api.w.org\/{rel}","templated":true}]}}