{"id":10845,"date":"2022-02-05T13:21:06","date_gmt":"2022-02-05T12:21:06","guid":{"rendered":"https:\/\/planet-randy.com\/blog\/?p=10845"},"modified":"2022-02-05T13:21:06","modified_gmt":"2022-02-05T12:21:06","slug":"zdf-startet-eine-nicht-binaere-serie","status":"publish","type":"post","link":"https:\/\/planet-randy.com\/blog\/zdf-startet-eine-nicht-binaere-serie\/","title":{"rendered":"ZDF startet eine Nicht-bin\u00e4re Serie"},"content":{"rendered":"<h2 class=\"western\">Im ZDF ist bald eine Serie mit einer nicht-bin\u00e4ren Figur zu sehen<\/h2>\n<p><img fetchpriority=\"high\" decoding=\"async\" class=\"alignnone size-full wp-image-10847\" src=\"https:\/\/planet-randy.com\/blog\/wp-content\/uploads\/2022\/02\/ZDF-startet-eine-Nicht-binaere-Serie.png\" alt=\"ZDF startet eine Nicht-bin\u00e4re Serie\" width=\"960\" height=\"640\" srcset=\"https:\/\/planet-randy.com\/blog\/wp-content\/uploads\/2022\/02\/ZDF-startet-eine-Nicht-binaere-Serie.png 960w, https:\/\/planet-randy.com\/blog\/wp-content\/uploads\/2022\/02\/ZDF-startet-eine-Nicht-binaere-Serie-200x133.png 200w, https:\/\/planet-randy.com\/blog\/wp-content\/uploads\/2022\/02\/ZDF-startet-eine-Nicht-binaere-Serie-768x512.png 768w\" sizes=\"(max-width: 960px) 100vw, 960px\" \/><\/p>\n<p>Das Programm des ZDF k\u00f6nnte in Zukunft ein wenig queerer werden. Denn: Der Sender arbeitet gerade an einer Serie, in der sich vieles um eine nicht-bin\u00e4re Figur dreht. Insgesamt sind sechs Teile geplant. Die Hauptfigur, Charlie, f\u00fchlt sich nicht als Mann und nicht als Frau\u2026 Und d\u00fcrfte damit aktuell vielen Queers aus dem Herzen sprechen. Gedreht wird in der hessischen Stadt Offenbach.<\/p>\n<h3 class=\"western\">Die neue Serie im ZDF \u2013 was ist bekannt?<\/h3>\n<p>Es gibt bereits einige Details, die neugierig machen. So soll die Serie unter dem Arbeitstitel \u201e<em>Charlie<\/em>\u201c laufen und aus insgesamt sechs Teilen bestehen. Charlie ist ein nicht-bin\u00e4rer Teen, der sich auf der Suche nach sich selbst befindet. Eine Folge soll etwa 15 Minuten dauern.<\/p>\n<p>Die Idee entstand w\u00e4hrend der Corona Pandemie. Neben dem Abrufen \u00fcber die ZDF Mediathek soll \u201e<em>Charlie<\/em>\u201c dann auch auf ZDF neo angeschaut werden k\u00f6nnen.<\/p>\n<p>Die Hauptrolle wird von Lea Drinda gespielt. Viele d\u00fcrften sie noch von der Neuauflage von \u201e<em>Wie Kinder vom Bahnhof Zoo<\/em>\u201c kennen. Allzu viel ist \u00fcber Charlie jedoch noch nicht bekannt. Sie soll Anfang zwanzig sein und sich nicht als Frau und nicht als Mann f\u00fchlen. Sie lebt in gesellschaftlich eher schwachen Verh\u00e4ltnissen und teilt sich eine Wohnung mit ihrer Mutter.<\/p>\n<p>Sowohl Charlie als auch ihre Mutter haben ihr Leben nicht im Griff. Immer wieder nehmen sie neue Jobs an. In all dem Wirr-Warr bemerkt Charlie schlie\u00dflich, dass sie nicht die Erwartungen erf\u00fcllt, die ihr Umfeld an sie stellt. Sie f\u00fchlt sich nirgends wirklich dazugeh\u00f6rig \u2013 weder bei ihren m\u00e4nnlichen noch bei ihren weiblichen Bekannten. Die Frage danach, wo Charlie hingeh\u00f6rt, umtreibt sie die komplette Serie.<\/p>\n<p>Aktuell dauern die Dreharbeiten zur Serie noch an. Sie sollen Mitte Februar abgeschlossen sein. Ein genaues Startdatum f\u00fcr die Ausstrahlung gibt es noch nicht.<\/p>\n<h4 class=\"western\">Wie wichtig ist eigentlich queere Sichtbarkeit im TV?<\/h4>\n<p>Wenn es um queere Sichtbarkeit im TV geht, haben in letzter Zeit vor allem viele private Sender viel Vorarbeit geleistet. Unter anderem erfreuten sich Prince Charming und Princess Charming einer besonderen Beliebtheit. Nun ziehen offenbar auch die \u00d6ffentlich-Rechtlichen nach und r\u00fccken das Thema immer weiter in den Fokus.<\/p>\n<p>W\u00e4hrend \u201e<em>damals<\/em>\u201c noch ein Aufschrei durch die Massen ging, als sich beispielsweise Carsten Fl\u00f6ter in der \u201e<em>Lindenstra\u00dfe<\/em>\u201c outete und einen Mann im Vorabendprogramm k\u00fcsste, gehen viele Menschen heutzutage entspannter mit dem Thema um. Die Gesellschaft hat sich jedoch auch noch in anderer Hinsicht ver\u00e4ndert. Denn: Mittlerweile liegt der Fokus nicht mehr \u201e<em>nur<\/em>\u201c auf schwulen und lesbischen Menschen, sondern auch auf Personen, die sich beispielsweise selbst als non-bin\u00e4r sehen.<\/p>\n<p>Die Tatsache, dass es soeben eine Serie gibt, die genau hiervon handelt, k\u00f6nnte unter anderem vor allem jungen Menschen, die \u2013 ebenso wie Charlie \u2013 nicht wissen, wo sie hingeh\u00f6ren, Kraft geben.<\/p>\n<p>Allein der Umstand, dass mit \u201e<em>non-bin\u00e4r<\/em>\u201c jetzt im allgemeinen Sprachgebrauch ein Wort geschaffen wurde, dass das ausdr\u00fcckt, was so viele Betroffene f\u00fchlen, hat daf\u00fcr gesorgt, dass sich viele Personen nun besser mit sich und ihrer Orientierung identifizieren k\u00f6nnen. Jetzt, da das Thema immer mehr in den Fokus ger\u00fcckt wird, f\u00e4llt es vielen Betroffenen vielleicht noch ein wenig leichter, f\u00fcr sich zu erkennen, dass sie \u2013 genau SO wie sie sind \u2013 absolut \u201e<em>okay<\/em>\u201c sind und dass es zahlreichen Menschen ebenso geht, wie ihnen.<\/p>\n<p><span style=\"font-family: Times New Roman, serif;\"><span style=\"font-size: medium;\"><br \/>\n<\/span><\/span><br \/>\n<a href=\"https:\/\/planet-randy.com\/blog\/der-fraternal-birth-order-effect\/\">Das ist der \u201cFraternal Birth Order Effect\u201d<\/a><\/p>\n","protected":false},"excerpt":{"rendered":"<p>Im ZDF ist bald eine Serie mit einer nicht-bin\u00e4ren Figur zu sehen Das Programm des ZDF k\u00f6nnte in Zukunft ein wenig queerer werden. Denn: Der Sender arbeitet gerade an einer Serie, in der sich vieles um eine nicht-bin\u00e4re Figur dreht. Insgesamt sind sechs Teile geplant. Die Hauptfigur, Charlie, f\u00fchlt sich nicht als Mann und nicht [&hellip;]<\/p>\n","protected":false},"author":3,"featured_media":10847,"comment_status":"open","ping_status":"open","sticky":false,"template":"","format":"standard","meta":{"footnotes":""},"categories":[4],"tags":[],"class_list":["post-10845","post","type-post","status-publish","format-standard","has-post-thumbnail","hentry","category-news-aus-der-community","wp-sticky"],"_links":{"self":[{"href":"https:\/\/planet-randy.com\/blog\/wp-json\/wp\/v2\/posts\/10845","targetHints":{"allow":["GET"]}}],"collection":[{"href":"https:\/\/planet-randy.com\/blog\/wp-json\/wp\/v2\/posts"}],"about":[{"href":"https:\/\/planet-randy.com\/blog\/wp-json\/wp\/v2\/types\/post"}],"author":[{"embeddable":true,"href":"https:\/\/planet-randy.com\/blog\/wp-json\/wp\/v2\/users\/3"}],"replies":[{"embeddable":true,"href":"https:\/\/planet-randy.com\/blog\/wp-json\/wp\/v2\/comments?post=10845"}],"version-history":[{"count":1,"href":"https:\/\/planet-randy.com\/blog\/wp-json\/wp\/v2\/posts\/10845\/revisions"}],"predecessor-version":[{"id":10848,"href":"https:\/\/planet-randy.com\/blog\/wp-json\/wp\/v2\/posts\/10845\/revisions\/10848"}],"wp:featuredmedia":[{"embeddable":true,"href":"https:\/\/planet-randy.com\/blog\/wp-json\/wp\/v2\/media\/10847"}],"wp:attachment":[{"href":"https:\/\/planet-randy.com\/blog\/wp-json\/wp\/v2\/media?parent=10845"}],"wp:term":[{"taxonomy":"category","embeddable":true,"href":"https:\/\/planet-randy.com\/blog\/wp-json\/wp\/v2\/categories?post=10845"},{"taxonomy":"post_tag","embeddable":true,"href":"https:\/\/planet-randy.com\/blog\/wp-json\/wp\/v2\/tags?post=10845"}],"curies":[{"name":"wp","href":"https:\/\/api.w.org\/{rel}","templated":true}]}}