{"id":10743,"date":"2022-01-27T15:49:36","date_gmt":"2022-01-27T14:49:36","guid":{"rendered":"https:\/\/planet-randy.com\/blog\/?p=10743"},"modified":"2022-01-28T17:58:52","modified_gmt":"2022-01-28T16:58:52","slug":"sven-lehmanns-kampf-mit-der-afd","status":"publish","type":"post","link":"https:\/\/planet-randy.com\/blog\/sven-lehmanns-kampf-mit-der-afd\/","title":{"rendered":"Sven Lehmanns Kampf mit der AfD"},"content":{"rendered":"<h2 class=\"western\">AfD macht Stimmung gegen Queer Beauftragen Sven Lehmann<\/h2>\n<p><img fetchpriority=\"high\" decoding=\"async\" class=\"alignnone size-full wp-image-10744\" src=\"https:\/\/planet-randy.com\/blog\/wp-content\/uploads\/2022\/01\/Sven-Lehmanns-Kampf-mit-der-AfD.jpg\" alt=\"Sven Lehmanns Kampf mit der AfD\" width=\"1920\" height=\"1080\" srcset=\"https:\/\/planet-randy.com\/blog\/wp-content\/uploads\/2022\/01\/Sven-Lehmanns-Kampf-mit-der-AfD.jpg 1920w, https:\/\/planet-randy.com\/blog\/wp-content\/uploads\/2022\/01\/Sven-Lehmanns-Kampf-mit-der-AfD-200x113.jpg 200w, https:\/\/planet-randy.com\/blog\/wp-content\/uploads\/2022\/01\/Sven-Lehmanns-Kampf-mit-der-AfD-1200x675.jpg 1200w, https:\/\/planet-randy.com\/blog\/wp-content\/uploads\/2022\/01\/Sven-Lehmanns-Kampf-mit-der-AfD-768x432.jpg 768w, https:\/\/planet-randy.com\/blog\/wp-content\/uploads\/2022\/01\/Sven-Lehmanns-Kampf-mit-der-AfD-1536x864.jpg 1536w\" sizes=\"(max-width: 1920px) 100vw, 1920px\" \/><\/p>\n<p>Daraus, dass sich die AfD nicht f\u00fcr die Tatsache, dass es nun einen <a href=\"https:\/\/planet-randy.com\/blog\/sven-lehmann-wird-neuer-queer-beauftragter\/\">Queer Beauftragten<\/a> gibt, begeistern kann, machte sie von Anfang an keinen Hehl. Jetzt scheinen die verbalen Angriffe jedoch genauer zu werden.<\/p>\n<p>So warf der Abgeordnete Enrico Komning (<em>Mecklenburg-Vorpommern<\/em>) Sven Lehmann vor, \u201e<em>kriminelle<\/em>\u201c Forderungen zu stellen. Genau das w\u00fcrde \u201e<em>irreparable psychische Sch\u00e4den<\/em>\u201c bei Kindern hervorrufen.<\/p>\n<h3 class=\"western\">Woran st\u00f6rt sich Enrico Komning genau?<\/h3>\n<p>Stein des Ansto\u00dfes scheint die Forderung Lehmanns zu sein, dass es m\u00f6glich sein solle, als Kind vier Elternteile mit Sorgerecht zu haben. &#8220;<em>Kinder sind unsere Zukunft und nicht Objekt von Selbstverwirklichungstrips wohlstandsverwahrloster unterbesch\u00e4ftigter linksgr\u00fcner Ideologen<\/em>&#8221; erkl\u00e4rte der AfDler in diesem Zusammenhang weiter.<\/p>\n<p>Zudem wendete er sich in besagtem Video direkt an den Bundeskanzler und forderte ihn auf \u201e<em>[\u2026] Sch\u00fctzen Sie unsere Kinder vor Sven Lehmann!<\/em>\u201c. Besonders brisant: In homophoben Kreisen ist immer wieder davon die Rede, dass das Verh\u00e4ltnis zwischen Kindern und Schwulen gef\u00e4hrlich sei. Dementsprechend sind die Aussagen des AfD Politikers gleich in mehrfacher Hinsicht bedenklich. Denn: Weshalb sollten Kinder vor Schwulen gesch\u00fctzt werden m\u00fcssen, wenn keine b\u00f6sen Absichten vermutet werden w\u00fcrden?<\/p>\n<p>Das Thema \u201e<em>Mehr Rechte f\u00fcr die Eltern von Regenbogenfamilien<\/em>\u201c steht f\u00fcr die Politik schon l\u00e4nger im Fokus. Dieses Ziel wurde auch im Koalitionsvertrag festgehalten.<\/p>\n<h4 class=\"western\">AfD malt Horrorszenarien im Bundestag<\/h4>\n<p>Enrico Komning ist aktuell nicht der einzige Politiker, der gegen die Ziele und Bestrebungen des neuen Queer Beauftragten Stimmung macht. Unter anderem bekommt er auch von Martin Reichardt R\u00fcckenwind. Dieser twitterte \u201e<em>Ampel Plan: Kinder sollen zuk\u00fcnftig bis zu 4 Sorgeberechtigte haben k\u00f6nnen. [\u2026] Das Leitbild der traditionellen Familie darf nicht zur absoluten Aufweichung ver\u00e4ndert werden.<\/em>\u201c.<\/p>\n<p>Im Bundestag vertrat Reichardt seine Meinung weiter. W\u00fcrden die entsprechenden Forderungen umgesetzt, sei man auf dem Weg in eine Gesellschaft \u201e<em>ohne Familie, ohne Herkunft, ohne Identit\u00e4t und ohne Heimat.<\/em>\u201c<\/p>\n<p>Weiterhin schie\u00dft er nach, dass man wissen sollte, dass zwei Frauen kein Kind miteinander bekommen k\u00f6nnen. Hierbei handele es sich schlicht um Naturwissenschaft. Das Familienministerium sei realit\u00e4tsfern geworden und eine \u201e<em>Biologieleugnerin<\/em>\u201c. Britta Ha\u00dfelmann soll das Statement Reichardts daraufhin \u201e<em>homophobe Schei\u00dfe<\/em>\u201c genannt haben.<\/p>\n<h4 class=\"western\">Die AfD und der Queer Beauftragte \u2013 vermutlich eine lange Geschichte<\/h4>\n<p>Die AfD und der Queer Beauftragte \u2013 die Meinungen k\u00f6nnten nicht unterschiedlicher sein. Schon seit der Ernennung Sven Lehmanns lie\u00df die rechte Partei keinen Zweifel daran aufkommen, dass sie \u2013 neutral ausgedr\u00fcckt \u2013 nicht wirklich begeistert davon war, nun einen Mann in der Politik zu wissen, dessen Aufgabe es ist, f\u00fcr die Rechte der Community einzustehen.<\/p>\n<p>Die Abneigung und die Ablehnung des so oft zitierten \u201e<em>Gender Wahns<\/em>\u201c begr\u00fcnden viele Mitglieder der AfD immer wieder mit dem Schutz der traditionellen Familie. Hierbei handelt es sich um ein Argument, das auch immer wieder im Zusammenhang mit der LGBTQI+ &#8211; feindlichen Politik, zum Beispiel in Polen und in Ungarn, angef\u00fchrt wird.<\/p>\n<p>Die gute Nachricht ist jedoch, dass die Forderung nach mehr Gleichberechtigung, unter anderem auch gerade im Zusammenhang mit Regenbogenfamilien, jetzt, wie bereits erw\u00e4hnt, in den Koalitionsvertrag aufgenommen wurde. Die Community profitiert in diesem Zusammenhang von einer erh\u00f6hten Sichtbarkeit und \u2013 dank Sven Lehmann \u2013 von einem Mann, der entschlossen genug sein d\u00fcrfte, den kritischen Stimmen motiviert entgegenzutreten.<\/p>\n<p>&nbsp;<\/p>\n<p><a href=\"https:\/\/planet-randy.com\/blog\/elza-soares\/\">Wusstest du schon, dass\u00a0Elza Soares verstorben ist?<\/a><\/p>\n","protected":false},"excerpt":{"rendered":"<p>AfD macht Stimmung gegen Queer Beauftragen Sven Lehmann Daraus, dass sich die AfD nicht f\u00fcr die Tatsache, dass es nun einen Queer Beauftragten gibt, begeistern kann, machte sie von Anfang an keinen Hehl. Jetzt scheinen die verbalen Angriffe jedoch genauer zu werden. So warf der Abgeordnete Enrico Komning (Mecklenburg-Vorpommern) Sven Lehmann vor, \u201ekriminelle\u201c Forderungen zu [&hellip;]<\/p>\n","protected":false},"author":3,"featured_media":10744,"comment_status":"open","ping_status":"open","sticky":false,"template":"","format":"standard","meta":{"footnotes":""},"categories":[4],"tags":[],"class_list":["post-10743","post","type-post","status-publish","format-standard","has-post-thumbnail","hentry","category-news-aus-der-community","wp-sticky"],"_links":{"self":[{"href":"https:\/\/planet-randy.com\/blog\/wp-json\/wp\/v2\/posts\/10743","targetHints":{"allow":["GET"]}}],"collection":[{"href":"https:\/\/planet-randy.com\/blog\/wp-json\/wp\/v2\/posts"}],"about":[{"href":"https:\/\/planet-randy.com\/blog\/wp-json\/wp\/v2\/types\/post"}],"author":[{"embeddable":true,"href":"https:\/\/planet-randy.com\/blog\/wp-json\/wp\/v2\/users\/3"}],"replies":[{"embeddable":true,"href":"https:\/\/planet-randy.com\/blog\/wp-json\/wp\/v2\/comments?post=10743"}],"version-history":[{"count":1,"href":"https:\/\/planet-randy.com\/blog\/wp-json\/wp\/v2\/posts\/10743\/revisions"}],"predecessor-version":[{"id":10745,"href":"https:\/\/planet-randy.com\/blog\/wp-json\/wp\/v2\/posts\/10743\/revisions\/10745"}],"wp:featuredmedia":[{"embeddable":true,"href":"https:\/\/planet-randy.com\/blog\/wp-json\/wp\/v2\/media\/10744"}],"wp:attachment":[{"href":"https:\/\/planet-randy.com\/blog\/wp-json\/wp\/v2\/media?parent=10743"}],"wp:term":[{"taxonomy":"category","embeddable":true,"href":"https:\/\/planet-randy.com\/blog\/wp-json\/wp\/v2\/categories?post=10743"},{"taxonomy":"post_tag","embeddable":true,"href":"https:\/\/planet-randy.com\/blog\/wp-json\/wp\/v2\/tags?post=10743"}],"curies":[{"name":"wp","href":"https:\/\/api.w.org\/{rel}","templated":true}]}}