{"id":10523,"date":"2022-01-14T19:05:23","date_gmt":"2022-01-14T18:05:23","guid":{"rendered":"https:\/\/planet-randy.com\/blog\/?p=10523"},"modified":"2022-01-14T19:05:23","modified_gmt":"2022-01-14T18:05:23","slug":"sven-lehmann-wird-neuer-queer-beauftragter","status":"publish","type":"post","link":"https:\/\/planet-randy.com\/blog\/sven-lehmann-wird-neuer-queer-beauftragter\/","title":{"rendered":"Sven Lehmann wird neuer Queer Beauftragter"},"content":{"rendered":"<h2>Die AfD verbucht das Ganze als \u201eGender Wahn\u201c.<\/h2>\n<p><img fetchpriority=\"high\" decoding=\"async\" class=\"alignnone size-full wp-image-10525\" src=\"https:\/\/planet-randy.com\/blog\/wp-content\/uploads\/2022\/01\/2-format43-scaled.jpg\" alt=\"Sven Lehmann wird neuer Queer Beauftragter\" width=\"2560\" height=\"1918\" srcset=\"https:\/\/planet-randy.com\/blog\/wp-content\/uploads\/2022\/01\/2-format43-scaled.jpg 2560w, https:\/\/planet-randy.com\/blog\/wp-content\/uploads\/2022\/01\/2-format43-200x150.jpg 200w, https:\/\/planet-randy.com\/blog\/wp-content\/uploads\/2022\/01\/2-format43-1200x899.jpg 1200w, https:\/\/planet-randy.com\/blog\/wp-content\/uploads\/2022\/01\/2-format43-768x575.jpg 768w, https:\/\/planet-randy.com\/blog\/wp-content\/uploads\/2022\/01\/2-format43-1536x1151.jpg 1536w, https:\/\/planet-randy.com\/blog\/wp-content\/uploads\/2022\/01\/2-format43-2048x1535.jpg 2048w\" sizes=\"(max-width: 2560px) 100vw, 2560px\" \/><\/p>\n<p>Sven Lehmann (Gr\u00fcne) wird neuer Queer Beauftragter der Bundesregierung und soll sich um die Akzeptanz sexueller und geschlechtlicher Vielfalt k\u00fcmmern<br \/>\nViele Menschen verbinden mit der Ampelkoalition eine Art \u201eAufschwung\u201c \u2013 auch mit Hinblick auf die Queer Community. Ein Punkt, der auf der \u201eWunschliste\u201c vergleichsweise weit oben steht, ist die Akzeptanz bzw. mehr Toleranz im Zusammenhang mit sexueller und geschlechtlicher Vielfalt in Deutschland.<br \/>\nDie Regierung zeigt sich aktuell verst\u00e4rkt offen gegen\u00fcber diesem Thema und hat in diesem Zusammenhang k\u00fcrzlich den ersten Beauftragten f\u00fcr Akzeptanz sexueller und geschlechtlicher Vielfalt ernannt. Die Wahl fiel auf Sven Lehmann von den Gr\u00fcnen. Es gibt jedoch auch Gegenwind und Kritik in Bezug auf diesen Posten, vor allem von der AfD.<\/p>\n<h3>Lob und Gl\u00fcckw\u00fcnsche von der Bundesregierung<\/h3>\n<p>Sven Lehmann f\u00fchlt sich aufgrund seiner Ernennung sehr geehrt und m\u00f6chte nun die Rechte der LGBTQI+ Community im Bundestag deutlich vertreten. Das Amt wurde erst neu eingef\u00fchrt und dementsprechend d\u00fcrfte es umso spannender werden, welche Auswirkungen dieser Posten auf die Rechte von Queers und die Entwicklungen haben wird.<br \/>\nAuch viele Politiker und queerfreundliche Organisationen freuen sich sehr dar\u00fcber, dass jetzt f\u00fcr diesen Bereich ein eigenes Amt geschaffen wurde. Immerhin ist hiermit nicht nur viel Potenzial, sondern auch eine wichtige Botschaft verbunden. Die Bundesregierung unterstreicht durch dieses Vorgehen, wie wichtig es ihr ist, hier \u2013 vielleicht st\u00e4rker als in der Vergangenheit \u2013 einen Fokus zu setzen.<br \/>\nGenau das scheint jedoch nicht allen zu schmecken. Vor allem vonseiten der AfD gab es schon jetzt kritische Stimmen.<\/p>\n<h3>Kritik und Hohn \u2013 vor allem vonseiten der AfD<\/h3>\n<p>Nicht jeder ist mit den aktuellen Entwicklungen rund um den neuen Posten einverstanden. Hierbei geht es in den allermeisten F\u00e4llen nicht darum, Lehmann selbst zu kritisieren, sondern vielmehr um die Tatsache, dass es einen Queer Beauftragten \u00fcberhaupt gibt.<br \/>\nBesonders die AfD zeigte sich emp\u00f6rt und bezeichnete die Ernennung als \u201e<em>[\u2026] einen neuen traurigen H\u00f6hepunkt des #Gr\u00fcnen Gender Wahns<\/em>\u201c. Co-Vizeparteichefin Beatrix von Storch sieht in dem neuen Beauftragten jemanden, der eine \u201e<em>progressive<\/em>\u201c Familienpolitik anstrebe, obwohl zigtausende sich dagegen wehren w\u00fcrden.<br \/>\nZeitgleich wird Sven Lehmann als aktiver Gegner gesehen, dessen Pl\u00e4ne es zu bek\u00e4mpfen gilt. So habe sich die Partei vorgenommen, den nationalen Plan Lehmanns \u201e<em>mit aller Entschiedenheit bek\u00e4mpfen<\/em>\u201c zu wollen. Was hier genau im Detail geplant ist, scheint noch nicht sicher zu sein. Fest steht, dass sich Lehmann sicherlich auf einige H\u00fcrden einstellen wird m\u00fcssen.<\/p>\n<p><img decoding=\"async\" class=\"alignnone size-full wp-image-10524\" src=\"https:\/\/planet-randy.com\/blog\/wp-content\/uploads\/2022\/01\/kjhbv.png\" alt=\"Sven Lehmann wird neuer Queer Beauftragter\" width=\"727\" height=\"725\" srcset=\"https:\/\/planet-randy.com\/blog\/wp-content\/uploads\/2022\/01\/kjhbv.png 727w, https:\/\/planet-randy.com\/blog\/wp-content\/uploads\/2022\/01\/kjhbv-150x150.png 150w\" sizes=\"(max-width: 727px) 100vw, 727px\" \/><\/p>\n<p>Einige aus der AfD sich zudem nicht wirklich sicher, ob es \u00fcberhaupt notwendig ist, ein solches Amt \u00fcberhaupt einzuf\u00fchren. Norbert Kleinw\u00e4chter (<em>Vize-Fraktionschef der AfD<\/em>) \u00e4u\u00dferte sich diesbez\u00fcglich ironisch auf Twitter: \u201e<em>Die #Ampelkoalition k\u00fcmmert sich um die wahren Probleme im Land.<\/em>\u201c.<br \/>\nInwieweit, das Amt zu Erfolgen oder Diskussionen auf unterschiedlichen Ebenen f\u00fchren wird, kann nur die Zeit zeigen. Ein Blick auf die Kommentare unter dem Post von Sven Lehmann selbst, zeigt jedoch, dass viele Menschen hohe Erwartungen an dieses Amt haben. So motiviert wie Lehmann wirkt, d\u00fcrfte er keine Probleme damit haben, sich seiner Aufgabe mit einer gesunden Portion Herzblut zu widmen \u2013 und auch den ein oder anderen Diskussionssturm zu \u00fcberstehen.<\/p>\n<p><a href=\"https:\/\/planet-randy.com\/blog\/israel-regenbogenpaare-duerfen-nun-leiheltern-werden\/\">Schon gewusst? In Israel <span style=\"font-size: 1.0625rem;\">d\u00fcrfen<\/span><span style=\"font-size: inherit;\"> Regenbogenpaare nun auch Leiheltern werden<\/span><\/a><\/p>\n","protected":false},"excerpt":{"rendered":"<p>Die AfD verbucht das Ganze als \u201eGender Wahn\u201c. Sven Lehmann (Gr\u00fcne) wird neuer Queer Beauftragter der Bundesregierung und soll sich um die Akzeptanz sexueller und geschlechtlicher Vielfalt k\u00fcmmern Viele Menschen verbinden mit der Ampelkoalition eine Art \u201eAufschwung\u201c \u2013 auch mit Hinblick auf die Queer Community. Ein Punkt, der auf der \u201eWunschliste\u201c vergleichsweise weit oben steht, [&hellip;]<\/p>\n","protected":false},"author":2,"featured_media":10525,"comment_status":"open","ping_status":"open","sticky":false,"template":"","format":"standard","meta":{"footnotes":""},"categories":[4],"tags":[],"class_list":["post-10523","post","type-post","status-publish","format-standard","has-post-thumbnail","hentry","category-news-aus-der-community","wp-sticky"],"_links":{"self":[{"href":"https:\/\/planet-randy.com\/blog\/wp-json\/wp\/v2\/posts\/10523","targetHints":{"allow":["GET"]}}],"collection":[{"href":"https:\/\/planet-randy.com\/blog\/wp-json\/wp\/v2\/posts"}],"about":[{"href":"https:\/\/planet-randy.com\/blog\/wp-json\/wp\/v2\/types\/post"}],"author":[{"embeddable":true,"href":"https:\/\/planet-randy.com\/blog\/wp-json\/wp\/v2\/users\/2"}],"replies":[{"embeddable":true,"href":"https:\/\/planet-randy.com\/blog\/wp-json\/wp\/v2\/comments?post=10523"}],"version-history":[{"count":1,"href":"https:\/\/planet-randy.com\/blog\/wp-json\/wp\/v2\/posts\/10523\/revisions"}],"predecessor-version":[{"id":10526,"href":"https:\/\/planet-randy.com\/blog\/wp-json\/wp\/v2\/posts\/10523\/revisions\/10526"}],"wp:featuredmedia":[{"embeddable":true,"href":"https:\/\/planet-randy.com\/blog\/wp-json\/wp\/v2\/media\/10525"}],"wp:attachment":[{"href":"https:\/\/planet-randy.com\/blog\/wp-json\/wp\/v2\/media?parent=10523"}],"wp:term":[{"taxonomy":"category","embeddable":true,"href":"https:\/\/planet-randy.com\/blog\/wp-json\/wp\/v2\/categories?post=10523"},{"taxonomy":"post_tag","embeddable":true,"href":"https:\/\/planet-randy.com\/blog\/wp-json\/wp\/v2\/tags?post=10523"}],"curies":[{"name":"wp","href":"https:\/\/api.w.org\/{rel}","templated":true}]}}