{"id":10266,"date":"2021-12-27T11:36:59","date_gmt":"2021-12-27T10:36:59","guid":{"rendered":"https:\/\/planet-randy.com\/blog\/?p=10266"},"modified":"2021-12-27T11:36:59","modified_gmt":"2021-12-27T10:36:59","slug":"wird-chile-mit-gabriel-boric-queer-freundlicher","status":"publish","type":"post","link":"https:\/\/planet-randy.com\/blog\/wird-chile-mit-gabriel-boric-queer-freundlicher\/","title":{"rendered":"Wird Chile mit Gabriel Boric queer-Freundlicher?"},"content":{"rendered":"<p>Im Land Chile k\u00f6nnte sich f\u00fcr die Queer Community vor Ort einiges \u00e4ndern. Denn: mit Gabriel Boric wurde unl\u00e4ngst ein linker Politiker zum Pr\u00e4sidenten gew\u00e4hlt. Er schaffte es, mehr als 55,9 Prozent der Stimmen zu verbuchen und sich gegen Jos\u00e9 Antonio Kast, einen Vertreter aus dem konservativen Lager durchzusetzen.<br \/>\nDie Hoffnungen, die nun in den neuen Pr\u00e4sidenten gesetzt werden, sind hoch. Nicht nur deswegen, weil er der j\u00fcngste Mensch ist, der dieses wichtige Amt bekleidet, sondern auch deswegen, weil er der LGBTQI+ Community derart offen gegen\u00fcbersteht.<\/p>\n<p><img fetchpriority=\"high\" decoding=\"async\" class=\"alignnone size-full wp-image-10267\" src=\"https:\/\/planet-randy.com\/blog\/wp-content\/uploads\/2021\/12\/60190431_303.jpg\" alt=\"Gabriel Boric\" width=\"700\" height=\"394\" srcset=\"https:\/\/planet-randy.com\/blog\/wp-content\/uploads\/2021\/12\/60190431_303.jpg 700w, https:\/\/planet-randy.com\/blog\/wp-content\/uploads\/2021\/12\/60190431_303-200x113.jpg 200w\" sizes=\"(max-width: 700px) 100vw, 700px\" \/><\/p>\n<h2>Gabriel Boric m\u00f6chte in Chile einiges ver\u00e4ndern<\/h2>\n<p>Die Ziele, die sich Gabriel Boric gesteckt hat, sind ambitioniert, aber dennoch realistisch und dementsprechend umso sch\u00f6ner.<br \/>\nIn einem Interview, das er kurz nach seiner Wahl dem Guardian gab, betonte er, wie wichtig es sei, dass Rechte als Rechte respektiert w\u00fcrden. Er wolle es nicht zulassen, dass die armen Menschen den Preis f\u00fcr die Ungleichheit, die in seinem Land (noch) herrsche, zahlen w\u00fcrden.<br \/>\nDer Politiker gilt als sehr europafreundlich. Auch gegen\u00fcber dem Guardian erkl\u00e4rte er, sich in einigen Bereichen am Vorbild Europas orientieren zu wollen, unter anderem mit Hinblick auf den Aufbau einer sozialen Marktwirtschaft.<br \/>\nAuch der Bereich Umwelt wird f\u00fcr Borics Regierung eine gr\u00f6\u00dfere Rolle als f\u00fcr seinen Vorg\u00e4nger spielen. Damit m\u00f6glichst all seine Pl\u00e4ne auch umgesetzt werden k\u00f6nnen, braucht es selbstverst\u00e4ndlich auch eine neue Verfassung. \u00dcber diese soll dann in 2022 abgestimmt werden.<br \/>\nKurz: Die Menschen in Chile d\u00fcrfen sich in Zukunft auf etliche Neuerungen einstellen. Doch was bedeutet die Wahl von Gabriel Boric eigentlich f\u00fcr die LGBTQI+ Community?<\/p>\n<h3>Queerfreundlichere Regierungsinhalte in Chile &#8211; Gabriel Boric setzt Zeichen<\/h3>\n<p>Innerhalb der letzten Jahre hat sich das Leben f\u00fcr viele Menschen der LGBTQI+ Community in Chile grunds\u00e4tzlich ver\u00e4ndert. Viele Details sind jedoch (noch) nicht Gabriel Boric, sondern den allgemeinen aktuellen Entwicklungen geschuldet.<br \/>\nEinen besonderen Meilenstein stellte in diesem Zusammenhang die Einf\u00fchrung der gleichgeschlechtlichen Ehe dar. Hierauf kann dann auch in Zukunft aufgebaut werden. Auch wenn viele Menschen in Chile noch aufgrund ihrer sexuellen Orientierung diskriminiert werden, hat sich die Lage in einigen Bereichen verbessert.<br \/>\nZu den zahlreichen Zielen Borics geh\u00f6rt es unter anderem, die Rechte von Queers zu st\u00e4rken und die Gleichstellung weiter voranzutreiben.<\/p>\n<h4><strong>Wie reagieren die B\u00fcrger in Chile auf das Wahlergebnis?<\/strong><\/h4>\n<p>F\u00fcr viele Menschen, die in Chile leben, bedeutete die Wahl Borics vor allem, dass nun ein linker, europafreundlicher Politiker das Land repr\u00e4sentieren wird.<br \/>\nWer jedoch zur Community geh\u00f6rt und politisch interessiert ist, sieht hierin weitaus mehr als \u201enur\u201c ein Wahlergebnis, dass unter anderem auch richtungsweisend f\u00fcr das Land sein kann. Daher wurde die Wahl auch gerade in der Szene \u2013 nicht nur in Chile, sondern weltweit \u2013 begr\u00fc\u00dft.<br \/>\nMit Gabriel Boric hat das Land nun einen Politiker an seiner Spitze, der kein Problem damit hat, Probleme im Bereich der Inklusion und Gleichberechtigung offen anzusprechen und sich offenbar auch nicht davor scheut, hier vollkommen neue Wege zu gehen.<br \/>\nNat\u00fcrlich gibt es jedoch auch hier kritische Stimmen. Vor allem viele Anh\u00e4nger aus dem Lager von Jos\u00e9 Antonio Kast, der f\u00fcr sich ebenso ambitionierte Pl\u00e4ne hatte, f\u00fcrchten jetzt, dass sich die Politik des Landes jetzt in eine (f\u00fcr sie) falsche Richtung entwickeln wird. Jetzt liegt es an Boric, im besten Fall auch seine Kritiker zu \u00fcberzeugen.<\/p>\n<p>&nbsp;<\/p>\n<p><a href=\"https:\/\/planet-randy.com\/blog\/queere-menschen-in-afghanistan-fuerchten-um-ihr-leben\/\">M\u00fcssen queere Menschen in Afghanistan jetzt um ihr Leben f\u00fcrchten<\/a>?<\/p>\n","protected":false},"excerpt":{"rendered":"<p>Im Land Chile k\u00f6nnte sich f\u00fcr die Queer Community vor Ort einiges \u00e4ndern. Denn: mit Gabriel Boric wurde unl\u00e4ngst ein linker Politiker zum Pr\u00e4sidenten gew\u00e4hlt. Er schaffte es, mehr als 55,9 Prozent der Stimmen zu verbuchen und sich gegen Jos\u00e9 Antonio Kast, einen Vertreter aus dem konservativen Lager durchzusetzen. Die Hoffnungen, die nun in den [&hellip;]<\/p>\n","protected":false},"author":3,"featured_media":10267,"comment_status":"open","ping_status":"open","sticky":false,"template":"","format":"standard","meta":{"footnotes":""},"categories":[4],"tags":[],"class_list":["post-10266","post","type-post","status-publish","format-standard","has-post-thumbnail","hentry","category-news-aus-der-community","wp-sticky"],"_links":{"self":[{"href":"https:\/\/planet-randy.com\/blog\/wp-json\/wp\/v2\/posts\/10266","targetHints":{"allow":["GET"]}}],"collection":[{"href":"https:\/\/planet-randy.com\/blog\/wp-json\/wp\/v2\/posts"}],"about":[{"href":"https:\/\/planet-randy.com\/blog\/wp-json\/wp\/v2\/types\/post"}],"author":[{"embeddable":true,"href":"https:\/\/planet-randy.com\/blog\/wp-json\/wp\/v2\/users\/3"}],"replies":[{"embeddable":true,"href":"https:\/\/planet-randy.com\/blog\/wp-json\/wp\/v2\/comments?post=10266"}],"version-history":[{"count":1,"href":"https:\/\/planet-randy.com\/blog\/wp-json\/wp\/v2\/posts\/10266\/revisions"}],"predecessor-version":[{"id":10268,"href":"https:\/\/planet-randy.com\/blog\/wp-json\/wp\/v2\/posts\/10266\/revisions\/10268"}],"wp:featuredmedia":[{"embeddable":true,"href":"https:\/\/planet-randy.com\/blog\/wp-json\/wp\/v2\/media\/10267"}],"wp:attachment":[{"href":"https:\/\/planet-randy.com\/blog\/wp-json\/wp\/v2\/media?parent=10266"}],"wp:term":[{"taxonomy":"category","embeddable":true,"href":"https:\/\/planet-randy.com\/blog\/wp-json\/wp\/v2\/categories?post=10266"},{"taxonomy":"post_tag","embeddable":true,"href":"https:\/\/planet-randy.com\/blog\/wp-json\/wp\/v2\/tags?post=10266"}],"curies":[{"name":"wp","href":"https:\/\/api.w.org\/{rel}","templated":true}]}}